{"id":250405,"date":"2025-07-15T00:00:01","date_gmt":"2025-07-15T00:00:01","guid":{"rendered":"https:\/\/www.europesays.com\/fr\/250405\/"},"modified":"2025-07-15T00:00:01","modified_gmt":"2025-07-15T00:00:01","slug":"linkin-park-stade-de-france-11-07-25-reports-rockurlife","status":"publish","type":"post","link":"https:\/\/www.europesays.com\/fr\/250405\/","title":{"rendered":"LINKIN PARK @ Stade de France (11\/07\/25) &#8211; Reports &#8211; RockUrLife"},"content":{"rendered":"<p>Plus de deux heures de show, une setlist \u00e9quilibr\u00e9e entre nouveaut\u00e9s et classiques, et un public qui continue de chanter sur le chemin du retour. <strong>Linkin Park<\/strong> n\u2019a pas seulement rempli le <strong>Stade de France<\/strong> : il l\u2019a fait vibrer. Retour sur cette soir\u00e9e forte en \u00e9motions dans le cadre de la tourn\u00e9e <strong>From Zero World Tour<\/strong>.<\/p>\n<p>JPEGMafia<\/p>\n<p>\u00c0 19h pr\u00e9cises, <strong>JPEGMAFIA<\/strong> donne le coup d\u2019envoi de la soir\u00e9e avec un grand bang. Le rappeur am\u00e9ricain livre un set dense, exp\u00e9rimental, parfois d\u00e9routant. Casquette viss\u00e9e sur la t\u00eate, lunettes noires et chemise en cuir, il encha\u00eene les morceaux avec une \u00e9nergie brute, alternant entre chant rapp\u00e9 et vocodeur.<\/p>\n<p>Le public, encore en train de s\u2019installer, reste globalement r\u00e9serv\u00e9. Quelques applaudissements polis, peu de mouvements dans la fosse. Mais l\u2019univers sonore de <strong>JPEGMafia,<\/strong> m\u00ealant hip hop abrasif et textures rock (guitare, basse, batterie), n\u2019est pas si \u00e9loign\u00e9 de celui de <strong>Linkin Park<\/strong>. Une entr\u00e9e en mati\u00e8re audacieuse, coh\u00e9rente dans l\u2019esprit, m\u00eame si elle ne d\u00e9clenche pas encore l\u2019adh\u00e9sion g\u00e9n\u00e9rale.<\/p>\n<p><a href=\"https:\/\/www.europesays.com\/fr\/wp-content\/uploads\/2025\/07\/LINKIN-PARK-4.jpg\"><img loading=\"lazy\" decoding=\"async\" width=\"800\" height=\"533\" src=\"https:\/\/www.europesays.com\/fr\/wp-content\/uploads\/2025\/07\/LINKIN-PARK-4.jpg\" alt=\"\" class=\"wp-image-224220\"\/><\/a><br \/>One Ok Rock<\/p>\n<p>\u00c0 19h50, changement d\u2019ambiance avec <strong>ONE OK ROCK<\/strong>. Le groupe japonais, emmen\u00e9 par <strong>Taka<\/strong>, entre en sc\u00e8ne sur une animation visuelle soign\u00e9e. Le chanteur arbore un T-shirt <strong>Linkin Park<\/strong> de l\u2019\u00e9poque <strong>Meteora<\/strong>, clin d\u2019\u0153il assum\u00e9 \u00e0 la t\u00eate d\u2019affiche du soir.<\/p>\n<p>D\u00e8s les premi\u00e8res notes, l\u2019ambiance monte d\u2019un cran. Le public frappe des mains, les refrains sont repris timidement, et l\u2019\u00e9nergie sc\u00e9nique du groupe fait mouche. <strong>Taka<\/strong> occupe toute la sc\u00e8ne, y compris l\u2019avanc\u00e9e, et multiplie les interactions avec le public, en anglais et m\u00eame en japonais, salu\u00e9 par des applaudissements, (m\u00eame si peu semblent r\u00e9ellement comprendre !).<\/p>\n<p><a href=\"https:\/\/www.europesays.com\/fr\/wp-content\/uploads\/2025\/07\/LINKIN-PARK-10.jpg\"><img loading=\"lazy\" decoding=\"async\" width=\"533\" height=\"800\" src=\"https:\/\/www.europesays.com\/fr\/wp-content\/uploads\/2025\/07\/LINKIN-PARK-10.jpg\" alt=\"\" class=\"wp-image-224212\"\/><\/a><a href=\"https:\/\/www.europesays.com\/fr\/wp-content\/uploads\/2025\/07\/LINKIN-PARK-18.jpg\"><img loading=\"lazy\" decoding=\"async\" width=\"533\" height=\"800\" src=\"https:\/\/www.europesays.com\/fr\/wp-content\/uploads\/2025\/07\/LINKIN-PARK-18.jpg\" alt=\"\" class=\"wp-image-224246\"\/><\/a><\/p>\n<p>Le set, tr\u00e8s calibr\u00e9 pour les grandes salles, alterne entre pop rock efficace et passages plus intenses, avec quelques screams bien plac\u00e9s. \u201cSave Yourself\u201d et \u201cDelusion:All\u201d fonctionnent particuli\u00e8rement bien. La voix de <strong>Taka<\/strong> montre quelques signes de fatigue sur la fin, mais l\u2019enthousiasme reste intact.<\/p>\n<p>Avant le dernier morceau, le chanteur prend le temps de raconter une partie de leur parcours, leur installation \u00e0 <strong>Los Angeles<\/strong> il y a dix ans, et leur collaboration avec <strong>Colin Brittain<\/strong>, batteur de <strong>Linkin Park<\/strong>. Ce dernier les rejoint sur sc\u00e8ne pour \u201cWe Are\u201d, tube au <strong>Japon<\/strong>, dans une belle d\u00e9monstration de complicit\u00e9. Une fin de set dynamique et chaleureuse, qui pr\u00e9pare parfaitement le terrain pour la suite.<\/p>\n<p><a href=\"https:\/\/www.europesays.com\/fr\/wp-content\/uploads\/2025\/07\/LINKIN-PARK-8.jpg\"><img loading=\"lazy\" decoding=\"async\" width=\"800\" height=\"533\" src=\"https:\/\/www.europesays.com\/fr\/wp-content\/uploads\/2025\/07\/LINKIN-PARK-8.jpg\" alt=\"\" class=\"wp-image-224216\"\/><\/a><a href=\"https:\/\/www.europesays.com\/fr\/wp-content\/uploads\/2025\/07\/LINKIN-PARK-13.jpg\"><img loading=\"lazy\" decoding=\"async\" width=\"800\" height=\"533\" src=\"https:\/\/www.europesays.com\/fr\/wp-content\/uploads\/2025\/07\/LINKIN-PARK-13.jpg\" alt=\"\" class=\"wp-image-224222\"\/><\/a>Linkin Park : un groupe en pleine puissance et un public plus que conquis<\/p>\n<p>L\u2019attente est bon enfant dans le stade en attendant la t\u00eate d\u2019affiche : ola, tentative de cr\u00e9ation d\u2019une tour de gobelets dans la fosse\u2026 On ne s\u2019ennuie pas ! \u00c0 l\u2019\u00e9cran, un compte \u00e0 rebours de dix minutes fait monter la tension. On entend r\u00e9sonner le th\u00e8me de la s\u00e9rie <strong>Emily In Paris<\/strong>, puis, un peu plus surprenant, le g\u00e9n\u00e9rique du dessin anim\u00e9 <strong>Caillou<\/strong>. Enfin, dans un jeu de lasers et de distorsions visuelles, les musiciens entrent en sc\u00e8ne. Les premi\u00e8res notes de \u201cSomewhere I Belong\u201d lancent le concert. <strong>Emily Armstrong<\/strong>, d\u00e9sormais frontwoman de <strong>LINKIN PARK<\/strong>, laisse le public entonner le refrain. Une habitude qu\u2019elle adoptera plusieurs fois dans la soir\u00e9e. On sent tout de suite une belle complicit\u00e9 entre le groupe et le public.<\/p>\n<p><a href=\"https:\/\/www.europesays.com\/fr\/wp-content\/uploads\/2025\/07\/LINKIN-PARK-26.jpg\"><img loading=\"lazy\" decoding=\"async\" width=\"800\" height=\"533\" src=\"https:\/\/www.europesays.com\/fr\/wp-content\/uploads\/2025\/07\/LINKIN-PARK-26.jpg\" alt=\"\" class=\"wp-image-224238\"\/><\/a><\/p>\n<p>Le d\u00e9but du set alterne entre classiques et nouveaux titres du dernier album <strong><a href=\"https:\/\/www.rockurlife.net\/chroniques\/linkin-park-from-zero\/\" target=\"_blank\" rel=\"noopener\">From Zero<\/a><\/strong>. \u201cCrawling\u201d, \u201cLying From You\u201d, ou encore \u201cThe Emptiness Machine\u201d trouvent leur place dans une premi\u00e8re partie solide, bien accueillie par un auditoire encore en phase d\u2019\u00e9chauffement et qui scande m\u00eame le pr\u00e9nom d\u2019<strong>Emily<\/strong>, comme pour l\u2019encourager.<\/p>\n<p>C\u2019est avec \u201cThe Catalyst\u201d que l\u2019ambiance monte d\u2019un cran : bras lev\u00e9s, confettis, participation massive. \u201cBurn It Down\u201d impressionne visuellement, avec ses teintes orang\u00e9es et ses projections dynamiques. Et le trio \u201cWhere\u2019d You Go\u201d \/ \u201cWaiting For The End\u201d \/ \u201cCastle Of Glass\u201d ralentit le tempo, dans une s\u00e9quence plus introspective, \u00e9clair\u00e9e par les t\u00e9l\u00e9phones portables.<\/p>\n<p><a href=\"https:\/\/www.europesays.com\/fr\/wp-content\/uploads\/2025\/07\/LINKIN-PARK-43.jpg\"><img loading=\"lazy\" decoding=\"async\" width=\"800\" height=\"533\" src=\"https:\/\/www.europesays.com\/fr\/wp-content\/uploads\/2025\/07\/LINKIN-PARK-43.jpg\" alt=\"\" class=\"wp-image-224213\"\/><\/a><\/p>\n<p>Le retour \u00e0 l\u2019\u00e9nergie se fait avec \u201cTwo Faced\u201d, apr\u00e8s une interaction complice entre <strong>Mike Shinoda<\/strong>, <strong>Emily<\/strong> et le public : les moshpits s\u2019ouvrent enfin dans la fosse. A la fin du morceau, <strong>Emily<\/strong> s\u2019\u00e9clipse bri\u00e8vement et <strong>Joe Hahn<\/strong> encha\u00eene avec un solo, suivi d\u2019un moment solo de <strong>Mike<\/strong>. Il descend dans la foule pendant \u201cRemember The Name\u201d et va m\u00eame offrir sa casquette d\u00e9dicac\u00e9e \u00e0 une fan chanceuse.<\/p>\n<p>Le set gagne en intensit\u00e9 avec \u201cOne Step Closer\u201d, rejoint par le chanteur de <strong>One Ok Rock<\/strong>, <strong>Taka<\/strong>. Une pause visuelle (un peu trop longue) marqu\u00e9e par des fissures rouges \u00e0 l\u2019\u00e9cran, et une cam\u00e9ra embarqu\u00e9e dans la fosse survient ensuite, alors que le groupe a quitt\u00e9 la sc\u00e8ne. Mais \u201cLost\u201d relance le concert dans une ambiance plus pos\u00e9e. Puis \u201cWhat I\u2019ve Done\u201d, repris en ch\u0153ur, annonce l\u2019un des passages les plus f\u00e9d\u00e9rateurs et forts de la soir\u00e9e.<\/p>\n<p><a href=\"https:\/\/www.europesays.com\/fr\/wp-content\/uploads\/2025\/07\/LINKIN-PARK-59.jpg\"><img loading=\"lazy\" decoding=\"async\" width=\"800\" height=\"533\" src=\"https:\/\/www.europesays.com\/fr\/wp-content\/uploads\/2025\/07\/LINKIN-PARK-59.jpg\" alt=\"\" class=\"wp-image-224235\"\/><\/a><\/p>\n<p>Un peu avant \u201cNumb\u201d, <strong>Mike Shinoda<\/strong> et <strong>Emily Armstrong <\/strong>s\u2019avancent sur le catwalk pour interagir avec le public. Passage un peu hors du temps : <strong>Mike<\/strong> en profite pour dessiner un tatouage improvis\u00e9 sur le bras d\u2019un fan, pendant qu\u2019<strong>Emily<\/strong> entonne spontan\u00e9ment l\u2019intro de \u201cImmigrant Song\u201d de <strong>Led Zeppelin<\/strong>. Elle s\u2019interrompt rapidement, visiblement surprise de l\u2019avoir lanc\u00e9 devant 80 000 personnes. <strong>Mike <\/strong>rebondit imm\u00e9diatement, encourage le groupe \u00e0 suivre, et quelques mesures du morceau sont jou\u00e9es avant un arr\u00eat net. <strong>Emily<\/strong> encha\u00eene alors, sur le ton de la blague, avec un \u201cThat\u2019s Not My Name\u201d isol\u00e9, sans suite. <strong>Mike<\/strong> demande ensuite au fan de choisir un chiffre entre 1, 2 et 3, cens\u00e9 d\u00e9terminer le style du morceau suivant. Le choix se porte sur le num\u00e9ro 2, et le groupe encha\u00eene avec \u201cNumb\u201d, repris massivement par l\u2019assembl\u00e9e. \u201cIn the End\u201d et \u201cFaint\u201d prolongent cette s\u00e9quence nostalgique, <strong>Emily<\/strong> arborant un b\u00e9ret et un drapeau fran\u00e7ais r\u00e9cup\u00e9r\u00e9s sur l\u2019avanc\u00e9e de la sc\u00e8ne.<\/p>\n<p><a href=\"https:\/\/www.europesays.com\/fr\/wp-content\/uploads\/2025\/07\/LINKIN-PARK-63.jpg\"><img loading=\"lazy\" decoding=\"async\" width=\"533\" height=\"800\" src=\"https:\/\/www.europesays.com\/fr\/wp-content\/uploads\/2025\/07\/LINKIN-PARK-63.jpg\" alt=\"\" class=\"wp-image-224221\"\/><\/a><a href=\"https:\/\/www.europesays.com\/fr\/wp-content\/uploads\/2025\/07\/LINKIN-PARK-38.jpg\"><img loading=\"lazy\" decoding=\"async\" width=\"533\" height=\"800\" src=\"https:\/\/www.europesays.com\/fr\/wp-content\/uploads\/2025\/07\/LINKIN-PARK-38.jpg\" alt=\"\" class=\"wp-image-224245\"\/><\/a><\/p>\n<p>Le rappel est explosif, c\u2019est un encha\u00eenement de morceaux qui font mouche : \u201cPapercut\u201d, \u201cA Place For My Head\u201d, \u201cHeavy Is The Crown\u201d, et enfin \u201cBleed It Out\u201d. L\u2019ensemble des musiciens profitent de ce dernier titre pour rejoindre <strong>Emily <\/strong>et<strong> Mike<\/strong> sur l\u2019avanc\u00e9e. Les adieux prennent leur temps, ponctu\u00e9s de saluts et de remerciements, mais on remarque qu\u2019<strong>Emily Armstrong<\/strong> quitte la sc\u00e8ne l\u00e9g\u00e8rement en avance.<\/p>\n<p><a href=\"https:\/\/www.europesays.com\/fr\/wp-content\/uploads\/2025\/07\/LINKIN-PARK-49.jpg\"><img loading=\"lazy\" decoding=\"async\" width=\"533\" height=\"800\" src=\"https:\/\/www.europesays.com\/fr\/wp-content\/uploads\/2025\/07\/LINKIN-PARK-49.jpg\" alt=\"\" class=\"wp-image-224251\"\/><\/a><a href=\"https:\/\/www.europesays.com\/fr\/wp-content\/uploads\/2025\/07\/LINKIN-PARK-51.jpg\"><img loading=\"lazy\" decoding=\"async\" width=\"533\" height=\"800\" src=\"https:\/\/www.europesays.com\/fr\/wp-content\/uploads\/2025\/07\/LINKIN-PARK-51.jpg\" alt=\"\" class=\"wp-image-224223\"\/><\/a><\/p>\n<p>Il faut maintenant retourner \u00e0 la r\u00e9alit\u00e9, apr\u00e8s une soir\u00e9e bien men\u00e9e, malgr\u00e9 quelques temps morts, o\u00f9 chaque artiste a su trouver sa place. <strong>Linkin Park<\/strong> confirme a nouveau sa solidit\u00e9 sc\u00e9nique, et son public, fid\u00e8le, r\u00e9pond toujours pr\u00e9sent.<\/p>\n<p><a href=\"https:\/\/www.setlist.fm\/setlist\/linkin-park\/2025\/stade-de-france-saint-denis-france-b5ef1c2.html\" title=\"Linkin Park Setlist Stade de France, Saint-Denis, France 2025, From Zero World Tour\" target=\"_blank\" rel=\"noopener\"><img decoding=\"async\" src=\"https:\/\/www.europesays.com\/fr\/wp-content\/uploads\/2025\/07\/1752537561_303_setlist-image-v1\" alt=\"Linkin Park Setlist Stade de France, Saint-Denis, France 2025, From Zero World Tour\" style=\"border: 0;\"\/><\/a><a href=\"https:\/\/www.europesays.com\/fr\/wp-content\/uploads\/2025\/07\/LINKIN-PARK-1.jpg\"><img loading=\"lazy\" decoding=\"async\" width=\"533\" height=\"800\" data-id=\"224198\" src=\"https:\/\/www.europesays.com\/fr\/wp-content\/uploads\/2025\/07\/LINKIN-PARK-1.jpg\" alt=\"\" class=\"wp-image-224198\"\/><\/a><a href=\"https:\/\/www.europesays.com\/fr\/wp-content\/uploads\/2025\/07\/LINKIN-PARK-2.jpg\"><img loading=\"lazy\" decoding=\"async\" width=\"533\" height=\"800\" data-id=\"224197\" src=\"https:\/\/www.europesays.com\/fr\/wp-content\/uploads\/2025\/07\/LINKIN-PARK-2.jpg\" alt=\"\" class=\"wp-image-224197\"\/><\/a><a href=\"https:\/\/www.europesays.com\/fr\/wp-content\/uploads\/2025\/07\/LINKIN-PARK-3.jpg\"><img loading=\"lazy\" decoding=\"async\" width=\"800\" height=\"533\" data-id=\"224218\" src=\"https:\/\/www.europesays.com\/fr\/wp-content\/uploads\/2025\/07\/LINKIN-PARK-3.jpg\" alt=\"\" class=\"wp-image-224218\"\/><\/a><a href=\"https:\/\/www.europesays.com\/fr\/wp-content\/uploads\/2025\/07\/LINKIN-PARK-4.jpg\"><img loading=\"lazy\" decoding=\"async\" width=\"800\" height=\"533\" data-id=\"224220\" src=\"https:\/\/www.europesays.com\/fr\/wp-content\/uploads\/2025\/07\/LINKIN-PARK-4.jpg\" alt=\"\" class=\"wp-image-224220\"\/><\/a><a href=\"https:\/\/www.europesays.com\/fr\/wp-content\/uploads\/2025\/07\/LINKIN-PARK-5.jpg\"><img loading=\"lazy\" decoding=\"async\" width=\"800\" height=\"533\" data-id=\"224196\" src=\"https:\/\/www.europesays.com\/fr\/wp-content\/uploads\/2025\/07\/LINKIN-PARK-5.jpg\" alt=\"\" class=\"wp-image-224196\"\/><\/a><a href=\"https:\/\/www.europesays.com\/fr\/wp-content\/uploads\/2025\/07\/LINKIN-PARK-6.jpg\"><img loading=\"lazy\" decoding=\"async\" width=\"533\" height=\"800\" data-id=\"224240\" src=\"https:\/\/www.europesays.com\/fr\/wp-content\/uploads\/2025\/07\/LINKIN-PARK-6.jpg\" alt=\"\" class=\"wp-image-224240\"\/><\/a><a href=\"https:\/\/www.europesays.com\/fr\/wp-content\/uploads\/2025\/07\/LINKIN-PARK-7.jpg\"><img loading=\"lazy\" decoding=\"async\" width=\"800\" height=\"533\" data-id=\"224237\" src=\"https:\/\/www.europesays.com\/fr\/wp-content\/uploads\/2025\/07\/LINKIN-PARK-7.jpg\" alt=\"\" class=\"wp-image-224237\"\/><\/a><a href=\"https:\/\/www.europesays.com\/fr\/wp-content\/uploads\/2025\/07\/LINKIN-PARK-8.jpg\"><img loading=\"lazy\" decoding=\"async\" width=\"800\" height=\"533\" data-id=\"224216\" src=\"https:\/\/www.europesays.com\/fr\/wp-content\/uploads\/2025\/07\/LINKIN-PARK-8.jpg\" alt=\"\" class=\"wp-image-224216\"\/><\/a><a href=\"https:\/\/www.europesays.com\/fr\/wp-content\/uploads\/2025\/07\/LINKIN-PARK-9.jpg\"><img loading=\"lazy\" decoding=\"async\" width=\"800\" height=\"533\" data-id=\"224226\" src=\"https:\/\/www.europesays.com\/fr\/wp-content\/uploads\/2025\/07\/LINKIN-PARK-9.jpg\" alt=\"\" class=\"wp-image-224226\"\/><\/a><a href=\"https:\/\/www.europesays.com\/fr\/wp-content\/uploads\/2025\/07\/LINKIN-PARK-10.jpg\"><img loading=\"lazy\" decoding=\"async\" width=\"533\" height=\"800\" data-id=\"224212\" src=\"https:\/\/www.europesays.com\/fr\/wp-content\/uploads\/2025\/07\/LINKIN-PARK-10.jpg\" alt=\"\" class=\"wp-image-224212\"\/><\/a><a href=\"https:\/\/www.europesays.com\/fr\/wp-content\/uploads\/2025\/07\/LINKIN-PARK-11.jpg\"><img loading=\"lazy\" decoding=\"async\" width=\"533\" height=\"800\" data-id=\"224194\" src=\"https:\/\/www.europesays.com\/fr\/wp-content\/uploads\/2025\/07\/LINKIN-PARK-11.jpg\" alt=\"\" class=\"wp-image-224194\"\/><\/a><a href=\"https:\/\/www.europesays.com\/fr\/wp-content\/uploads\/2025\/07\/LINKIN-PARK-12.jpg\"><img loading=\"lazy\" decoding=\"async\" width=\"533\" height=\"800\" data-id=\"224201\" src=\"https:\/\/www.europesays.com\/fr\/wp-content\/uploads\/2025\/07\/LINKIN-PARK-12.jpg\" alt=\"\" class=\"wp-image-224201\"\/><\/a><a href=\"https:\/\/www.europesays.com\/fr\/wp-content\/uploads\/2025\/07\/LINKIN-PARK-13.jpg\"><img loading=\"lazy\" decoding=\"async\" width=\"800\" height=\"533\" data-id=\"224222\" src=\"https:\/\/www.europesays.com\/fr\/wp-content\/uploads\/2025\/07\/LINKIN-PARK-13.jpg\" alt=\"\" class=\"wp-image-224222\"\/><\/a><a href=\"https:\/\/www.europesays.com\/fr\/wp-content\/uploads\/2025\/07\/LINKIN-PARK-14.jpg\"><img loading=\"lazy\" decoding=\"async\" width=\"800\" height=\"533\" data-id=\"224202\" src=\"https:\/\/www.europesays.com\/fr\/wp-content\/uploads\/2025\/07\/LINKIN-PARK-14.jpg\" alt=\"\" class=\"wp-image-224202\"\/><\/a><a href=\"https:\/\/www.europesays.com\/fr\/wp-content\/uploads\/2025\/07\/LINKIN-PARK-15.jpg\"><img loading=\"lazy\" decoding=\"async\" width=\"533\" height=\"800\" data-id=\"224203\" src=\"https:\/\/www.europesays.com\/fr\/wp-content\/uploads\/2025\/07\/LINKIN-PARK-15.jpg\" alt=\"\" class=\"wp-image-224203\"\/><\/a><a href=\"https:\/\/www.europesays.com\/fr\/wp-content\/uploads\/2025\/07\/LINKIN-PARK-16.jpg\"><img loading=\"lazy\" decoding=\"async\" width=\"800\" height=\"533\" data-id=\"224217\" src=\"https:\/\/www.europesays.com\/fr\/wp-content\/uploads\/2025\/07\/LINKIN-PARK-16.jpg\" alt=\"\" class=\"wp-image-224217\"\/><\/a><a href=\"https:\/\/www.europesays.com\/fr\/wp-content\/uploads\/2025\/07\/LINKIN-PARK-17.jpg\"><img loading=\"lazy\" decoding=\"async\" width=\"533\" height=\"800\" data-id=\"224206\" src=\"https:\/\/www.europesays.com\/fr\/wp-content\/uploads\/2025\/07\/LINKIN-PARK-17.jpg\" alt=\"\" class=\"wp-image-224206\"\/><\/a><a href=\"https:\/\/www.europesays.com\/fr\/wp-content\/uploads\/2025\/07\/LINKIN-PARK-18.jpg\"><img loading=\"lazy\" decoding=\"async\" width=\"533\" height=\"800\" data-id=\"224246\" src=\"https:\/\/www.europesays.com\/fr\/wp-content\/uploads\/2025\/07\/LINKIN-PARK-18.jpg\" alt=\"\" class=\"wp-image-224246\"\/><\/a><a href=\"https:\/\/www.europesays.com\/fr\/wp-content\/uploads\/2025\/07\/LINKIN-PARK-19.jpg\"><img loading=\"lazy\" decoding=\"async\" width=\"533\" height=\"800\" data-id=\"224254\" src=\"https:\/\/www.europesays.com\/fr\/wp-content\/uploads\/2025\/07\/LINKIN-PARK-19.jpg\" alt=\"\" class=\"wp-image-224254\"\/><\/a><a href=\"https:\/\/www.europesays.com\/fr\/wp-content\/uploads\/2025\/07\/LINKIN-PARK-20.jpg\"><img loading=\"lazy\" decoding=\"async\" width=\"800\" height=\"533\" data-id=\"224256\" src=\"https:\/\/www.europesays.com\/fr\/wp-content\/uploads\/2025\/07\/LINKIN-PARK-20.jpg\" alt=\"\" class=\"wp-image-224256\"\/><\/a><a href=\"https:\/\/www.europesays.com\/fr\/wp-content\/uploads\/2025\/07\/LINKIN-PARK-21.jpg\"><img loading=\"lazy\" decoding=\"async\" width=\"800\" height=\"533\" data-id=\"224261\" src=\"https:\/\/www.europesays.com\/fr\/wp-content\/uploads\/2025\/07\/LINKIN-PARK-21.jpg\" alt=\"\" class=\"wp-image-224261\"\/><\/a><a href=\"https:\/\/www.europesays.com\/fr\/wp-content\/uploads\/2025\/07\/LINKIN-PARK-22.jpg\"><img loading=\"lazy\" decoding=\"async\" width=\"800\" height=\"533\" data-id=\"224248\" src=\"https:\/\/www.europesays.com\/fr\/wp-content\/uploads\/2025\/07\/LINKIN-PARK-22.jpg\" alt=\"\" class=\"wp-image-224248\"\/><\/a><a href=\"https:\/\/www.europesays.com\/fr\/wp-content\/uploads\/2025\/07\/LINKIN-PARK-23.jpg\"><img loading=\"lazy\" decoding=\"async\" width=\"533\" height=\"800\" data-id=\"224258\" src=\"https:\/\/www.europesays.com\/fr\/wp-content\/uploads\/2025\/07\/LINKIN-PARK-23.jpg\" alt=\"\" class=\"wp-image-224258\"\/><\/a><a href=\"https:\/\/www.europesays.com\/fr\/wp-content\/uploads\/2025\/07\/LINKIN-PARK-24.jpg\"><img loading=\"lazy\" decoding=\"async\" width=\"800\" height=\"533\" data-id=\"224244\" src=\"https:\/\/www.europesays.com\/fr\/wp-content\/uploads\/2025\/07\/LINKIN-PARK-24.jpg\" alt=\"\" class=\"wp-image-224244\"\/><\/a><a href=\"https:\/\/www.europesays.com\/fr\/wp-content\/uploads\/2025\/07\/LINKIN-PARK-25.jpg\"><img loading=\"lazy\" decoding=\"async\" width=\"533\" height=\"800\" data-id=\"224208\" src=\"https:\/\/www.europesays.com\/fr\/wp-content\/uploads\/2025\/07\/LINKIN-PARK-25.jpg\" alt=\"\" class=\"wp-image-224208\"\/><\/a><a href=\"https:\/\/www.europesays.com\/fr\/wp-content\/uploads\/2025\/07\/LINKIN-PARK-26.jpg\"><img loading=\"lazy\" decoding=\"async\" width=\"800\" height=\"533\" data-id=\"224238\" src=\"https:\/\/www.europesays.com\/fr\/wp-content\/uploads\/2025\/07\/LINKIN-PARK-26.jpg\" alt=\"\" class=\"wp-image-224238\"\/><\/a><a href=\"https:\/\/www.europesays.com\/fr\/wp-content\/uploads\/2025\/07\/LINKIN-PARK-27.jpg\"><img loading=\"lazy\" decoding=\"async\" width=\"533\" height=\"800\" data-id=\"224227\" src=\"https:\/\/www.europesays.com\/fr\/wp-content\/uploads\/2025\/07\/LINKIN-PARK-27.jpg\" alt=\"\" class=\"wp-image-224227\"\/><\/a><a href=\"https:\/\/www.europesays.com\/fr\/wp-content\/uploads\/2025\/07\/LINKIN-PARK-28.jpg\"><img loading=\"lazy\" decoding=\"async\" width=\"800\" height=\"533\" data-id=\"224195\" src=\"https:\/\/www.europesays.com\/fr\/wp-content\/uploads\/2025\/07\/LINKIN-PARK-28.jpg\" alt=\"\" class=\"wp-image-224195\"\/><\/a><a href=\"https:\/\/www.europesays.com\/fr\/wp-content\/uploads\/2025\/07\/LINKIN-PARK-29.jpg\"><img loading=\"lazy\" decoding=\"async\" width=\"533\" height=\"800\" data-id=\"224209\" src=\"https:\/\/www.europesays.com\/fr\/wp-content\/uploads\/2025\/07\/LINKIN-PARK-29.jpg\" alt=\"\" class=\"wp-image-224209\"\/><\/a><a href=\"https:\/\/www.europesays.com\/fr\/wp-content\/uploads\/2025\/07\/LINKIN-PARK-30.jpg\"><img loading=\"lazy\" decoding=\"async\" width=\"533\" height=\"800\" data-id=\"224211\" src=\"https:\/\/www.europesays.com\/fr\/wp-content\/uploads\/2025\/07\/LINKIN-PARK-30.jpg\" alt=\"\" class=\"wp-image-224211\"\/><\/a><a href=\"https:\/\/www.europesays.com\/fr\/wp-content\/uploads\/2025\/07\/LINKIN-PARK-31.jpg\"><img loading=\"lazy\" decoding=\"async\" width=\"800\" height=\"533\" data-id=\"224214\" src=\"https:\/\/www.europesays.com\/fr\/wp-content\/uploads\/2025\/07\/LINKIN-PARK-31.jpg\" alt=\"\" class=\"wp-image-224214\"\/><\/a><a href=\"https:\/\/www.europesays.com\/fr\/wp-content\/uploads\/2025\/07\/LINKIN-PARK-32.jpg\"><img loading=\"lazy\" decoding=\"async\" width=\"800\" height=\"533\" data-id=\"224205\" src=\"https:\/\/www.europesays.com\/fr\/wp-content\/uploads\/2025\/07\/LINKIN-PARK-32.jpg\" alt=\"\" class=\"wp-image-224205\"\/><\/a><a href=\"https:\/\/www.europesays.com\/fr\/wp-content\/uploads\/2025\/07\/LINKIN-PARK-33.jpg\"><img loading=\"lazy\" decoding=\"async\" width=\"533\" height=\"800\" data-id=\"224199\" src=\"https:\/\/www.europesays.com\/fr\/wp-content\/uploads\/2025\/07\/LINKIN-PARK-33.jpg\" alt=\"\" class=\"wp-image-224199\"\/><\/a><a href=\"https:\/\/www.europesays.com\/fr\/wp-content\/uploads\/2025\/07\/LINKIN-PARK-34.jpg\"><img loading=\"lazy\" decoding=\"async\" width=\"533\" height=\"800\" data-id=\"224259\" src=\"https:\/\/www.europesays.com\/fr\/wp-content\/uploads\/2025\/07\/LINKIN-PARK-34.jpg\" alt=\"\" class=\"wp-image-224259\"\/><\/a><a href=\"https:\/\/www.europesays.com\/fr\/wp-content\/uploads\/2025\/07\/LINKIN-PARK-35.jpg\"><img loading=\"lazy\" decoding=\"async\" width=\"800\" height=\"533\" data-id=\"224241\" src=\"https:\/\/www.europesays.com\/fr\/wp-content\/uploads\/2025\/07\/LINKIN-PARK-35.jpg\" alt=\"\" class=\"wp-image-224241\"\/><\/a><a href=\"https:\/\/www.europesays.com\/fr\/wp-content\/uploads\/2025\/07\/LINKIN-PARK-36.jpg\"><img loading=\"lazy\" decoding=\"async\" width=\"800\" height=\"533\" data-id=\"224250\" src=\"https:\/\/www.europesays.com\/fr\/wp-content\/uploads\/2025\/07\/LINKIN-PARK-36.jpg\" alt=\"\" class=\"wp-image-224250\"\/><\/a><a href=\"https:\/\/www.europesays.com\/fr\/wp-content\/uploads\/2025\/07\/LINKIN-PARK-37.jpg\"><img loading=\"lazy\" decoding=\"async\" width=\"533\" height=\"800\" data-id=\"224215\" src=\"https:\/\/www.europesays.com\/fr\/wp-content\/uploads\/2025\/07\/LINKIN-PARK-37.jpg\" alt=\"\" class=\"wp-image-224215\"\/><\/a><a href=\"https:\/\/www.europesays.com\/fr\/wp-content\/uploads\/2025\/07\/LINKIN-PARK-38.jpg\"><img loading=\"lazy\" decoding=\"async\" width=\"533\" height=\"800\" data-id=\"224245\" src=\"https:\/\/www.europesays.com\/fr\/wp-content\/uploads\/2025\/07\/LINKIN-PARK-38.jpg\" alt=\"\" class=\"wp-image-224245\"\/><\/a><a href=\"https:\/\/www.europesays.com\/fr\/wp-content\/uploads\/2025\/07\/LINKIN-PARK-39.jpg\"><img loading=\"lazy\" decoding=\"async\" width=\"800\" height=\"533\" data-id=\"224228\" src=\"https:\/\/www.europesays.com\/fr\/wp-content\/uploads\/2025\/07\/LINKIN-PARK-39.jpg\" alt=\"\" class=\"wp-image-224228\"\/><\/a><a href=\"https:\/\/www.europesays.com\/fr\/wp-content\/uploads\/2025\/07\/LINKIN-PARK-40.jpg\"><img loading=\"lazy\" decoding=\"async\" width=\"800\" height=\"533\" data-id=\"224200\" src=\"https:\/\/www.europesays.com\/fr\/wp-content\/uploads\/2025\/07\/LINKIN-PARK-40.jpg\" alt=\"\" class=\"wp-image-224200\"\/><\/a><a href=\"https:\/\/www.europesays.com\/fr\/wp-content\/uploads\/2025\/07\/LINKIN-PARK-41.jpg\"><img loading=\"lazy\" decoding=\"async\" width=\"800\" height=\"533\" data-id=\"224204\" src=\"https:\/\/www.europesays.com\/fr\/wp-content\/uploads\/2025\/07\/LINKIN-PARK-41.jpg\" alt=\"\" class=\"wp-image-224204\"\/><\/a><a href=\"https:\/\/www.europesays.com\/fr\/wp-content\/uploads\/2025\/07\/LINKIN-PARK-42.jpg\"><img loading=\"lazy\" decoding=\"async\" width=\"800\" height=\"533\" data-id=\"224207\" src=\"https:\/\/www.europesays.com\/fr\/wp-content\/uploads\/2025\/07\/LINKIN-PARK-42.jpg\" alt=\"\" class=\"wp-image-224207\"\/><\/a><a href=\"https:\/\/www.europesays.com\/fr\/wp-content\/uploads\/2025\/07\/LINKIN-PARK-43.jpg\"><img loading=\"lazy\" decoding=\"async\" width=\"800\" height=\"533\" data-id=\"224213\" src=\"https:\/\/www.europesays.com\/fr\/wp-content\/uploads\/2025\/07\/LINKIN-PARK-43.jpg\" alt=\"\" class=\"wp-image-224213\"\/><\/a><a href=\"https:\/\/www.europesays.com\/fr\/wp-content\/uploads\/2025\/07\/LINKIN-PARK-44.jpg\"><img loading=\"lazy\" decoding=\"async\" width=\"533\" height=\"800\" data-id=\"224230\" src=\"https:\/\/www.europesays.com\/fr\/wp-content\/uploads\/2025\/07\/LINKIN-PARK-44.jpg\" alt=\"\" class=\"wp-image-224230\"\/><\/a><a href=\"https:\/\/www.europesays.com\/fr\/wp-content\/uploads\/2025\/07\/LINKIN-PARK-45.jpg\"><img loading=\"lazy\" decoding=\"async\" width=\"800\" height=\"533\" data-id=\"224242\" src=\"https:\/\/www.europesays.com\/fr\/wp-content\/uploads\/2025\/07\/LINKIN-PARK-45.jpg\" alt=\"\" class=\"wp-image-224242\"\/><\/a><a href=\"https:\/\/www.europesays.com\/fr\/wp-content\/uploads\/2025\/07\/LINKIN-PARK-46.jpg\"><img loading=\"lazy\" decoding=\"async\" width=\"533\" height=\"800\" data-id=\"224229\" src=\"https:\/\/www.europesays.com\/fr\/wp-content\/uploads\/2025\/07\/LINKIN-PARK-46.jpg\" alt=\"\" class=\"wp-image-224229\"\/><\/a><a href=\"https:\/\/www.europesays.com\/fr\/wp-content\/uploads\/2025\/07\/LINKIN-PARK-47.jpg\"><img loading=\"lazy\" decoding=\"async\" width=\"800\" height=\"533\" data-id=\"224233\" src=\"https:\/\/www.europesays.com\/fr\/wp-content\/uploads\/2025\/07\/LINKIN-PARK-47.jpg\" alt=\"\" class=\"wp-image-224233\"\/><\/a><a href=\"https:\/\/www.europesays.com\/fr\/wp-content\/uploads\/2025\/07\/LINKIN-PARK-48.jpg\"><img loading=\"lazy\" decoding=\"async\" width=\"800\" height=\"533\" data-id=\"224253\" src=\"https:\/\/www.europesays.com\/fr\/wp-content\/uploads\/2025\/07\/LINKIN-PARK-48.jpg\" alt=\"\" class=\"wp-image-224253\"\/><\/a><a href=\"https:\/\/www.europesays.com\/fr\/wp-content\/uploads\/2025\/07\/LINKIN-PARK-49.jpg\"><img loading=\"lazy\" decoding=\"async\" width=\"533\" height=\"800\" data-id=\"224251\" src=\"https:\/\/www.europesays.com\/fr\/wp-content\/uploads\/2025\/07\/LINKIN-PARK-49.jpg\" alt=\"\" class=\"wp-image-224251\"\/><\/a><a href=\"https:\/\/www.europesays.com\/fr\/wp-content\/uploads\/2025\/07\/LINKIN-PARK-50.jpg\"><img loading=\"lazy\" decoding=\"async\" width=\"800\" height=\"533\" data-id=\"224243\" src=\"https:\/\/www.europesays.com\/fr\/wp-content\/uploads\/2025\/07\/LINKIN-PARK-50.jpg\" alt=\"\" class=\"wp-image-224243\"\/><\/a><a href=\"https:\/\/www.europesays.com\/fr\/wp-content\/uploads\/2025\/07\/LINKIN-PARK-51.jpg\"><img loading=\"lazy\" decoding=\"async\" width=\"533\" height=\"800\" data-id=\"224223\" src=\"https:\/\/www.europesays.com\/fr\/wp-content\/uploads\/2025\/07\/LINKIN-PARK-51.jpg\" alt=\"\" class=\"wp-image-224223\"\/><\/a><a href=\"https:\/\/www.europesays.com\/fr\/wp-content\/uploads\/2025\/07\/LINKIN-PARK-52.jpg\"><img loading=\"lazy\" decoding=\"async\" width=\"800\" height=\"533\" data-id=\"224252\" src=\"https:\/\/www.europesays.com\/fr\/wp-content\/uploads\/2025\/07\/LINKIN-PARK-52.jpg\" alt=\"\" class=\"wp-image-224252\"\/><\/a><a href=\"https:\/\/www.europesays.com\/fr\/wp-content\/uploads\/2025\/07\/LINKIN-PARK-53.jpg\"><img loading=\"lazy\" decoding=\"async\" width=\"800\" height=\"533\" data-id=\"224231\" src=\"https:\/\/www.europesays.com\/fr\/wp-content\/uploads\/2025\/07\/LINKIN-PARK-53.jpg\" alt=\"\" class=\"wp-image-224231\"\/><\/a><a href=\"https:\/\/www.europesays.com\/fr\/wp-content\/uploads\/2025\/07\/LINKIN-PARK-54.jpg\"><img loading=\"lazy\" decoding=\"async\" width=\"800\" height=\"533\" data-id=\"224224\" src=\"https:\/\/www.europesays.com\/fr\/wp-content\/uploads\/2025\/07\/LINKIN-PARK-54.jpg\" alt=\"\" class=\"wp-image-224224\"\/><\/a><a href=\"https:\/\/www.europesays.com\/fr\/wp-content\/uploads\/2025\/07\/LINKIN-PARK-55.jpg\"><img loading=\"lazy\" decoding=\"async\" width=\"800\" height=\"533\" data-id=\"224236\" src=\"https:\/\/www.europesays.com\/fr\/wp-content\/uploads\/2025\/07\/LINKIN-PARK-55.jpg\" alt=\"\" class=\"wp-image-224236\"\/><\/a><a href=\"https:\/\/www.europesays.com\/fr\/wp-content\/uploads\/2025\/07\/LINKIN-PARK-56.jpg\"><img loading=\"lazy\" decoding=\"async\" width=\"800\" height=\"533\" data-id=\"224219\" src=\"https:\/\/www.europesays.com\/fr\/wp-content\/uploads\/2025\/07\/LINKIN-PARK-56.jpg\" alt=\"\" class=\"wp-image-224219\"\/><\/a><a href=\"https:\/\/www.europesays.com\/fr\/wp-content\/uploads\/2025\/07\/LINKIN-PARK-57.jpg\"><img loading=\"lazy\" decoding=\"async\" width=\"800\" height=\"533\" data-id=\"224234\" src=\"https:\/\/www.europesays.com\/fr\/wp-content\/uploads\/2025\/07\/LINKIN-PARK-57.jpg\" alt=\"\" class=\"wp-image-224234\"\/><\/a><a href=\"https:\/\/www.europesays.com\/fr\/wp-content\/uploads\/2025\/07\/LINKIN-PARK-58.jpg\"><img loading=\"lazy\" decoding=\"async\" width=\"800\" height=\"533\" data-id=\"224210\" src=\"https:\/\/www.europesays.com\/fr\/wp-content\/uploads\/2025\/07\/LINKIN-PARK-58.jpg\" alt=\"\" class=\"wp-image-224210\"\/><\/a><a href=\"https:\/\/www.europesays.com\/fr\/wp-content\/uploads\/2025\/07\/LINKIN-PARK-59.jpg\"><img loading=\"lazy\" decoding=\"async\" width=\"800\" height=\"533\" data-id=\"224235\" src=\"https:\/\/www.europesays.com\/fr\/wp-content\/uploads\/2025\/07\/LINKIN-PARK-59.jpg\" alt=\"\" class=\"wp-image-224235\"\/><\/a><a href=\"https:\/\/www.europesays.com\/fr\/wp-content\/uploads\/2025\/07\/LINKIN-PARK-60.jpg\"><img loading=\"lazy\" decoding=\"async\" width=\"800\" height=\"533\" data-id=\"224247\" src=\"https:\/\/www.europesays.com\/fr\/wp-content\/uploads\/2025\/07\/LINKIN-PARK-60.jpg\" alt=\"\" class=\"wp-image-224247\"\/><\/a><a href=\"https:\/\/www.europesays.com\/fr\/wp-content\/uploads\/2025\/07\/LINKIN-PARK-61.jpg\"><img loading=\"lazy\" decoding=\"async\" width=\"800\" height=\"533\" data-id=\"224257\" src=\"https:\/\/www.europesays.com\/fr\/wp-content\/uploads\/2025\/07\/LINKIN-PARK-61.jpg\" alt=\"\" class=\"wp-image-224257\"\/><\/a><a href=\"https:\/\/www.europesays.com\/fr\/wp-content\/uploads\/2025\/07\/LINKIN-PARK-62.jpg\"><img loading=\"lazy\" decoding=\"async\" width=\"800\" height=\"533\" data-id=\"224239\" src=\"https:\/\/www.europesays.com\/fr\/wp-content\/uploads\/2025\/07\/LINKIN-PARK-62.jpg\" alt=\"\" class=\"wp-image-224239\"\/><\/a><a href=\"https:\/\/www.europesays.com\/fr\/wp-content\/uploads\/2025\/07\/LINKIN-PARK-63.jpg\"><img loading=\"lazy\" decoding=\"async\" width=\"533\" height=\"800\" data-id=\"224221\" src=\"https:\/\/www.europesays.com\/fr\/wp-content\/uploads\/2025\/07\/LINKIN-PARK-63.jpg\" alt=\"\" class=\"wp-image-224221\"\/><\/a><a href=\"https:\/\/www.europesays.com\/fr\/wp-content\/uploads\/2025\/07\/LINKIN-PARK-64.jpg\"><img loading=\"lazy\" decoding=\"async\" width=\"533\" height=\"800\" data-id=\"224260\" src=\"https:\/\/www.europesays.com\/fr\/wp-content\/uploads\/2025\/07\/LINKIN-PARK-64.jpg\" alt=\"\" class=\"wp-image-224260\"\/><\/a><a href=\"https:\/\/www.europesays.com\/fr\/wp-content\/uploads\/2025\/07\/LINKIN-PARK-65.jpg\"><img loading=\"lazy\" decoding=\"async\" width=\"533\" height=\"800\" data-id=\"224249\" src=\"https:\/\/www.europesays.com\/fr\/wp-content\/uploads\/2025\/07\/LINKIN-PARK-65.jpg\" alt=\"\" class=\"wp-image-224249\"\/><\/a><a href=\"https:\/\/www.europesays.com\/fr\/wp-content\/uploads\/2025\/07\/LINKIN-PARK-66.jpg\"><img loading=\"lazy\" decoding=\"async\" width=\"800\" height=\"533\" data-id=\"224225\" src=\"https:\/\/www.europesays.com\/fr\/wp-content\/uploads\/2025\/07\/LINKIN-PARK-66.jpg\" alt=\"\" class=\"wp-image-224225\"\/><\/a><a href=\"https:\/\/www.europesays.com\/fr\/wp-content\/uploads\/2025\/07\/LINKIN-PARK-67.jpg\"><img loading=\"lazy\" decoding=\"async\" width=\"800\" height=\"533\" data-id=\"224232\" src=\"https:\/\/www.europesays.com\/fr\/wp-content\/uploads\/2025\/07\/LINKIN-PARK-67.jpg\" alt=\"\" class=\"wp-image-224232\"\/><\/a><a href=\"https:\/\/www.europesays.com\/fr\/wp-content\/uploads\/2025\/07\/LINKIN-PARK-68.jpg\"><img loading=\"lazy\" decoding=\"async\" width=\"800\" height=\"533\" data-id=\"224255\" src=\"https:\/\/www.europesays.com\/fr\/wp-content\/uploads\/2025\/07\/LINKIN-PARK-68.jpg\" alt=\"\" class=\"wp-image-224255\"\/><\/a><\/p>\n","protected":false},"excerpt":{"rendered":"Plus de deux heures de show, une setlist \u00e9quilibr\u00e9e entre nouveaut\u00e9s et classiques, et un public qui continue&hellip;\n","protected":false},"author":2,"featured_media":250406,"comment_status":"","ping_status":"","sticky":false,"template":"","format":"standard","meta":{"footnotes":""},"categories":[4],"tags":[11,39056,1011,27,39057,26796,39058,25300,39059,12,39060,39061,24384,25,14478],"class_list":{"0":"post-250405","1":"post","2":"type-post","3":"status-publish","4":"format-standard","5":"has-post-thumbnail","7":"category-france","8":"tag-actualites","9":"tag-emily-armstrong","10":"tag-fr","11":"tag-france","12":"tag-from-zero","13":"tag-from-zero-world-tour","14":"tag-jpegmafia","15":"tag-linkin-park","16":"tag-mike-shinoda","17":"tag-news","18":"tag-nu-metal","19":"tag-one-ok-rock","20":"tag-report","21":"tag-republique-francaise","22":"tag-stade-de-france"},"share_on_mastodon":{"url":"","error":""},"_links":{"self":[{"href":"https:\/\/www.europesays.com\/fr\/wp-json\/wp\/v2\/posts\/250405","targetHints":{"allow":["GET"]}}],"collection":[{"href":"https:\/\/www.europesays.com\/fr\/wp-json\/wp\/v2\/posts"}],"about":[{"href":"https:\/\/www.europesays.com\/fr\/wp-json\/wp\/v2\/types\/post"}],"author":[{"embeddable":true,"href":"https:\/\/www.europesays.com\/fr\/wp-json\/wp\/v2\/users\/2"}],"replies":[{"embeddable":true,"href":"https:\/\/www.europesays.com\/fr\/wp-json\/wp\/v2\/comments?post=250405"}],"version-history":[{"count":0,"href":"https:\/\/www.europesays.com\/fr\/wp-json\/wp\/v2\/posts\/250405\/revisions"}],"wp:featuredmedia":[{"embeddable":true,"href":"https:\/\/www.europesays.com\/fr\/wp-json\/wp\/v2\/media\/250406"}],"wp:attachment":[{"href":"https:\/\/www.europesays.com\/fr\/wp-json\/wp\/v2\/media?parent=250405"}],"wp:term":[{"taxonomy":"category","embeddable":true,"href":"https:\/\/www.europesays.com\/fr\/wp-json\/wp\/v2\/categories?post=250405"},{"taxonomy":"post_tag","embeddable":true,"href":"https:\/\/www.europesays.com\/fr\/wp-json\/wp\/v2\/tags?post=250405"}],"curies":[{"name":"wp","href":"https:\/\/api.w.org\/{rel}","templated":true}]}}