{"id":25041,"date":"2025-04-14T19:41:12","date_gmt":"2025-04-14T19:41:12","guid":{"rendered":"https:\/\/www.europesays.com\/fr\/25041\/"},"modified":"2025-04-14T19:41:12","modified_gmt":"2025-04-14T19:41:12","slug":"katy-perry-file-ce-lundi-dans-lespace-avec-une-fusee-de-jeff-bezos","status":"publish","type":"post","link":"https:\/\/www.europesays.com\/fr\/25041\/","title":{"rendered":"Katy Perry file ce lundi dans l\u2019espace avec une fus\u00e9e de Jeff Bezos"},"content":{"rendered":"<p><a href=\"https:\/\/www.20minutes.fr\/arts-stars\/people\/katy_perry\/\" target=\"_blank\" class=\"color-ultramarine c-link\" rel=\"nofollow noopener\">Katy Perry<\/a> va se rapprocher des \u00e9toiles. La chanteuse am\u00e9ricaine va pour cela embarquer ce lundi dans une fus\u00e9e 100\u00a0% f\u00e9minine pour un bref voyage dans l\u2019espace, une aventure propos\u00e9e par <a href=\"https:\/\/www.20minutes.fr\/dossier\/jeff_bezos\" target=\"_blank\" class=\"color-ultramarine c-link\" rel=\"nofollow noopener\">Jeff Bezos<\/a>.<\/p>\n<p>Artiste incontournable la pop am\u00e9ricaine, Katy Perry va s\u2019envoler \u00e0 plus de 100 kilom\u00e8tres d\u2019altitude \u00e0 bord d\u2019une fus\u00e9e de Blue Origin, l\u2019entreprise spatiale du fondateur d\u2019Amazon. Elle embarquera aux c\u00f4t\u00e9s de cinq autres femmes, dont <a href=\"https:\/\/www.20minutes.fr\/arts-stars\/people\/4146052-20250330-italie-ville-bloquee-trump-venise-fustige-fake-news-mariage-jeff-bezos\" target=\"_blank\" class=\"color-ultramarine c-link\" rel=\"nofollow noopener\">Lauren Sanchez, la fianc\u00e9e de Jeff Bezos<\/a>, depuis l\u2019ouest du Texas. Le d\u00e9collage doit se tenir \u00e0 partir de 08h30 locales (15h30 \u00e0 Paris).<\/p>\n<\/p>\n<p>Une exp\u00e9rience d\u2019une dizaine de minutes<\/p>\n<p>La fus\u00e9e enti\u00e8rement automatis\u00e9e d\u00e9collera \u00e0 la verticale et la capsule se d\u00e9tachera en vol, avant de retomber sur Terre frein\u00e9e par des parachutes et un r\u00e9tropropulseur. Lors de cette exp\u00e9rience d\u2019une dizaine de minutes au total, les six passag\u00e8res d\u00e9passeront la ligne de Karman, qui marque \u00e0 100 kilom\u00e8tres la fronti\u00e8re de l\u2019espace selon une convention internationale. Elles pourront se d\u00e9tacher de leur si\u00e8ge et flotter bri\u00e8vement en apesanteur.<\/p>\n<p>Il s\u2019agira du premier vol dans l\u2019espace 100\u00a0% f\u00e9minin. Et du 11e vol habit\u00e9 suborbital men\u00e9 par l\u2019entreprise, qui propose depuis plusieurs ann\u00e9es d\u00e9j\u00e0 ces exp\u00e9riences de tourisme spatial \u2013 dont le prix n\u2019est pas public \u2013 gr\u00e2ce \u00e0 sa fus\u00e9e New Shepard.<\/p>\n<p>\u00ab\u00a0Maman est all\u00e9e dans l\u2019espace\u00a0\u00bb<\/p>\n<p>Dans une r\u00e9cente interview accord\u00e9e au magazine Elle, Katy Perry expliquait prendre part \u00e0 cette aventure \u00ab\u00a0pour (s)a fille Daisy\u00a0\u00bb, qu\u2019elle a eue avec l\u2019acteur britannique Orlando Bloom, \u00ab\u00a0afin de l\u2019inciter \u00e0 ne jamais fixer de limites \u00e0 ses r\u00eaves\u00a0\u00bb. \u00ab\u00a0Je suis tellement impatiente de voir l\u2019inspiration et la lumi\u00e8re dans ses yeux lorsqu\u2019elle verra la fus\u00e9e partir et qu\u2019elle retournera \u00e0 l\u2019\u00e9cole le lendemain en disant\u00a0: \u00ab\u00a0Maman est all\u00e9e dans l\u2019espace\u00a0\u00bb\u00a0\u00bb, d\u00e9clarait la chanteuse de California gurls, propuls\u00e9e sur la sc\u00e8ne internationale par son hit I kissed a girl sorti en\u00a02008.<\/p>\n<p><a href=\"https:\/\/www.20minutes.fr\/dossier\/conquete_spatiale\" target=\"_blank\" class=\"c-link c-btn c-btn--primary\" rel=\"nofollow noopener\">Notre dossier sur la Conqu\u00eate spatiale<\/a><\/p>\n<p>Lors de ce bref voyage en apesanteur, l\u2019artiste sera aussi entour\u00e9e de Kerianne Flynn, productrice de film, d\u2019Amanda Nguyen, fondatrice d\u2019une ONG engag\u00e9e dans le combat contre les violences sexuelles, d\u2019Aisha Bowe, une ancienne scientifique de la Nasa, et de l\u2019animatrice de t\u00e9l\u00e9vision Gayle King.<\/p>\n","protected":false},"excerpt":{"rendered":"Katy Perry va se rapprocher des \u00e9toiles. La chanteuse am\u00e9ricaine va pour cela embarquer ce lundi dans une&hellip;\n","protected":false},"author":2,"featured_media":25042,"comment_status":"","ping_status":"","sticky":false,"template":"","format":"standard","meta":{"footnotes":""},"categories":[2],"tags":[47,11,9002,386,1011,27,697,8553,74,12,973,25,41,133],"class_list":{"0":"post-25041","1":"post","2":"type-post","3":"status-publish","4":"format-standard","5":"has-post-thumbnail","7":"category-actualites","8":"tag-actualite","9":"tag-actualites","10":"tag-blue-origin","11":"tag-espace","12":"tag-fr","13":"tag-france","14":"tag-jeff-bezos","15":"tag-katy-perry","16":"tag-monde","17":"tag-news","18":"tag-people","19":"tag-republique-francaise","20":"tag-sciences","21":"tag-video"},"share_on_mastodon":{"url":"https:\/\/pubeurope.com\/@fr\/114338023716416166","error":""},"_links":{"self":[{"href":"https:\/\/www.europesays.com\/fr\/wp-json\/wp\/v2\/posts\/25041","targetHints":{"allow":["GET"]}}],"collection":[{"href":"https:\/\/www.europesays.com\/fr\/wp-json\/wp\/v2\/posts"}],"about":[{"href":"https:\/\/www.europesays.com\/fr\/wp-json\/wp\/v2\/types\/post"}],"author":[{"embeddable":true,"href":"https:\/\/www.europesays.com\/fr\/wp-json\/wp\/v2\/users\/2"}],"replies":[{"embeddable":true,"href":"https:\/\/www.europesays.com\/fr\/wp-json\/wp\/v2\/comments?post=25041"}],"version-history":[{"count":0,"href":"https:\/\/www.europesays.com\/fr\/wp-json\/wp\/v2\/posts\/25041\/revisions"}],"wp:featuredmedia":[{"embeddable":true,"href":"https:\/\/www.europesays.com\/fr\/wp-json\/wp\/v2\/media\/25042"}],"wp:attachment":[{"href":"https:\/\/www.europesays.com\/fr\/wp-json\/wp\/v2\/media?parent=25041"}],"wp:term":[{"taxonomy":"category","embeddable":true,"href":"https:\/\/www.europesays.com\/fr\/wp-json\/wp\/v2\/categories?post=25041"},{"taxonomy":"post_tag","embeddable":true,"href":"https:\/\/www.europesays.com\/fr\/wp-json\/wp\/v2\/tags?post=25041"}],"curies":[{"name":"wp","href":"https:\/\/api.w.org\/{rel}","templated":true}]}}