{"id":250411,"date":"2025-07-15T00:06:15","date_gmt":"2025-07-15T00:06:15","guid":{"rendered":"https:\/\/www.europesays.com\/fr\/250411\/"},"modified":"2025-07-15T00:06:15","modified_gmt":"2025-07-15T00:06:15","slug":"vinales-forfait-en-republique-tcheque","status":"publish","type":"post","link":"https:\/\/www.europesays.com\/fr\/250411\/","title":{"rendered":"Vi\u00f1ales forfait en R\u00e9publique tch\u00e8que"},"content":{"rendered":"<p>Maverick Vi\u00f1ales (Red Bull KTM Tech3) est forfait pour le reste du Grand Prix Liqui Moly d&rsquo;Allemagne suite \u00e0 sa chute en qualifications.<\/p>\n<p>Le n\u00b012 souffre d&rsquo;une luxation de l&rsquo;\u00e9paule gauche qui a \u00e9t\u00e9 remise en place mais il s&rsquo;est ensuite rendu \u00e0 l&rsquo;h\u00f4pital local pour des examens compl\u00e9mentaires qui ont r\u00e9v\u00e9l\u00e9 une fracture. L&rsquo;\u00e9quipe Tech3 a confirm\u00e9 dimanche apr\u00e8s-midi que \u00ab Top Gun \u00bb manquerait \u00e9galement le GP de R\u00e9publique tch\u00e8que.<\/p>\n<p>Le sort s&rsquo;acharne sur le team fran\u00e7ais puisqu&rsquo;Enea Bastianini (Red Bull KTM Tech3) est \u00e9galement forfait suite \u00e0 une crise d&rsquo;appendicite. L&rsquo;Italien est en voie de gu\u00e9rison sans intervention chirurgicale mais ne roulera pas ce week-end.<\/p>\n<p>De son c\u00f4t\u00e9, Maverick Vi\u00f1ales s&rsquo;est rendu en Italie dimanche matin pour se faire op\u00e9rer de l&rsquo;\u00e9paule gauche afin d&rsquo;acc\u00e9l\u00e9rer son processus de r\u00e9cup\u00e9ration. Dans un communiqu\u00e9 publi\u00e9 lundi, le team a confirm\u00e9 que tout s&rsquo;\u00e9tait d\u00e9roul\u00e9 comme pr\u00e9vu et que le n\u00b012 et Tech3 se concentraient d\u00e9sormais sur sa convalescence.<\/p>\n<p>Retrouve le communiqu\u00e9 de Red Bull KTM Tech3 en int\u00e9gralit\u00e9 :<\/p>\n<p>\u00ab Victime d&rsquo;une fracture de l&rsquo;\u00e9paule gauche suite \u00e0 sa chute en Q2 au Grand Prix d&rsquo;Allemagne, Maverick Vi\u00f1ales s&rsquo;est rendu en Italie dimanche matin pour y subir une intervention chirurgicale afin d&rsquo;acc\u00e9l\u00e9rer son processus de r\u00e9cup\u00e9ration. Tout s&rsquo;est bien pass\u00e9 et l&rsquo;Espagnol est maintenant de retour chez lui, d\u00e9j\u00e0 pleinement concentr\u00e9 sur sa convalescence. Il fera tout son possible pour revenir le plus vite possible dans l&rsquo;\u00e9quipe mais il manquera le Grand Prix de R\u00e9publique tch\u00e8que ce week-end.<\/p>\n<p>Bon r\u00e9tablissement, Mav&rsquo;, \u00e0 bient\u00f4t ! \u00bb<\/p>\n","protected":false},"excerpt":{"rendered":"Maverick Vi\u00f1ales (Red Bull KTM Tech3) est forfait pour le reste du Grand Prix Liqui Moly d&rsquo;Allemagne suite&hellip;\n","protected":false},"author":2,"featured_media":245067,"comment_status":"","ping_status":"","sticky":false,"template":"","format":"standard","meta":{"footnotes":""},"categories":[1413],"tags":[1011,27,1457,1456,60,2032],"class_list":{"0":"post-250411","1":"post","2":"type-post","3":"status-publish","4":"format-standard","5":"has-post-thumbnail","7":"category-moto","8":"tag-fr","9":"tag-france","10":"tag-moto","11":"tag-motocycle","12":"tag-sports","13":"tag-text"},"share_on_mastodon":{"url":"https:\/\/pubeurope.com\/@fr\/114854335818087893","error":""},"_links":{"self":[{"href":"https:\/\/www.europesays.com\/fr\/wp-json\/wp\/v2\/posts\/250411","targetHints":{"allow":["GET"]}}],"collection":[{"href":"https:\/\/www.europesays.com\/fr\/wp-json\/wp\/v2\/posts"}],"about":[{"href":"https:\/\/www.europesays.com\/fr\/wp-json\/wp\/v2\/types\/post"}],"author":[{"embeddable":true,"href":"https:\/\/www.europesays.com\/fr\/wp-json\/wp\/v2\/users\/2"}],"replies":[{"embeddable":true,"href":"https:\/\/www.europesays.com\/fr\/wp-json\/wp\/v2\/comments?post=250411"}],"version-history":[{"count":0,"href":"https:\/\/www.europesays.com\/fr\/wp-json\/wp\/v2\/posts\/250411\/revisions"}],"wp:featuredmedia":[{"embeddable":true,"href":"https:\/\/www.europesays.com\/fr\/wp-json\/wp\/v2\/media\/245067"}],"wp:attachment":[{"href":"https:\/\/www.europesays.com\/fr\/wp-json\/wp\/v2\/media?parent=250411"}],"wp:term":[{"taxonomy":"category","embeddable":true,"href":"https:\/\/www.europesays.com\/fr\/wp-json\/wp\/v2\/categories?post=250411"},{"taxonomy":"post_tag","embeddable":true,"href":"https:\/\/www.europesays.com\/fr\/wp-json\/wp\/v2\/tags?post=250411"}],"curies":[{"name":"wp","href":"https:\/\/api.w.org\/{rel}","templated":true}]}}