{"id":250434,"date":"2025-07-15T00:20:15","date_gmt":"2025-07-15T00:20:15","guid":{"rendered":"https:\/\/www.europesays.com\/fr\/250434\/"},"modified":"2025-07-15T00:20:15","modified_gmt":"2025-07-15T00:20:15","slug":"alors-que-la-france-redoute-la-tutelle-du-fmi-pourquoi-sest-on-mis-dans-un-tel-petrin","status":"publish","type":"post","link":"https:\/\/www.europesays.com\/fr\/250434\/","title":{"rendered":"\u00abAlors que la France redoute la tutelle du FMI, pourquoi s\u2019est-on mis dans un tel p\u00e9trin\u00a0?\u00bb"},"content":{"rendered":"<p><strong>CHRONIQUE &#8211; <\/strong>L\u2019\u00e9conomie fran\u00e7aise n\u2019est pas comp\u00e9titive en Europe, ce qui oblige l\u2019\u00c9tat \u00e0 subventionner outrageusement les entreprises et les m\u00e9nages.<\/p>\n<p class=\"fig-paragraph\">Voil\u00e0 ce qui nous pend au nez si nous ne mettons pas de l\u2019ordre dans nos comptes\u00a0: les hommes en gris du Fonds mon\u00e9taire international, le FMI \u2013 les trois lettres les plus d\u00e9test\u00e9es au monde car symboles d\u2019aust\u00e9rit\u00e9 &#8211; d\u00e9barqueront \u00e0 Paris pour imposer un rem\u00e8de de cheval comme la Gr\u00e8ce en a subi il y a quinze ans\u00a0: r\u00e9duction de 25\u200a% du salaire minimum, suppression d\u2019un poste de fonctionnaire sur quatre, report de cinq ans de l\u2019\u00e2ge de la\u00a0<a href=\"http:\/\/www.lefigaro.fr\/social\/a-quoi-ressemblerait-un-systeme-de-retraites-a-la-carte-sans-age-legal-de-depart-20250713\" data-fig-type=\"Article\" data-gtm-custom-categorie=\"navigation\" data-gtm-custom-action=\"crossclick\" data-gtm-custom-label=\"Contextuel\" data-gtm-event=\"customEventSPE\" data-fig-domain=\"LEFIGARO\" target=\"_blank\" rel=\"noopener\">retraite<\/a>\u2026<\/p>\n<p class=\"fig-paragraph\">Cette ritournelle, on l\u2019entend sans rel\u00e2che depuis la campagne des l\u00e9gislatives de juillet 2024.\u00a0<a href=\"http:\/\/www.lefigaro.fr\/vox\/monde\/bruno-le-maire-la-france-doit-cesser-d-etre-un-figurant-du-show-perpetuel-de-donald-trump-20250703\" data-fig-type=\"Article\" data-gtm-custom-categorie=\"navigation\" data-gtm-custom-action=\"crossclick\" data-gtm-custom-label=\"Contextuel\" data-gtm-event=\"customEventSPE\" data-fig-domain=\"LEFIGARO\" target=\"_blank\" rel=\"noopener\">Bruno Le Maire<\/a>, alors ministre des Finances, accusait l\u2019opposition \u00ab\u200ad\u2019une mise sous tutelle de la France par la Commission europ\u00e9enne et le FMI\u00a0\u00bb. Aujourd\u2019hui c\u2019est\u00a0<a href=\"http:\/\/www.lefigaro.fr\/politique\/budget-2026-amelie-de-montchalin-promet-une-copie-credible-et-responsable-20250622\" data-fig-type=\"Article\" data-gtm-custom-categorie=\"navigation\" data-gtm-custom-action=\"crossclick\" data-gtm-custom-label=\"Contextuel\" data-gtm-event=\"customEventSPE\" data-fig-domain=\"LEFIGARO\" target=\"_blank\" rel=\"noopener\">Am\u00e9lie de Montchalin<\/a>, ministre des Comptes publics, qui ne cesse d\u2019agiter le spectre \u00ab\u200ades institutions internationales, la BCE, peut-\u00eatre le FMI, (qui) d\u00e9cideront pour nous, nous diront quelles r\u00e9formes faire\u00a0\u00bb. Et de d\u00e9plorer \u00ab\u200aun tr\u00e8s grand climat de psychose dans\u2026<\/p>\n<p class=\"fig-premium-paywall__infos\">\n        Cet article est r\u00e9serv\u00e9 aux abonn\u00e9s.        Il vous reste 85% \u00e0 d\u00e9couvrir.\n    <\/p>\n<p>                <img  data- alt=\"Le Figaro\" class=\"fig-img--complete fig-img\"\/><\/p>\n<p class=\"fig-premium-paywall__title\">Vous avez envie de lire la suite ?<\/p>\n<p class=\"fig-premium-paywall__subtitle\">D\u00e9bloquez tous les articles imm\u00e9diatement.<\/p>\n<p class=\"fig-premium-paywall__connect\">\n                D\u00e9j\u00e0 abonn\u00e9\u00a0?                <a class=\"fig-premium-paywall__connect-link\" href=\"https:\/\/connect.lefigaro.fr\/login?client=horizon_web&amp;type=main&amp;redirect_uri=https%3A%2F%2Fwww.lefigaro.fr%2Fconjoncture%2Fjean-pierre-robin-alors-que-la-france-redoute-la-tutelle-du-fmi-pourquoi-s-est-on-mis-dans-un-tel-petrin-20250714\" data-js-gtm=\"{&quot;customCategorie&quot;: &quot;conversion&quot;, &quot;customAction&quot;: &quot;before_Landing_Connexion_paywall_auto&quot;, &quot;customLabel&quot;: &quot;bGVmaWdhcm8uZnJfXzFmMDYwYmViLTVjMWUtNjBjOC1hMDUyLTc3NTk3OTdmMTNmM19fQXJ0aWNsZQ==_Jean-Pierre Robin\u00a0: \u00abAlors que la France redoute la tutelle du FMI, pourquoi s\u2019est-on mis dans un tel p\u00e9trin\u00a0?\u00bb_540&quot;, &quot;customIDSPE&quot;: &quot;bGVmaWdhcm8uZnJfXzFmMDYwYmViLTVjMWUtNjBjOC1hMDUyLTc3NTk3OTdmMTNmM19fQXJ0aWNsZQ==&quot;, &quot;event&quot;: &quot;customEventSPE&quot;}\" target=\"_blank\" rel=\"noopener\"><br \/>\n                    Connectez-vous<br \/>\n                <\/a>\n            <\/p>\n","protected":false},"excerpt":{"rendered":"CHRONIQUE &#8211; L\u2019\u00e9conomie fran\u00e7aise n\u2019est pas comp\u00e9titive en Europe, ce qui oblige l\u2019\u00c9tat \u00e0 subventionner outrageusement les entreprises&hellip;\n","protected":false},"author":2,"featured_media":250435,"comment_status":"","ping_status":"","sticky":false,"template":"","format":"standard","meta":{"footnotes":""},"categories":[6],"tags":[35,33,34,13305,1011,27],"class_list":{"0":"post-250434","1":"post","2":"type-post","3":"status-publish","4":"format-standard","5":"has-post-thumbnail","7":"category-economie","8":"tag-business","9":"tag-economie","10":"tag-economy","11":"tag-fmi","12":"tag-fr","13":"tag-france"},"share_on_mastodon":{"url":"https:\/\/pubeurope.com\/@fr\/114854390895242985","error":""},"_links":{"self":[{"href":"https:\/\/www.europesays.com\/fr\/wp-json\/wp\/v2\/posts\/250434","targetHints":{"allow":["GET"]}}],"collection":[{"href":"https:\/\/www.europesays.com\/fr\/wp-json\/wp\/v2\/posts"}],"about":[{"href":"https:\/\/www.europesays.com\/fr\/wp-json\/wp\/v2\/types\/post"}],"author":[{"embeddable":true,"href":"https:\/\/www.europesays.com\/fr\/wp-json\/wp\/v2\/users\/2"}],"replies":[{"embeddable":true,"href":"https:\/\/www.europesays.com\/fr\/wp-json\/wp\/v2\/comments?post=250434"}],"version-history":[{"count":0,"href":"https:\/\/www.europesays.com\/fr\/wp-json\/wp\/v2\/posts\/250434\/revisions"}],"wp:featuredmedia":[{"embeddable":true,"href":"https:\/\/www.europesays.com\/fr\/wp-json\/wp\/v2\/media\/250435"}],"wp:attachment":[{"href":"https:\/\/www.europesays.com\/fr\/wp-json\/wp\/v2\/media?parent=250434"}],"wp:term":[{"taxonomy":"category","embeddable":true,"href":"https:\/\/www.europesays.com\/fr\/wp-json\/wp\/v2\/categories?post=250434"},{"taxonomy":"post_tag","embeddable":true,"href":"https:\/\/www.europesays.com\/fr\/wp-json\/wp\/v2\/tags?post=250434"}],"curies":[{"name":"wp","href":"https:\/\/api.w.org\/{rel}","templated":true}]}}