{"id":250436,"date":"2025-07-15T00:21:13","date_gmt":"2025-07-15T00:21:13","guid":{"rendered":"https:\/\/www.europesays.com\/fr\/250436\/"},"modified":"2025-07-15T00:21:13","modified_gmt":"2025-07-15T00:21:13","slug":"la-touriste-allemande-qui-setait-perdue-12-jours-en-australie-raconte-comment-elle-a-survecu","status":"publish","type":"post","link":"https:\/\/www.europesays.com\/fr\/250436\/","title":{"rendered":"La touriste allemande qui s\u2019\u00e9tait perdue 12 jours en Australie raconte comment elle a surv\u00e9cu"},"content":{"rendered":"<p>        <img decoding=\"async\" loading=\"lazy\" src=\"https:\/\/www.europesays.com\/fr\/wp-content\/uploads\/2025\/07\/ab88a74_upload-1-n9omynhx9lw0-000-66dt6ke.jpg\"  width=\"728\" height=\"409\" alt=\"Une\u00a0touriste\u00a0allemande\u00a0de 26\u00a0ans, Carolina Wilga, avait \u00e9t\u00e9 retrouv\u00e9e vivante vendredi 11\u00a0juillet apr\u00e8s avoir err\u00e9 douze jours en Australie. (Photo fournie par la police d\u2019Australie-Occidentale)\"\/>  <\/p>\n<p>HANDOUT \/ AFP<\/p>\n<p>Une\u00a0touriste\u00a0allemande\u00a0de 26\u00a0ans, Carolina Wilga, avait \u00e9t\u00e9 retrouv\u00e9e vivante vendredi 11\u00a0juillet apr\u00e8s avoir err\u00e9 douze jours en Australie. (Photo fournie par la police d\u2019Australie-Occidentale)<\/p>\n<p class=\"asset asset-text\">INTERNATIONAL &#8211; Miracul\u00e9e. Une\u00a0<a href=\"https:\/\/www.huffingtonpost.fr\/france\/article\/lennart-monterlos-disparu-en-iran-ce-que-l-on-sait-du-jeune-francais-qui-realisait-un-voyage-a-velo_252310.html\" target=\"_blank\" rel=\"noopener\" title=\"Nouvelle fen\u00eatre\">touriste<\/a>\u00a0allemande\u00a0de 26\u00a0ans, Carolina Wilga, avait \u00e9t\u00e9 retrouv\u00e9e vivante vendredi 11\u00a0juillet apr\u00e8s avoir err\u00e9 douze jours en pleine brousse dans une r\u00e9gion isol\u00e9e de l\u2019ouest de l\u2019<a href=\"https:\/\/www.huffingtonpost.fr\/international\/article\/l-australienne-poursuivie-pour-avoir-servi-des-champignons-veneneux-connait-son-verdict_252299.html\" target=\"_blank\" rel=\"noopener\" title=\"Nouvelle fen\u00eatre\">Australie<\/a>. Une \u00ab\u00a0\u00e9preuve incroyable\u00a0\u00bb, selon la police. Dans un communiqu\u00e9 diffus\u00e9 ce lundi 14\u00a0juillet par le journal<a href=\"https:\/\/www.theguardian.com\/australia-news\/2025\/jul\/14\/german-backpacker-carolina-wilga-who-went-missing-in-wa-outback-says-she-got-lost-after-hitting-head-in-car-crash\" target=\"_blank\" rel=\"noopener\" title=\"Nouvelle fen\u00eatre\"> The Guardian<\/a>, la jeune femme, qui voyageait en sac \u00e0 dos, raconte comment elle a surv\u00e9cu.<\/p>\n<p class=\"asset asset-text\">Fin juin, Carolina Wilga s\u2019est cogn\u00e9e la t\u00eate dans un accident de voiture et a quitt\u00e9 son v\u00e9hicule dans un \u00ab\u00a0\u00e9tat de confusion\u00a0\u00bb, avant de dispara\u00eetre dans la nature d\u2019Australie occidentale pendant onze nuits.<\/p>\n<p class=\"asset asset-text\">\u00ab\u00a0Certaines personnes pourraient se demander pourquoi j\u2019ai quitt\u00e9 ma voiture, alors que j\u2019avais de l\u2019eau, de la nourriture et des v\u00eatements \u00e0 l\u2019int\u00e9rieur\u00a0\u00bb, a-t-elle d\u00e9clar\u00e9 lundi apr\u00e8s-midi dans un communiqu\u00e9. Elle explique que, choqu\u00e9e et bless\u00e9e apr\u00e8s l\u2019accident de voiture, elle s\u2019est \u00e9loign\u00e9e du v\u00e9hicule sans jamais pouvoir le retrouver.<\/p>\n<p class=\"asset asset-text\">Carolina Wilga est rest\u00e9e pr\u00e8s de la voiture pendant seulement une journ\u00e9e avant de paniquer et de partir \u00e0 la recherche d\u2019aide, a confirm\u00e9 l\u2019inspectrice de police d\u2019Australie occidentale, Jessica Securo. Et elle s\u2019est ensuite orient\u00e9e vers l\u2019ouest en se basant sur la position du soleil. \u00ab\u00a0Elle avait tr\u00e8s peu de nourriture et d\u2019eau avec elle, et elle a bu l\u2019eau de pluie et des flaques d\u2019eau pour survivre\u00a0\u00bb, d\u00e9taille l\u2019agent.<\/p>\n<p>                     Beaucoup de \u00ab\u00a0chance\u00a0\u00bb    <\/p>\n<p class=\"asset asset-text\">Malgr\u00e9 de maigres provisions, Carolina Wilga a toujours gard\u00e9 espoir. Mais elle sait aussi qu\u2019elle a eu de \u00ab\u00a0la chance\u00a0\u00bb. Et explique\u00a0: \u00ab\u00a0La r\u00e9gion est un terrain accident\u00e9. Elle peut \u00eatre tr\u00e8s dangereuse si vous ne savez pas ce que vous faites ou o\u00f9 vous allez, et il est tr\u00e8s facile de s\u2019y perdre.\u00a0\u00bb \u00c0 un moment donn\u00e9, elle a cherch\u00e9 refuge dans une grotte.<\/p>\n<p class=\"asset asset-text\">Retrouv\u00e9e vendredi sur un sentier de brousse par une personne qui l\u2019empruntait, la randonneuse avait \u00e9t\u00e9 transport\u00e9e \u00ab\u00a0dans un \u00e9tat assez fragile\u00a0\u00bb, \u00e0 Beacon, une petite localit\u00e9 agricole, puis \u00e0 l\u2019h\u00f4pital de Perth pour y \u00eatre soign\u00e9e, avait expliqu\u00e9 la police. Heureusement, Carolina Wilga ne s\u2019\u00e9tait pas bless\u00e9e gravement et va d\u00e9j\u00e0 mieux.<\/p>\n<p class=\"asset asset-text\">Remerciant chaleureusement celles et ceux qui ont particip\u00e9 \u00e0 ses recherches, la jeune touriste est \u00ab\u00a0certaine\u00a0\u00bb d\u2019avoir surv\u00e9cu uniquement gr\u00e2ce au soutien massif qu\u2019elle a re\u00e7u, mentionnant en particulier la police, le consulat allemand et le personnel m\u00e9dical.<\/p>\n","protected":false},"excerpt":{"rendered":"HANDOUT \/ AFP Une\u00a0touriste\u00a0allemande\u00a0de 26\u00a0ans, Carolina Wilga, avait \u00e9t\u00e9 retrouv\u00e9e vivante vendredi 11\u00a0juillet apr\u00e8s avoir err\u00e9 douze jours&hellip;\n","protected":false},"author":2,"featured_media":250437,"comment_status":"","ping_status":"","sticky":false,"template":"","format":"standard","meta":{"footnotes":""},"categories":[5],"tags":[11,5035,1011,27,14,12,21030,28],"class_list":{"0":"post-250436","1":"post","2":"type-post","3":"status-publish","4":"format-standard","5":"has-post-thumbnail","7":"category-international","8":"tag-actualites","9":"tag-australie","10":"tag-fr","11":"tag-france","12":"tag-international","13":"tag-news","14":"tag-touristes","15":"tag-world"},"share_on_mastodon":{"url":"https:\/\/pubeurope.com\/@fr\/114854394910803649","error":""},"_links":{"self":[{"href":"https:\/\/www.europesays.com\/fr\/wp-json\/wp\/v2\/posts\/250436","targetHints":{"allow":["GET"]}}],"collection":[{"href":"https:\/\/www.europesays.com\/fr\/wp-json\/wp\/v2\/posts"}],"about":[{"href":"https:\/\/www.europesays.com\/fr\/wp-json\/wp\/v2\/types\/post"}],"author":[{"embeddable":true,"href":"https:\/\/www.europesays.com\/fr\/wp-json\/wp\/v2\/users\/2"}],"replies":[{"embeddable":true,"href":"https:\/\/www.europesays.com\/fr\/wp-json\/wp\/v2\/comments?post=250436"}],"version-history":[{"count":0,"href":"https:\/\/www.europesays.com\/fr\/wp-json\/wp\/v2\/posts\/250436\/revisions"}],"wp:featuredmedia":[{"embeddable":true,"href":"https:\/\/www.europesays.com\/fr\/wp-json\/wp\/v2\/media\/250437"}],"wp:attachment":[{"href":"https:\/\/www.europesays.com\/fr\/wp-json\/wp\/v2\/media?parent=250436"}],"wp:term":[{"taxonomy":"category","embeddable":true,"href":"https:\/\/www.europesays.com\/fr\/wp-json\/wp\/v2\/categories?post=250436"},{"taxonomy":"post_tag","embeddable":true,"href":"https:\/\/www.europesays.com\/fr\/wp-json\/wp\/v2\/tags?post=250436"}],"curies":[{"name":"wp","href":"https:\/\/api.w.org\/{rel}","templated":true}]}}