{"id":250438,"date":"2025-07-15T00:22:11","date_gmt":"2025-07-15T00:22:11","guid":{"rendered":"https:\/\/www.europesays.com\/fr\/250438\/"},"modified":"2025-07-15T00:22:11","modified_gmt":"2025-07-15T00:22:11","slug":"un-spectacle-epoustouflant-avec-des-drones-et-plusieurs-clins-doeil","status":"publish","type":"post","link":"https:\/\/www.europesays.com\/fr\/250438\/","title":{"rendered":"un spectacle \u00e9poustouflant avec des drones et plusieurs clins d\u2019\u0153il"},"content":{"rendered":"<p>        <img decoding=\"async\" loading=\"lazy\" src=\"https:\/\/www.europesays.com\/fr\/wp-content\/uploads\/2025\/07\/e2c2b82_upload-1-43s8cbtcxspm-000-66r36uc.jpg\"  width=\"728\" height=\"409\" alt=\"Le feu d\u2019artifice du 14\u00a0juillet \u00e0 Paris a \u00e9t\u00e9 modernis\u00e9 en 2025\u00a0avec 1000\u00a0drones et a mis \u00e0 l\u2019honneur la Seine, les dix ans de l\u2019Accord de Paris ou encore le Br\u00e9sil.\"\/>  <\/p>\n<p>THIBAUD MORITZ \/ AFP<\/p>\n<p>Le feu d\u2019artifice du 14\u00a0juillet \u00e0 Paris a \u00e9t\u00e9 modernis\u00e9 en 2025\u00a0avec 1000\u00a0drones et a mis \u00e0 l\u2019honneur la Seine, les dix ans de l\u2019Accord de Paris ou encore le Br\u00e9sil.<\/p>\n<p class=\"asset asset-text\">PARIS &#8211; La capitale en f\u00eate\u00a0! Un peu apr\u00e8s 23h, ce lundi 14\u00a0juillet, le<a href=\"https:\/\/www.huffingtonpost.fr\/france\/article\/le-risque-d-incendie-bouleverse-les-festivites-du-14-juillet-dans-ces-departements_252511.html\" target=\"_blank\" rel=\"noopener\"> feu d\u2019artifice<\/a> tir\u00e9 depuis la tour Eiffel et les jardins du Trocad\u00e9ro, illuminant le ciel de Paris de couleurs \u00e9clatantes, a \u00e9t\u00e9 un spectacle \u00e9poustouflant. Cette ann\u00e9e, mille drones sont venus moderniser l\u2019\u00e9v\u00e8nement, diffus\u00e9 en direct sur France 2.<\/p>\n<p class=\"asset asset-text\">Le th\u00e8me principal de ce feu d\u2019artifice \u00e9tait les dix\u00a0ans de l\u2019accord de Paris sur le climat, sign\u00e9 pendant la COP21. Il a aussi rendu hommage au<a href=\"https:\/\/www.huffingtonpost.fr\/environnement\/article\/pour-la-prochaine-cop30-le-bresil-va-sacrifier-une-partie-de-la-foret-amazonienne-pour-une-route_247362.html\" target=\"_blank\" rel=\"noopener\"> Br\u00e9sil, alors que la COP30\u00a0<\/a>sur les changements climatiques est pr\u00e9vue en novembre en Amazonie.<\/p>\n<p class=\"asset asset-text\">\u00ab\u00a0Des couleurs \u00e9voquant le Br\u00e9sil, Bel\u00e9m et l\u2019Amazonie nous feront voyager&#8230; avant de revenir \u00e0 Paris par la Seine, art\u00e8re vivante reliant les rives de l\u2019histoire avant de conclure par une s\u00e9quence d\u00e9di\u00e9e \u00e0 l\u2019amour, l\u2019amiti\u00e9 et la solidarit\u00e9\u00a0\u00bb, avait annonc\u00e9 Paris, dans un communiqu\u00e9 cit\u00e9 par BFMTV.<\/p>\n<p> La lecture de ce contenu est susceptible d\u2019entra\u00eener un d\u00e9p\u00f4t de cookies de la part de l\u2019op\u00e9rateur tiers qui l\u2019h\u00e9berge. Compte-tenu des choix que vous avez exprim\u00e9s en mati\u00e8re de d\u00e9p\u00f4t de cookies, nous avons bloqu\u00e9 l\u2019affichage de ce contenu. Si vous souhaitez y acc\u00e9der, vous devez accepter la cat\u00e9gorie de cookies \u201cContenus tiers\u201d en cliquant sur le bouton ci-dessous. <\/p>\n<p> Lire la Vid\u00e9o        <\/p>\n<p class=\"asset asset-text\">Le spectacle a commenc\u00e9 par un premier tableau sur la chanson de Zaho de\u00a0Sagazan La symphonie des \u00e9clairs, avec des oiseaux scintillants dans le ciel, gr\u00e2ce aux drones.<\/p>\n<p> La lecture de ce contenu est susceptible d\u2019entra\u00eener un d\u00e9p\u00f4t de cookies de la part de l\u2019op\u00e9rateur tiers qui l\u2019h\u00e9berge. Compte-tenu des choix que vous avez exprim\u00e9s en mati\u00e8re de d\u00e9p\u00f4t de cookies, nous avons bloqu\u00e9 l\u2019affichage de ce contenu. Si vous souhaitez y acc\u00e9der, vous devez accepter la cat\u00e9gorie de cookies \u201cContenus tiers\u201d en cliquant sur le bouton ci-dessous. <\/p>\n<p> Lire la Vid\u00e9o        <\/p>\n<p class=\"asset asset-text\">Poissons et girafes sont aussi apparus par la suite sur la chanson Somewhere over the rainbow, comme un hommage \u00e0 la biodiversit\u00e9.<\/p>\n<p> La lecture de ce contenu est susceptible d\u2019entra\u00eener un d\u00e9p\u00f4t de cookies de la part de l\u2019op\u00e9rateur tiers qui l\u2019h\u00e9berge. Compte-tenu des choix que vous avez exprim\u00e9s en mati\u00e8re de d\u00e9p\u00f4t de cookies, nous avons bloqu\u00e9 l\u2019affichage de ce contenu. Si vous souhaitez y acc\u00e9der, vous devez accepter la cat\u00e9gorie de cookies \u201cContenus tiers\u201d en cliquant sur le bouton ci-dessous. <\/p>\n<p> Lire la Vid\u00e9o        <\/p>\n<p class=\"asset asset-text\">Le Br\u00e9sil a aussi \u00e9t\u00e9 honor\u00e9 avec la chanson <a href=\"https:\/\/fr.wikipedia.org\/wiki\/Samba_de_Janeiro\" target=\"_blank\" rel=\"noopener\" title=\"Nouvelle fen\u00eatre\">Samba de Janeiro<\/a> de Bellini. Un groupe qui reprend le nom du footballeur Hilderaldo Lu\u00eds Bellini, ex-capitaine de l\u2019\u00e9quipe de football br\u00e9silienne, qui a permis \u00e0 son pays de gagner la coupe du monde en 1958. Ce tube aux sonorit\u00e9s br\u00e9siliennes de l\u2019ann\u00e9e 1997\u00a0est aussi devenu une r\u00e9f\u00e9rence pour f\u00eater la coupe du monde 1998.<\/p>\n<p>    Souvenirs olympiques    <\/p>\n<p class=\"asset asset-text\">Sur la chanson La Seine de Vanessa Paradis, le fleuve traversant la capitale et centre du monde pendant les JO 2024\u00a0a aussi \u00e9t\u00e9 mis \u00e0 l\u2019honneur.<\/p>\n<p class=\"asset asset-text\">Le titre New Romantics de l\u2019incontournable chanteuse am\u00e9ricaine Taylor Swift a, par ailleurs, \u00e9t\u00e9 diffus\u00e9 dans tout Paris, pour le plus grand bonheur des internautes.<\/p>\n<p> La lecture de ce contenu est susceptible d\u2019entra\u00eener un d\u00e9p\u00f4t de cookies de la part de l\u2019op\u00e9rateur tiers qui l\u2019h\u00e9berge. Compte-tenu des choix que vous avez exprim\u00e9s en mati\u00e8re de d\u00e9p\u00f4t de cookies, nous avons bloqu\u00e9 l\u2019affichage de ce contenu. Si vous souhaitez y acc\u00e9der, vous devez accepter la cat\u00e9gorie de cookies \u201cContenus tiers\u201d en cliquant sur le bouton ci-dessous. <\/p>\n<p> Lire la Vid\u00e9o           <\/p>\n<p> La lecture de ce contenu est susceptible d\u2019entra\u00eener un d\u00e9p\u00f4t de cookies de la part de l\u2019op\u00e9rateur tiers qui l\u2019h\u00e9berge. Compte-tenu des choix que vous avez exprim\u00e9s en mati\u00e8re de d\u00e9p\u00f4t de cookies, nous avons bloqu\u00e9 l\u2019affichage de ce contenu. Si vous souhaitez y acc\u00e9der, vous devez accepter la cat\u00e9gorie de cookies \u201cContenus tiers\u201d en cliquant sur le bouton ci-dessous. <\/p>\n<p> Lire la Vid\u00e9o        <\/p>\n<p class=\"asset asset-text\">Le spectacle s\u2019est cl\u00f4tur\u00e9 par un clin d\u2019oeil aux JO, avec la reprise par le violoncelliste Gautier Capu\u00e7on de L\u2019Hymne \u00e0 l\u2019amour d\u2019\u00c9dith Piaf, chant\u00e9e pendant les Jeux de Paris par C\u00e9line Dion.<\/p>\n<p> La lecture de ce contenu est susceptible d\u2019entra\u00eener un d\u00e9p\u00f4t de cookies de la part de l\u2019op\u00e9rateur tiers qui l\u2019h\u00e9berge. Compte-tenu des choix que vous avez exprim\u00e9s en mati\u00e8re de d\u00e9p\u00f4t de cookies, nous avons bloqu\u00e9 l\u2019affichage de ce contenu. Si vous souhaitez y acc\u00e9der, vous devez accepter la cat\u00e9gorie de cookies \u201cContenus tiers\u201d en cliquant sur le bouton ci-dessous. <\/p>\n<p> Lire la Vid\u00e9o        <\/p>\n<p class=\"asset asset-text\">Des mesures de s\u00e9curit\u00e9 avaient \u00e9t\u00e9 mises en place pour ce feu d\u2019artifice et vont rester soutenues jusqu\u2019\u00e0 mardi. Le spectacle pyrotechnique devait attirer, selon le pr\u00e9fet de police Laurent Nu\u00f1ez, plusieurs dizaines de milliers de personnes. Au total, 11\u00a0500 forces de s\u00e9curit\u00e9 \u00e9taient mobilis\u00e9es dimanche et lundi.<\/p>\n","protected":false},"excerpt":{"rendered":"THIBAUD MORITZ \/ AFP Le feu d\u2019artifice du 14\u00a0juillet \u00e0 Paris a \u00e9t\u00e9 modernis\u00e9 en 2025\u00a0avec 1000\u00a0drones et&hellip;\n","protected":false},"author":2,"featured_media":250439,"comment_status":"","ping_status":"","sticky":false,"template":"","format":"standard","meta":{"footnotes":""},"categories":[4],"tags":[10915,11,2548,39065,39066,1011,27,12,626,25],"class_list":{"0":"post-250438","1":"post","2":"type-post","3":"status-publish","4":"format-standard","5":"has-post-thumbnail","7":"category-france","8":"tag-14-juillet","9":"tag-actualites","10":"tag-bresil","11":"tag-fete-nationale-du-14-juillet","12":"tag-feu-d-artifice","13":"tag-fr","14":"tag-france","15":"tag-news","16":"tag-paris","17":"tag-republique-francaise"},"share_on_mastodon":{"url":"https:\/\/pubeurope.com\/@fr\/114854398780282189","error":""},"_links":{"self":[{"href":"https:\/\/www.europesays.com\/fr\/wp-json\/wp\/v2\/posts\/250438","targetHints":{"allow":["GET"]}}],"collection":[{"href":"https:\/\/www.europesays.com\/fr\/wp-json\/wp\/v2\/posts"}],"about":[{"href":"https:\/\/www.europesays.com\/fr\/wp-json\/wp\/v2\/types\/post"}],"author":[{"embeddable":true,"href":"https:\/\/www.europesays.com\/fr\/wp-json\/wp\/v2\/users\/2"}],"replies":[{"embeddable":true,"href":"https:\/\/www.europesays.com\/fr\/wp-json\/wp\/v2\/comments?post=250438"}],"version-history":[{"count":0,"href":"https:\/\/www.europesays.com\/fr\/wp-json\/wp\/v2\/posts\/250438\/revisions"}],"wp:featuredmedia":[{"embeddable":true,"href":"https:\/\/www.europesays.com\/fr\/wp-json\/wp\/v2\/media\/250439"}],"wp:attachment":[{"href":"https:\/\/www.europesays.com\/fr\/wp-json\/wp\/v2\/media?parent=250438"}],"wp:term":[{"taxonomy":"category","embeddable":true,"href":"https:\/\/www.europesays.com\/fr\/wp-json\/wp\/v2\/categories?post=250438"},{"taxonomy":"post_tag","embeddable":true,"href":"https:\/\/www.europesays.com\/fr\/wp-json\/wp\/v2\/tags?post=250438"}],"curies":[{"name":"wp","href":"https:\/\/api.w.org\/{rel}","templated":true}]}}