{"id":250440,"date":"2025-07-15T00:23:10","date_gmt":"2025-07-15T00:23:10","guid":{"rendered":"https:\/\/www.europesays.com\/fr\/250440\/"},"modified":"2025-07-15T00:23:10","modified_gmt":"2025-07-15T00:23:10","slug":"document-rtl-une-habitante-nous-ouvre-les-portes-de-la-cave-dans-laquelle-se-terrait-levade-de-la-prison-de-lyon-rtl-fr","status":"publish","type":"post","link":"https:\/\/www.europesays.com\/fr\/250440\/","title":{"rendered":"DOCUMENT RTL &#8211; Une habitante nous ouvre les portes de la cave dans laquelle se terrait l&#039;\u00e9vad\u00e9 de la prison de Lyon &#8211; RTL.fr"},"content":{"rendered":"<ol>\n<li><a href=\"https:\/\/news.google.com\/rss\/articles\/CBMi_gFBVV95cUxOakQ2aFBOVGlsUDRXdnUtSThJb09pVXlxMk5DOFNibVJ0UUdZUWhRQlVWQWtGakR3V0U4X0ZIYUN5RlNqN3FtTHM4bDVzRVRVaXJycElKNUlzRGlrMWlJejBpemhMWlByMmc1OHZaeVNYWWc1a2pGS3c2UzJfVUtNd0t0QWdNWTFhQVNPUUxwWkFsYlhlTE40ZVkzcmNhQkFEZE54SmZzMmpaMzR3clBjYTRFRGJPOXdWdE9PQksyWjh4ckdzQmtWa2hNMjdTbUFDWkp2TkNwNWdJN3dyeUlBNFBqUmdJaTZ4M1Y1SmtTUzZJZEhUeU9uaUUwZElQQQ?oc=5\" target=\"_blank\" rel=\"noopener\">DOCUMENT RTL &#8211; Une habitante nous ouvre les portes de la cave dans laquelle se terrait l&rsquo;\u00e9vad\u00e9 de la prison de Lyon<\/a>&nbsp;&nbsp;RTL.fr<\/li>\n<li><a href=\"https:\/\/news.google.com\/rss\/articles\/CBMi5AFBVV95cUxOZU93d2JEbkZxWVFvZXU1NW9ud1lPRGo0THFfUlFaREx2REY0RUdCbHY0T2ZTUWxVOFBiTEk2OTNNVnJ2V2dVSGhOWEhBa0Q5aFYtN0d1NnlVU2JTZXRuZGtxT1RIYjNjVU5pTTlUblRsMEtHMl8wNFhiQ0Z1am5UbHBsbmFTSVc3c1VqV1F1N3RVQ1JqOUVYNUMzUjQtRWEyR182aWdTWDB1bnJoTndYanlPOU1wc0JqVXhleEpDMkl5RHdyeXZSLVNJLWQ2Ylo0R1hPYjdudlVWcXhCUUt2ZTVHY3Y?oc=5\" target=\"_blank\" rel=\"noopener\">Le complice du d\u00e9tenu qui s\u2019\u00e9tait \u00e9vad\u00e9 cach\u00e9 dans un sac \u00e0 linge a \u00e9t\u00e9 interpell\u00e9<\/a>&nbsp;&nbsp;Le Monde.fr<\/li>\n<li><a href=\"https:\/\/news.google.com\/rss\/articles\/CBMiswFBVV95cUxORGdjaEYteUxBcjV3ZnctWnVuT3pQd3RqT3hVODZ4MWdKcGpweDVZN2E4MFBrNGdqYmNlT3V0X0NYMVZvTWpyRzlQc01Bd1IzdGRMXzJNWFZrRWJCUzhWcHQ2Q0FlWS1UMHlZYTZMVDdLV2JKVWFGZG1idDNIT1RJRldZdjFzTkFwaC1KSGxRZkxwYmZBeUFlckdaeUtsV2dwdUhYT01lQ3FkMjFRSDdFcW9jTQ?oc=5\" target=\"_blank\" rel=\"noopener\">INFO BFMTV. \u00c9vasion d&rsquo;un d\u00e9tenu pr\u00e8s de Lyon: le fugitif interpell\u00e9<\/a>&nbsp;&nbsp;BFMTV<\/li>\n<li><a href=\"https:\/\/news.google.com\/rss\/articles\/CBMihwJBVV95cUxQTzlpYU5CN2QwbEtibmJtV2c4X0UyTmFjc1gzbGt4LVFMVjNjcjZTblk4SzZ2MV9ydktLR09VRzkyMmxWcjBKUXhVWUM5TFpSQ050ekJEVjVuUS1hWmlxb1Noc3VXU2MydHlJT0dHMnNWQ0Q5cHNRMUZSaEJ1T0t1aDJxb1VMUTdrS3p2Tm1pWmk0SWhiYXF2ZDVpWE4yUHVId0V2dk9Ea1pHRGt6XzMtdlFMVS1qcF9WM2ZwU3lid0Jjb2ZKSFNnaUlDcnp0YnJwMU5EeFJyX2U5UkpCSi1qMk44ZkJxN1RIREVISlZNZ2NuckdQQmZPMXE1NmRHU2hHUFdBMHJDYw?oc=5\" target=\"_blank\" rel=\"noopener\">Evasion d&rsquo;un d\u00e9tenu \u00e0 la prison de Lyon-Corbas : le cod\u00e9tenu soup\u00e7onn\u00e9 de complicit\u00e9 arr\u00eat\u00e9 ce lundi soir \u00e0 Marseille<\/a>&nbsp;&nbsp;France Info<\/li>\n<li><a href=\"https:\/\/news.google.com\/rss\/articles\/CBMi8gFBVV95cUxOSjEwUm5sdW5vZlJKc3VGbVVNZWl3NTR6TXdhbVpkWEVXTVBGcDY3anBUSEloWURFR0FtdEd5MXJNZ1pCN3A5VlBJbGRxVkZtWndWVUNOSFBkd05qYml3bnNlOXZsMms5dUhKZ29hTTJpQlFKR195S0Y1V2hpNm1JRE5MbmJJaUhkN0k3eF96WENPcG5kSHhQRlpBUHdQdTFUc0hlak0zSXVQamhHeHV4WkxLVFVNT1Q2YzJOUkdaWE1HM1lpc0JCRUlWUjZBclR5bHN6a092dWxfdVVCNFZlaGZkNWJDdnNXYzZoSGh0Vy02QQ?oc=5\" target=\"_blank\" rel=\"noopener\">\u00ab\u00a0Incroyable\u00a0\u00bb : \u00e0 Sathonay-Camp, l&rsquo;arrestation de \u00ab\u00a0l&rsquo;\u00e9vad\u00e9 du sac \u00e0 linge\u00a0\u00bb sid\u00e8re les riverains<\/a>&nbsp;&nbsp;TF1 Info<\/li>\n<\/ol>\n","protected":false},"excerpt":{"rendered":"DOCUMENT RTL &#8211; Une habitante nous ouvre les portes de la cave dans laquelle se terrait l&rsquo;\u00e9vad\u00e9 de&hellip;\n","protected":false},"author":2,"featured_media":1445,"comment_status":"","ping_status":"","sticky":false,"template":"","format":"standard","meta":{"footnotes":""},"categories":[2],"tags":[11,1011,27,12],"class_list":{"0":"post-250440","1":"post","2":"type-post","3":"status-publish","4":"format-standard","5":"has-post-thumbnail","7":"category-actualites","8":"tag-actualites","9":"tag-fr","10":"tag-france","11":"tag-news"},"share_on_mastodon":{"url":"https:\/\/pubeurope.com\/@fr\/114854402631589133","error":""},"_links":{"self":[{"href":"https:\/\/www.europesays.com\/fr\/wp-json\/wp\/v2\/posts\/250440","targetHints":{"allow":["GET"]}}],"collection":[{"href":"https:\/\/www.europesays.com\/fr\/wp-json\/wp\/v2\/posts"}],"about":[{"href":"https:\/\/www.europesays.com\/fr\/wp-json\/wp\/v2\/types\/post"}],"author":[{"embeddable":true,"href":"https:\/\/www.europesays.com\/fr\/wp-json\/wp\/v2\/users\/2"}],"replies":[{"embeddable":true,"href":"https:\/\/www.europesays.com\/fr\/wp-json\/wp\/v2\/comments?post=250440"}],"version-history":[{"count":0,"href":"https:\/\/www.europesays.com\/fr\/wp-json\/wp\/v2\/posts\/250440\/revisions"}],"wp:featuredmedia":[{"embeddable":true,"href":"https:\/\/www.europesays.com\/fr\/wp-json\/wp\/v2\/media\/1445"}],"wp:attachment":[{"href":"https:\/\/www.europesays.com\/fr\/wp-json\/wp\/v2\/media?parent=250440"}],"wp:term":[{"taxonomy":"category","embeddable":true,"href":"https:\/\/www.europesays.com\/fr\/wp-json\/wp\/v2\/categories?post=250440"},{"taxonomy":"post_tag","embeddable":true,"href":"https:\/\/www.europesays.com\/fr\/wp-json\/wp\/v2\/tags?post=250440"}],"curies":[{"name":"wp","href":"https:\/\/api.w.org\/{rel}","templated":true}]}}