{"id":250441,"date":"2025-07-15T00:25:13","date_gmt":"2025-07-15T00:25:13","guid":{"rendered":"https:\/\/www.europesays.com\/fr\/250441\/"},"modified":"2025-07-15T00:25:13","modified_gmt":"2025-07-15T00:25:13","slug":"affaire-gael-perdriau-quand-la-justice-programme-un-automne-chaud","status":"publish","type":"post","link":"https:\/\/www.europesays.com\/fr\/250441\/","title":{"rendered":"AFFAIRE GA\u00cbL PERDRIAU : QUAND LA JUSTICE PROGRAMME UN AUTOMNE CHAUD"},"content":{"rendered":"<p>                <a href=\"https:\/\/cadenceradio.fr\" target=\"_blank\" aria-label=\"Banni\u00e8re Cadence 2025\" rel=\"nofollow noopener\"><img loading=\"lazy\" decoding=\"async\" src=\"https:\/\/www.europesays.com\/fr\/wp-content\/uploads\/2025\/07\/Banniere-Cadence-2025-scaled.jpg\" alt=\"\"   width=\"2560\" height=\"738\"\/><\/a><\/p>\n<p>Une affaire de chantage \u00e0 la sextape qui secoue la politique locale depuis plusieurs ann\u00e9es trouve enfin son \u00e9pilogue judiciaire. Le procureur de la R\u00e9publique de Lyon, Thierry Dran, a officialis\u00e9 vendredi 6 juin la tenue d\u2019un proc\u00e8s contre le maire de Saint-\u00c9tienne. L\u2019audience est programm\u00e9e entre le 22 et le 26 septembre dans la capitale des Gaules, sous r\u00e9serve d\u2019\u00e9ventuels recours de la d\u00e9fense.<\/p>\n<p>L\u2019ex-\u00e9lu Les R\u00e9publicains devra r\u00e9pondre de plusieurs chefs d\u2019accusation graves : chantage, appropriation ill\u00e9gale de biens, d\u00e9tournement de fonds publics en tant que d\u00e9positaire de l\u2019autorit\u00e9 publique, et participation \u00e0 une organisation criminelle. Ces d\u00e9lits exposent le pr\u00e9venu \u00e0 une peine d\u2019emprisonnement d\u2019au minimum cinq ann\u00e9es.<\/p>\n<p>L\u2019origine de l\u2019affaire<\/p>\n<p>Le scandale trouve ses racines dans un enregistrement vid\u00e9o compromettant datant de janvier 2015. Ces images montrent Gilles Artigues, alors premier adjoint centriste et rival politique potentiel, dans une situation intime avec un escort masculin dans un \u00e9tablissement h\u00f4telier parisien.<\/p>\n<p>Selon les \u00e9l\u00e9ments de l\u2019enqu\u00eate, le maire aurait utilis\u00e9 cette vid\u00e9o comme moyen de pression pour obtenir la soumission politique de son adjoint. Les magistrats soup\u00e7onnent Ga\u00ebl Perdriau d\u2019avoir r\u00e9clam\u00e9 une fid\u00e9lit\u00e9 absolue, des d\u00e9cisions \u00e9lectorales favorables et l\u2019absence de toute contestation de ses orientations en \u00e9change du silence sur cette affaire priv\u00e9e.<\/p>\n<p>Un banc des accus\u00e9s fourni<\/p>\n<p>Le premier magistrat st\u00e9phanois ne sera pas seul face \u00e0 ses juges. Trois anciens collaborateurs proches compara\u00eetront \u00e9galement, accus\u00e9s d\u2019avoir orchestr\u00e9 la captation de la vid\u00e9o compromettante : Pierre Gauttieri, ex-directeur de cabinet, Samy Kefi-J\u00e9r\u00f4me, ancien adjoint \u00e0 l\u2019\u00e9ducation, et Gilles Rossary-Lenglet, ex-compagnon de ce dernier et r\u00e9v\u00e9lateur de l\u2019affaire aupr\u00e8s de Mediapart en 2022.<\/p>\n<p>Les magistrats instructeurs ont \u00e9galement d\u00e9cid\u00e9 de poursuivre deux couples dirigeant des associations st\u00e9phanoises. Ces structures auraient servi de fa\u00e7ade pour r\u00e9mun\u00e9rer les auteurs de la vid\u00e9o via des prestations fictives financ\u00e9es par les deniers municipaux.<\/p>\n<p>Un second volet troublant<\/p>\n<p>L\u2019instruction a r\u00e9v\u00e9l\u00e9 l\u2019existence d\u2019un projet encore plus sombre. Gilles Rossary-Lenglet a fourni aux enqu\u00eateurs une vid\u00e9o de juin 2015 \u00e9voquant un plan de chantage contre Michel Thiolli\u00e8re, ancien maire de Saint-\u00c9tienne de 1994 \u00e0 2008. Ce projet, heureusement abandonn\u00e9, consistait \u00e0 compromettre l\u2019ex-\u00e9dile UMP avec une prostitu\u00e9e mineure.<\/p>\n<p>Gilles Rossary-Lenglet, qui se pr\u00e9sente comme un lanceur d\u2019alerte, exprime sa satisfaction de voir tous les protagonistes traduits en justice. Malgr\u00e9 les poursuites qui le visent \u00e9galement, il se dit heureux que la v\u00e9rit\u00e9 puisse enfin \u00e9clater au grand jour.<\/p>\n<p>L\u2019avocat des victimes, \u00e9voque un soulagement pour Gilles Artigues, d\u00e9sormais directeur dioc\u00e9sain de l\u2019enseignement catholique dans le Tarn. Michel Thiolli\u00e8re se r\u00e9jouit \u00e9galement de voir les faits le concernant soumis au jugement.<\/p>\n<p>Un isolement politique croissant<\/p>\n<p>Malgr\u00e9 ses d\u00e9n\u00e9gations constantes et son refus de d\u00e9missionner, Ga\u00ebl Perdriau a vu ses soutiens politiques s\u2019\u00e9roder progressivement. Fin mai, des responsables du centre et de la droite locaux d\u00e9non\u00e7aient ouvertement un exercice du pouvoir d\u00e9l\u00e9t\u00e8re qui ternit l\u2019image municipale et paralyse le d\u00e9veloppement \u00e9conomique.<\/p>\n<p>L\u2019annonce du proc\u00e8s suscite des r\u00e9actions positives dans l\u2019ensemble de l\u2019\u00e9chiquier politique local. Nicole Peycelon, \u00e9lue LR ayant quitt\u00e9 la majorit\u00e9, salue une justice qui se prononcera avant le d\u00e9but de la campagne municipale de 2026, permettant un scrutin sur des bases plus transparentes.<\/p>\n<p>L\u2019\u00e9cologiste Olivier Longeon partage cette satisfaction, estimant que les \u00e9lecteurs st\u00e9phanois pourront voter en toute connaissance de cause. L\u2019opposition socialiste y voit une excellente nouvelle pour la ville, consid\u00e9rant que le maire ne pourra plus se retrancher derri\u00e8re la seule pr\u00e9somption d\u2019innocence.<\/p>\n<p>Ce proc\u00e8s automnal s\u2019annonce donc comme un moment d\u00e9cisif pour l\u2019avenir politique st\u00e9phanois, qui pourra enfin tourner la page de cette affaire qui empoisonne la vie municipale depuis plusieurs ann\u00e9es.<\/p>\n","protected":false},"excerpt":{"rendered":"Une affaire de chantage \u00e0 la sextape qui secoue la politique locale depuis plusieurs ann\u00e9es trouve enfin son&hellip;\n","protected":false},"author":2,"featured_media":250442,"comment_status":"","ping_status":"","sticky":false,"template":"","format":"standard","meta":{"footnotes":""},"categories":[9653],"tags":[1111,11,2430,1777,674,1011,27,3367,12,316,25,4001],"class_list":{"0":"post-250441","1":"post","2":"type-post","3":"status-publish","4":"format-standard","5":"has-post-thumbnail","7":"category-saint-etienne","8":"tag-actu","9":"tag-actualites","10":"tag-auvergne-rhone-alpes","11":"tag-eu","12":"tag-europe","13":"tag-fr","14":"tag-france","15":"tag-loire","16":"tag-news","17":"tag-politique","18":"tag-republique-francaise","19":"tag-saint-etienne"},"share_on_mastodon":{"url":"https:\/\/pubeurope.com\/@fr\/114854410581386812","error":""},"_links":{"self":[{"href":"https:\/\/www.europesays.com\/fr\/wp-json\/wp\/v2\/posts\/250441","targetHints":{"allow":["GET"]}}],"collection":[{"href":"https:\/\/www.europesays.com\/fr\/wp-json\/wp\/v2\/posts"}],"about":[{"href":"https:\/\/www.europesays.com\/fr\/wp-json\/wp\/v2\/types\/post"}],"author":[{"embeddable":true,"href":"https:\/\/www.europesays.com\/fr\/wp-json\/wp\/v2\/users\/2"}],"replies":[{"embeddable":true,"href":"https:\/\/www.europesays.com\/fr\/wp-json\/wp\/v2\/comments?post=250441"}],"version-history":[{"count":0,"href":"https:\/\/www.europesays.com\/fr\/wp-json\/wp\/v2\/posts\/250441\/revisions"}],"wp:featuredmedia":[{"embeddable":true,"href":"https:\/\/www.europesays.com\/fr\/wp-json\/wp\/v2\/media\/250442"}],"wp:attachment":[{"href":"https:\/\/www.europesays.com\/fr\/wp-json\/wp\/v2\/media?parent=250441"}],"wp:term":[{"taxonomy":"category","embeddable":true,"href":"https:\/\/www.europesays.com\/fr\/wp-json\/wp\/v2\/categories?post=250441"},{"taxonomy":"post_tag","embeddable":true,"href":"https:\/\/www.europesays.com\/fr\/wp-json\/wp\/v2\/tags?post=250441"}],"curies":[{"name":"wp","href":"https:\/\/api.w.org\/{rel}","templated":true}]}}