{"id":250452,"date":"2025-07-15T00:35:18","date_gmt":"2025-07-15T00:35:18","guid":{"rendered":"https:\/\/www.europesays.com\/fr\/250452\/"},"modified":"2025-07-15T00:35:18","modified_gmt":"2025-07-15T00:35:18","slug":"braderie-brocante-des-commercants-agenda","status":"publish","type":"post","link":"https:\/\/www.europesays.com\/fr\/250452\/","title":{"rendered":"Braderie Brocante des commer\u00e7ants &#8211; Agenda"},"content":{"rendered":"<p>\n\t\t\t\t\t\t\t\t31 Ao\u00fbt 2025  d\u00e8s 09h00\n\t\t\t\t\t\t\t<\/p>\n<p>\t\t\t\t<img loading=\"lazy\" decoding=\"async\" width=\"1110\" title=\"Braderie Brocante des commer\u00e7ants\" class=\"img-fluid not_lzld mb-3\" src=\"https:\/\/grandgrenoble.alpes1.com\/media\/event\/thumb\/1110x624_6874cd588c6b6-68735e0d49b74-screenshot-2025-07-12-18-13-20-125-com-microsoft-office-officehubrow.webp\" alt=\"Braderie Brocante des commer\u00e7ants\" itemprop=\"image\" height=\"624\"\/><\/p>\n<p itemprop=\"description\"><strong>Profitez de bonnes affaires propos\u00e9s par les commer\u00e7ants, chinez \u00e0 la brocante, profitez d&rsquo;un concert, bref plein d&rsquo;animation de pr\u00e9vue.Quartier Porte de la buisse. Pour r\u00e9server un emplacement contacter \u00a0\u00bb Le bon chineur\u00a0\u00bb<\/strong><\/p>\n<p>Braderie organis\u00e9e par certains commer\u00e7ants de Voiron du quartier Porte de la Buisse et rue des Terreaux. Brocante organis\u00e9 par le bon chineur. Restauration sur place, animation et concert pr\u00e9vu. Artisanat et boutique ind\u00e9pendante \u00e0 d\u00e9couvrir sur place.<br \/>Une belle journ\u00e9e familiale en vue. Pensez a noter la date de l&rsquo;\u00e9v\u00e9nement !<\/p>\n","protected":false},"excerpt":{"rendered":"31 Ao\u00fbt 2025 d\u00e8s 09h00 Profitez de bonnes affaires propos\u00e9s par les commer\u00e7ants, chinez \u00e0 la brocante, profitez&hellip;\n","protected":false},"author":2,"featured_media":250453,"comment_status":"","ping_status":"","sticky":false,"template":"","format":"standard","meta":{"footnotes":""},"categories":[9566],"tags":[1111,11,7733,8279,2430,7736,650,7734,2889,2263,1777,674,1011,27,2731,8280,6417,1114,108,4662,12,3725,1825,25,7737],"class_list":{"0":"post-250452","1":"post","2":"type-post","3":"status-publish","4":"format-standard","5":"has-post-thumbnail","7":"category-grenoble","8":"tag-actu","9":"tag-actualites","10":"tag-alpes","11":"tag-alpes1","12":"tag-auvergne-rhone-alpes","13":"tag-cds","14":"tag-cinema","15":"tag-ecoute","16":"tag-emission","17":"tag-equipe","18":"tag-eu","19":"tag-europe","20":"tag-fr","21":"tag-france","22":"tag-grenoble","23":"tag-haute","24":"tag-information","25":"tag-infos","26":"tag-isere","27":"tag-journal","28":"tag-news","29":"tag-podcast","30":"tag-radio","31":"tag-republique-francaise","32":"tag-winamp"},"share_on_mastodon":{"url":"https:\/\/pubeurope.com\/@fr\/114854449936306456","error":""},"_links":{"self":[{"href":"https:\/\/www.europesays.com\/fr\/wp-json\/wp\/v2\/posts\/250452","targetHints":{"allow":["GET"]}}],"collection":[{"href":"https:\/\/www.europesays.com\/fr\/wp-json\/wp\/v2\/posts"}],"about":[{"href":"https:\/\/www.europesays.com\/fr\/wp-json\/wp\/v2\/types\/post"}],"author":[{"embeddable":true,"href":"https:\/\/www.europesays.com\/fr\/wp-json\/wp\/v2\/users\/2"}],"replies":[{"embeddable":true,"href":"https:\/\/www.europesays.com\/fr\/wp-json\/wp\/v2\/comments?post=250452"}],"version-history":[{"count":0,"href":"https:\/\/www.europesays.com\/fr\/wp-json\/wp\/v2\/posts\/250452\/revisions"}],"wp:featuredmedia":[{"embeddable":true,"href":"https:\/\/www.europesays.com\/fr\/wp-json\/wp\/v2\/media\/250453"}],"wp:attachment":[{"href":"https:\/\/www.europesays.com\/fr\/wp-json\/wp\/v2\/media?parent=250452"}],"wp:term":[{"taxonomy":"category","embeddable":true,"href":"https:\/\/www.europesays.com\/fr\/wp-json\/wp\/v2\/categories?post=250452"},{"taxonomy":"post_tag","embeddable":true,"href":"https:\/\/www.europesays.com\/fr\/wp-json\/wp\/v2\/tags?post=250452"}],"curies":[{"name":"wp","href":"https:\/\/api.w.org\/{rel}","templated":true}]}}