{"id":250454,"date":"2025-07-15T00:36:19","date_gmt":"2025-07-15T00:36:19","guid":{"rendered":"https:\/\/www.europesays.com\/fr\/250454\/"},"modified":"2025-07-15T00:36:19","modified_gmt":"2025-07-15T00:36:19","slug":"ces-artistes-se-mobilisent-pour-aider-une-jeune-fille-handicapee-en-ille-et-vilaine","status":"publish","type":"post","link":"https:\/\/www.europesays.com\/fr\/250454\/","title":{"rendered":"Ces artistes se mobilisent pour aider une jeune fille handicap\u00e9e en Ille-et-Vilaine"},"content":{"rendered":"<p><strong>\u00ab\u00a0Nous sommes dans notre r\u00f4le\u00a0\u00bb,<\/strong> affirmait \u00c9lisabeth Lartigue, de l\u2019association Atelier Clochette, mercredi 9\u00a0juillet 2025, <a href=\"https:\/\/rennes.maville.com\/actu\/actudet_-ploubalay.-des-habitants-se-mobilisent-pour-maiwenn_5-3992196_actu.Htm\" rel=\"nofollow noopener\" target=\"_blank\">en accueillant Ma\u00efwenn et sa maman, \u00c9milie<\/a>. C\u2019\u00e9tait le moment de faire plus ample connaissance. \u00ab\u00a0<strong>Nous avons souhait\u00e9 participer \u00e0 ce challenge en apportant une aide mat\u00e9rielle, pour le financement d\u2019une commande oculaire qui permet \u00e0 Ma\u00efwenn de communiquer.\u00a0\u00bb<\/strong><\/p>\n<p><strong>Communiquer uniquement avec le regard<\/strong><\/p>\n<p>Il s\u2019agit de trouver la somme de 20\u00a0000\u00a0\u20ac pour financer cette technologie. Les couturi\u00e8res ont permis de gonfler g\u00e9n\u00e9reusement la cagnotte, qui mobilise d\u2019autres associations des C\u00f4tes-d\u2019Armor. Mais, <a href=\"https:\/\/dinan.maville.com\/bretagne\/cotes-d-armor\/beaussais-sur-mer\/\" rel=\"nofollow noopener\" target=\"_blank\">Ploubalay <\/a>(C\u00f4tes-d\u2019Armor), o\u00f9 r\u00e9side la famille de Ma\u00efwenn, est visible depuis la Ville-\u00e8s-Mariniaux (Ille-et-Vilaine), juste en face, de l\u2019autre c\u00f4t\u00e9 du Fr\u00e9mur. La proximit\u00e9 des deux communes donne <strong>\u00ab\u00a0une raison de plus pour se joindre au mouvement\u00a0\u00bb,<\/strong> avance une participante.<\/p>\n<p>L\u2019accueil, tr\u00e8s sympathique, a vite d\u00e9bouch\u00e9 sur des \u00e9changes pratiques et passionnants \u00e0 la fois.<strong> \u00ab\u00a0C\u2019est impressionnant de d\u00e9couvrir une technologie qui permet de piloter un PC, uniquement avec le regard\u00a0\u00bb,<\/strong> appr\u00e9cient les artistes. Et le regard de Ma\u00efwenn en dit long, par \u00e9cran interpos\u00e9. <strong>\u00ab\u00a0Cela a chang\u00e9 notre vie,<\/strong> reconna\u00eet la maman qui a deux autres gar\u00e7ons \u00e0 \u00e9lever. <strong>C\u2019est un outil formidable\u00a0!\u00a0\u00bb<\/strong> Qui ne laisse gu\u00e8re de temps libre \u00e0 la maman. <strong>\u00ab\u00a0Ma\u00efwenn est tr\u00e8s communicative. Cet outil a\u00a0vraiment chang\u00e9 sa vie.\u00a0\u00bb<\/strong><\/p>\n<p><strong>Lire aussi\u00a0:<\/strong> <a href=\"https:\/\/saint-malo.maville.com\/actu\/actudet_-sur-la-cote-d-emeraude-elles-veulent-changer-la-vision-sur-le-handicap-_7-6208539_actu.Htm\" rel=\"nofollow noopener\" target=\"_blank\">Sur la C\u00f4te d\u2019Emeraude, elles veulent changer la vision sur le handicap<\/a><\/p>\n<p><strong>Une forte participation des visiteurs<\/strong><\/p>\n<p>La soir\u00e9e sera diff\u00e9rente, apr\u00e8s cette rencontre, pour les membres de l\u2019Atelier Clochette, rejointes par des amies des C\u00f4tes-d\u2019Armor. <strong>\u00ab\u00a0Nous sommes sept, d\u00e9sormais. Six couturi\u00e8res et une tricoteuse. Elle vient renforcer notre petite \u00e9quipe qui s\u2019agrandit tranquillement\u00a0\u00bb,<\/strong> appr\u00e9cie \u00c9lisabeth Lartigue. Le groupe se r\u00e9unit chaque semaine, et confectionne pour la bonne cause. <strong>\u00ab\u00a0Nous avons ainsi r\u00e9alis\u00e9 une nouvelle collection de 152\u00a0pi\u00e8ces de v\u00eatements, pour enfants de 3\u00a0mois \u00e0 6\u00a0ans.\u00a0\u00bb<\/strong><\/p>\n<p>Mercredi 9\u00a0juillet 2025, la participation a \u00e9t\u00e9 tr\u00e8s forte, reconnaissent les membres de l\u2019association. Les visiteurs ont \u00e9t\u00e9 au rendez-vous\u00a0: \u00a0Rien qu\u2019en matin\u00e9e, nous avons vendu plus de cent pi\u00e8ces.\u00a0 Les derniers clients se sont partag\u00e9 le reste, en soir\u00e9e.<\/p>\n<p>Atelier Clochette, Ville-\u00e8s-Mariniaux. Contact\u00a0: elisabethmontembault@hotmail.com<\/p>\n<p>\u00a0<\/p>\n","protected":false},"excerpt":{"rendered":"\u00ab\u00a0Nous sommes dans notre r\u00f4le\u00a0\u00bb, affirmait \u00c9lisabeth Lartigue, de l\u2019association Atelier Clochette, mercredi 9\u00a0juillet 2025, en accueillant Ma\u00efwenn&hellip;\n","protected":false},"author":2,"featured_media":250455,"comment_status":"","ping_status":"","sticky":false,"template":"","format":"standard","meta":{"footnotes":""},"categories":[2821],"tags":[1111,11,4180,2937,829,1777,674,195,1011,27,39067,848,3913,16073,12,584,25],"class_list":{"0":"post-250454","1":"post","2":"type-post","3":"status-publish","4":"format-standard","5":"has-post-thumbnail","7":"category-rennes","8":"tag-actu","9":"tag-actualites","10":"tag-aider","11":"tag-artistes","12":"tag-bretagne","13":"tag-eu","14":"tag-europe","15":"tag-fille","16":"tag-fr","17":"tag-france","18":"tag-handicapee","19":"tag-ille-et-vilaine","20":"tag-jeune","21":"tag-mobilisent","22":"tag-news","23":"tag-rennes","24":"tag-republique-francaise"},"share_on_mastodon":{"url":"https:\/\/pubeurope.com\/@fr\/114854453750054159","error":""},"_links":{"self":[{"href":"https:\/\/www.europesays.com\/fr\/wp-json\/wp\/v2\/posts\/250454","targetHints":{"allow":["GET"]}}],"collection":[{"href":"https:\/\/www.europesays.com\/fr\/wp-json\/wp\/v2\/posts"}],"about":[{"href":"https:\/\/www.europesays.com\/fr\/wp-json\/wp\/v2\/types\/post"}],"author":[{"embeddable":true,"href":"https:\/\/www.europesays.com\/fr\/wp-json\/wp\/v2\/users\/2"}],"replies":[{"embeddable":true,"href":"https:\/\/www.europesays.com\/fr\/wp-json\/wp\/v2\/comments?post=250454"}],"version-history":[{"count":0,"href":"https:\/\/www.europesays.com\/fr\/wp-json\/wp\/v2\/posts\/250454\/revisions"}],"wp:featuredmedia":[{"embeddable":true,"href":"https:\/\/www.europesays.com\/fr\/wp-json\/wp\/v2\/media\/250455"}],"wp:attachment":[{"href":"https:\/\/www.europesays.com\/fr\/wp-json\/wp\/v2\/media?parent=250454"}],"wp:term":[{"taxonomy":"category","embeddable":true,"href":"https:\/\/www.europesays.com\/fr\/wp-json\/wp\/v2\/categories?post=250454"},{"taxonomy":"post_tag","embeddable":true,"href":"https:\/\/www.europesays.com\/fr\/wp-json\/wp\/v2\/tags?post=250454"}],"curies":[{"name":"wp","href":"https:\/\/api.w.org\/{rel}","templated":true}]}}