{"id":250458,"date":"2025-07-15T00:40:12","date_gmt":"2025-07-15T00:40:12","guid":{"rendered":"https:\/\/www.europesays.com\/fr\/250458\/"},"modified":"2025-07-15T00:40:12","modified_gmt":"2025-07-15T00:40:12","slug":"moise-sahi-va-quitter-le-racing-alsasports","status":"publish","type":"post","link":"https:\/\/www.europesays.com\/fr\/250458\/","title":{"rendered":"Mo\u00efse Sahi va quitter le Racing \u2014 Alsa&rsquo;Sports"},"content":{"rendered":"<p><strong>L\u2019attaquant ivoirien du Racing Mo\u00efse Sahi Dion (23 ans) va quitter le club pour rallier Dender en Jupiler Pro League en Belgique. <\/strong><\/p>\n<p>Apr\u00e8s le futur d\u00e9part en pr\u00eat du d\u00e9fenseur Yoni Gomis \u00e0 Beveren (D2), un autre joueur du Racing Club de Strasbourg va rejoindre la Belgique. L\u2019attaquant ivoirien Mo\u00efse Sahi Dion (23 ans) va signer \u00e0 Dender, le 12\u00e8me (sur 16) de la derni\u00e8re saison r\u00e9guli\u00e8re de Jupiler Pro League, selon une information du journaliste belge Sacha Tavolieri.<\/p>\n<p>Sahi Dion va retrouver du temps du jeu apr\u00e8s avoir pass\u00e9 une saison blanche. Il s\u2019agit d\u2019un contrat d\u2019un an avec une ann\u00e9e de plus en option. Le quotidien L\u2019\u00c9quipe avance que les deux clubs se sont entendus sur un pourcentage \u00e0 la revente de 30\u00a0%.<\/p>\n<p><strong>Pas moins de 8 blessures \u00e0 Strasbourg !<\/strong><\/p>\n<p>Mo\u00efse Sahi Dion est arriv\u00e9 en Alsace en janvier 2021 avec l\u2019\u00e9tiquette d\u2019ailier tr\u00e8s prometteur. Mais son passage \u00e0 Strasbourg a tr\u00e8s vite \u00e9t\u00e9 marqu\u00e9 par de longues blessures qui l\u2019ont emp\u00each\u00e9 de maintenir un certain niveau. L\u2019ailier a connu pas moins de 8 blessures au Racing : deux fois l\u2019ischio, deux fois la cuisse, une au genou et une rupture au tendon d\u2019Achille derni\u00e8rement. <\/p>\n<p>Belle et seule \u00e9claircie de la carri\u00e8re europ\u00e9enne de Sahi, il avait \u00e9t\u00e9 pr\u00eat\u00e9 lors de la saison 2022\/2023 \u00e0 Annecy et avait marqu\u00e9 15 buts en 36 matches de Ligue 2. Au total, Mo\u00efse Sahi Dion a disput\u00e9 35 matches officiels au RCSA toutes comp\u00e9titions confondues pour 6 buts. L\u2019ivoirien a de belles qualit\u00e9s qu\u2019il pourra exploiter en Belgique si son corps le lui permet. <\/p>\n","protected":false},"excerpt":{"rendered":"L\u2019attaquant ivoirien du Racing Mo\u00efse Sahi Dion (23 ans) va quitter le club pour rallier Dender en Jupiler&hellip;\n","protected":false},"author":2,"featured_media":250459,"comment_status":"","ping_status":"","sticky":false,"template":"","format":"standard","meta":{"footnotes":""},"categories":[2820],"tags":[1111,11,1777,674,63,1011,27,775,39068,12,4448,25,640],"class_list":{"0":"post-250458","1":"post","2":"type-post","3":"status-publish","4":"format-standard","5":"has-post-thumbnail","7":"category-strasbourg","8":"tag-actu","9":"tag-actualites","10":"tag-eu","11":"tag-europe","12":"tag-football","13":"tag-fr","14":"tag-france","15":"tag-grand-est","16":"tag-moise-dion-sahi","17":"tag-news","18":"tag-rc-strasbourg","19":"tag-republique-francaise","20":"tag-strasbourg"},"share_on_mastodon":{"url":"https:\/\/pubeurope.com\/@fr\/114854469522696164","error":""},"_links":{"self":[{"href":"https:\/\/www.europesays.com\/fr\/wp-json\/wp\/v2\/posts\/250458","targetHints":{"allow":["GET"]}}],"collection":[{"href":"https:\/\/www.europesays.com\/fr\/wp-json\/wp\/v2\/posts"}],"about":[{"href":"https:\/\/www.europesays.com\/fr\/wp-json\/wp\/v2\/types\/post"}],"author":[{"embeddable":true,"href":"https:\/\/www.europesays.com\/fr\/wp-json\/wp\/v2\/users\/2"}],"replies":[{"embeddable":true,"href":"https:\/\/www.europesays.com\/fr\/wp-json\/wp\/v2\/comments?post=250458"}],"version-history":[{"count":0,"href":"https:\/\/www.europesays.com\/fr\/wp-json\/wp\/v2\/posts\/250458\/revisions"}],"wp:featuredmedia":[{"embeddable":true,"href":"https:\/\/www.europesays.com\/fr\/wp-json\/wp\/v2\/media\/250459"}],"wp:attachment":[{"href":"https:\/\/www.europesays.com\/fr\/wp-json\/wp\/v2\/media?parent=250458"}],"wp:term":[{"taxonomy":"category","embeddable":true,"href":"https:\/\/www.europesays.com\/fr\/wp-json\/wp\/v2\/categories?post=250458"},{"taxonomy":"post_tag","embeddable":true,"href":"https:\/\/www.europesays.com\/fr\/wp-json\/wp\/v2\/tags?post=250458"}],"curies":[{"name":"wp","href":"https:\/\/api.w.org\/{rel}","templated":true}]}}