{"id":250460,"date":"2025-07-15T00:41:08","date_gmt":"2025-07-15T00:41:08","guid":{"rendered":"https:\/\/www.europesays.com\/fr\/250460\/"},"modified":"2025-07-15T00:41:08","modified_gmt":"2025-07-15T00:41:08","slug":"la-justice-donne-tort-a-christian-estrosi","status":"publish","type":"post","link":"https:\/\/www.europesays.com\/fr\/250460\/","title":{"rendered":"la justice donne tort \u00e0 Christian Estrosi"},"content":{"rendered":"<p>            Par<br \/>\n        <strong><br \/>\n            <a href=\"https:\/\/actu.fr\/auteur\/fabien-binacchi\" title=\"Consulter tous les articles de Fabien Binacchi\" target=\"_blank\" rel=\"noopener\">Fabien Binacchi<\/a><br \/>\n        <\/strong><\/p>\n<p>        Publi\u00e9 le<\/p>\n<p>            14 juil. 2025 \u00e0 17h40        <\/p>\n<p>La vid\u00e9o de <a href=\"https:\/\/actu.fr\/provence-alpes-cote-d-azur\/villefranche-sur-mer_06159\/cassez-vous-le-coup-de-sang-de-christian-estrosi-contre-un-bateau-de-croisiere-pres-de-nice_62865497.html\" target=\"_blank\" rel=\"noopener\">son tr\u00e8s gros coup de col\u00e8re<\/a> face \u00e0 un m\u00e9ga paquebot en rade de Villefranche-sur-Mer a \u00e9t\u00e9 vue et partag\u00e9e \u00e0 de tr\u00e8s nombreuses reprises. Elle a m\u00eame fait l\u2019objet de memes, sur Internet. Pourtant, en r\u00e9clamant vertement au capitaine de larguer les amarres, <a href=\"https:\/\/actu.fr\/tag\/christian-estrosi\" target=\"_blank\" rel=\"noopener\">Christian Estrosi<\/a> (Horizons) ne s\u2019appuyait <strong>sur aucune base l\u00e9gale.<\/strong><\/p>\n<p class=\" wall-content\">Aucun arr\u00eat\u00e9 n\u2019avait \u00e9t\u00e9 publi\u00e9 pour interdire celles de plus de 2500 passagers, comme il l\u2019avait pourtant revendiqu\u00e9 au printemps. La semaine derni\u00e8re, <strong>l\u2019\u00e9dile s\u2019est d\u00e9cid\u00e9 \u00e0 signer un texte\u2026 finalement jug\u00e9 ill\u00e9gal.<\/strong> La pr\u00e9fecture et la justice ont repris le maire de <a href=\"https:\/\/actu.fr\/nice\/\" target=\"_blank\" rel=\"noopener\">Nice<\/a> de vol\u00e9e. Elles sont formelles\u2009: ce n\u2019est pas de sa comp\u00e9tence.<\/p>\n<p>Un coup de sang ou un coup de com\u2009?<\/p>\n<p class=\" wall-content\">\u00ab\u2009Vous n\u2019\u00eates pas autoris\u00e9s \u00e0 \u00eatre l\u00e0.\u2009Vous serez condamn\u00e9 tr\u00e8s s\u00e9v\u00e8rement pour cela\u2009\u00bb. <strong>Le 3\u00a0juillet 2025,<\/strong> le maire de Nice et pr\u00e9sident de la M\u00e9tropole \u00e9tait all\u00e9 montrer les muscles, au contact. Debout sur un semi-rigide de la police maritime, l\u2019index tendu vers ses interlocuteurs, Christian Estrosi avait r\u00e9clam\u00e9 du Voyager of the Seas, un paquebot d\u2019une capacit\u00e9 de 3000 croisi\u00e9ristes, qu\u2019il d\u00e9campe. En vain.<\/p>\n<p class=\" wall-content\">\n<p class=\" wall-content\">\u00ab\u2009Normal, <strong>c\u2019\u00e9tait un coup de com,<\/strong> aucun texte ne lui donne le droit de demander cela\u2009\u00bb, rappelle une source proche du dossier \u00e0 actu Nice. Aucun arr\u00eat\u00e9 n\u2019avait publi\u00e9. Le maire et pr\u00e9sident de la m\u00e9tropole de Nice n\u2019en a pas la comp\u00e9tence.<\/p>\n<blockquote class=\"ac-article-quote wall-content\">\n<p>Le juge des r\u00e9f\u00e9r\u00e9s a estim\u00e9 que le pr\u00e9sident de la M\u00e9tropole Nice C\u00f4te d\u2019Azur n\u2019\u00e9tait pas comp\u00e9tent pour \u00e9dicter de telles mesures.<\/p>\n<p>    <strong>Le tribunal administratif de Nice<\/strong>\n            <\/p><\/blockquote>\n<p>Vid\u00e9os : en ce moment sur Actu<\/p>\n<p class=\" wall-content\">C\u2019est ce qu\u2019a confirm\u00e9 le tribunal administratif de Nice, saisi par les services de l\u2019\u00c9tat apr\u00e8s la publication, finalement, d\u2019un texte en date du 9\u00a0juillet. <strong>Seul le pr\u00e9fet des Alpes-Maritimes<\/strong> peut \u00ab\u2009dans le cadre de ses pouvoirs de police du plan d\u2019eau, organiser les entr\u00e9es, les sorties et les mouvements des navires\u2009\u00bb, a expliqu\u00e9 la juridiction.<\/p>\n<p>\u00ab\u2009L\u2019urgence climatique\u2009\u00bb<\/p>\n<p class=\" wall-content\">L\u2019arr\u00eat\u00e9 limitait le nombre de navires de plus de 2500 passagers \u00e0 65 par an \u00e0 Villefranche-sur-Mer et interdisant les escales de bateaux de plus de 450 passagers dans le port de Nice, qui n\u2019accueille d\u00e9j\u00e0 que les unit\u00e9s les plus petites et les plus luxueuses.<\/p>\n<p class=\" wall-content\">Une initiative prise, selon lui, en rapport avec \u00ab\u2009l\u2019urgence climatique, la protection de la biodiversit\u00e9 marine, la promotion d\u2019un tourisme raisonn\u00e9 et la protection du patrimoine\u2009\u00bb. Mais \u00e9galement <strong>\u00ab\u2009entach\u00e9e de plusieurs ill\u00e9galit\u00e9s\u2009\u00bb<\/strong> et \u00ab\u2009de nature \u00e0 compromettre l\u2019exercice d\u2019une libert\u00e9 publique ou individuelle\u2009\u00bb, dixit la pr\u00e9fecture.<\/p>\n<p>L\u2019\u00c9tat doit \u00ab\u2009prendre ses responsabilit\u00e9s\u2009\u00bb<\/p>\n<p class=\" wall-content\">Pour le maire de Nice, que certains, dont le d\u00e9put\u00e9 \u00c9ric Ciotti, ont accus\u00e9 d\u2019avoir voulu faire le buzz, <strong>il y a en tout cas urgence \u00e0 agir.<\/strong> Dans un communiqu\u00e9 publi\u00e9 ce dimanche 13\u00a0juillet, il somme \u00ab\u2009l\u2019\u00c9tat \u00e0 prendre ses responsabilit\u00e9s\u2009\u00bb.<\/p>\n<p class=\" wall-content\">\n<p class=\" wall-content\">Il en va, selon lui, de la n\u00e9cessit\u00e9 de \u00ab\u2009prot\u00e9ger la sant\u00e9 des habitants\u2009\u00bb, visant notamment les gaz d\u2019\u00e9chappement des navires, pour lesquels les compagnies ont pris des initiatives.<\/p>\n<blockquote class=\"ac-article-quote wall-content\">\n<p>Si aucune mesure de police administrative n\u2019\u00e9tait \u00e9dict\u00e9e dans des d\u00e9lais raisonnables pour pr\u00e9venir les effets n\u00e9fastes \u2013 scientifiquement \u00e9tablis \u2013 des m\u00e9gas-croisi\u00e8res sur la sant\u00e9 humaine, la pr\u00e9servation de l\u2019environnement et la lutte contre le surtourisme, la M\u00e9tropole engagera la responsabilit\u00e9 de l\u2019\u00c9tat devant le juge administratif pour carence fautive.<\/p>\n<p>    <strong>Christian Estrosi<\/strong>\n            <\/p><\/blockquote>\n<p class=\" wall-content\">Son arr\u00eat\u00e9, qui devait entrer en vigueur vendredi, aurait concern\u00e9 jusqu\u2019\u00e0 la fin de l\u2019ann\u00e9e <strong>12 escales dans la rade de Villefranche-sur-Mer<\/strong> et <strong>53 \u00e0 Nice,<\/strong> pour un total cumul\u00e9 de 238000 passagers. Soit 65 passages de croisi\u00e8res sur un total de 131 d\u00e9j\u00e0 r\u00e9serv\u00e9es.<\/p>\n<p>Une concertation en septembre<\/p>\n<p class=\" wall-content\">\u00ab\u2009La M\u00e9tropole n\u2019interdit en r\u00e9alit\u00e9 qu\u2019une infime partie des escales de croisi\u00e8re\u2009\u00bb, avait r\u00e9agi l\u2019opposition \u00e9cologiste de Christian Estrosi, d\u00e9non\u00e7ant <strong>une \u00ab\u2009mascarade r\u00e9glementaire<\/strong> qui trahit les habitants, les engagements climatiques de la ville, et le bon sens\u2009\u00bb. Les \u00e9lus r\u00e9clamaient, le 10\u00a0juillet, \u00ab\u2009la tenue d\u2019une table ronde urgente avec les acteurs locaux, associatifs et scientifiques\u2009\u00bb.<\/p>\n<p class=\" wall-content\">Le lendemain, une r\u00e9union r\u00e9unissait \u00e0 la pr\u00e9fecture <strong>des repr\u00e9sentants du monde \u00e9conomique, maritime et politique<\/strong> qui sont tomb\u00e9s d\u2019accord. Une concertation sera lanc\u00e9e \u00e0 partir de septembre sur les conditions d\u2019accueil des navires de croisi\u00e8res.<\/p>\n<p class=\" wall-content\">En attendant, les ports de Nice et Villefranche-sur-Mer pourront continuer \u00e0 d\u00e9barquer des milliers de passagers. Ce lundi\u00a014, le Celebrity Equinox, un paquebot allemand d\u2019une capacit\u00e9 de 2850 personnes \u00e9tait stationn\u00e9 dans la rade villefranchoise.<\/p>\n<p class=\" wall-content\">Suivez toute l\u2019actualit\u00e9 de vos villes et m\u00e9dias favoris en vous inscrivant \u00e0 <a href=\"https:\/\/moncompte.actu.fr\" title=\"D\u00e9couvez Mon Actu\" rel=\"nofollow noopener\" data-trk=\"{&quot;cta&quot;:{&quot;action&quot;:&quot;https:\\\/\\\/moncompte.actu.fr&quot;,&quot;category&quot;:&quot;mon compte&quot;,&quot;from&quot;:&quot;article footer&quot;,&quot;name&quot;:&quot;Mon actu&quot;,&quot;type&quot;:&quot;cta&quot;}}\" target=\"_blank\">Mon Actu<\/a>.<\/p>\n","protected":false},"excerpt":{"rendered":"Par Fabien Binacchi Publi\u00e9 le 14 juil. 2025 \u00e0 17h40 La vid\u00e9o de son tr\u00e8s gros coup de&hellip;\n","protected":false},"author":2,"featured_media":250461,"comment_status":"","ping_status":"","sticky":false,"template":"","format":"standard","meta":{"footnotes":""},"categories":[2819],"tags":[1111,11,2397,2380,1777,674,1011,27,6127,12,2401,882,25,104],"class_list":{"0":"post-250460","1":"post","2":"type-post","3":"status-publish","4":"format-standard","5":"has-post-thumbnail","7":"category-nice","8":"tag-actu","9":"tag-actualites","10":"tag-christian-estrosi","11":"tag-croisiere","12":"tag-eu","13":"tag-europe","14":"tag-fr","15":"tag-france","16":"tag-mer","17":"tag-news","18":"tag-nice","19":"tag-provence-alpes-cote-dazur","20":"tag-republique-francaise","21":"tag-societe"},"share_on_mastodon":{"url":"https:\/\/pubeurope.com\/@fr\/114854473433952780","error":""},"_links":{"self":[{"href":"https:\/\/www.europesays.com\/fr\/wp-json\/wp\/v2\/posts\/250460","targetHints":{"allow":["GET"]}}],"collection":[{"href":"https:\/\/www.europesays.com\/fr\/wp-json\/wp\/v2\/posts"}],"about":[{"href":"https:\/\/www.europesays.com\/fr\/wp-json\/wp\/v2\/types\/post"}],"author":[{"embeddable":true,"href":"https:\/\/www.europesays.com\/fr\/wp-json\/wp\/v2\/users\/2"}],"replies":[{"embeddable":true,"href":"https:\/\/www.europesays.com\/fr\/wp-json\/wp\/v2\/comments?post=250460"}],"version-history":[{"count":0,"href":"https:\/\/www.europesays.com\/fr\/wp-json\/wp\/v2\/posts\/250460\/revisions"}],"wp:featuredmedia":[{"embeddable":true,"href":"https:\/\/www.europesays.com\/fr\/wp-json\/wp\/v2\/media\/250461"}],"wp:attachment":[{"href":"https:\/\/www.europesays.com\/fr\/wp-json\/wp\/v2\/media?parent=250460"}],"wp:term":[{"taxonomy":"category","embeddable":true,"href":"https:\/\/www.europesays.com\/fr\/wp-json\/wp\/v2\/categories?post=250460"},{"taxonomy":"post_tag","embeddable":true,"href":"https:\/\/www.europesays.com\/fr\/wp-json\/wp\/v2\/tags?post=250460"}],"curies":[{"name":"wp","href":"https:\/\/api.w.org\/{rel}","templated":true}]}}