{"id":250463,"date":"2025-07-15T00:45:01","date_gmt":"2025-07-15T00:45:01","guid":{"rendered":"https:\/\/www.europesays.com\/fr\/250463\/"},"modified":"2025-07-15T00:45:01","modified_gmt":"2025-07-15T00:45:01","slug":"fc-nantes-dunkerque-deja-en-crise-a-cause-de-castro","status":"publish","type":"post","link":"https:\/\/www.europesays.com\/fr\/250463\/","title":{"rendered":"FC Nantes : Dunkerque d\u00e9j\u00e0 en crise \u00e0 cause de Castro !"},"content":{"rendered":"<p><strong>Trois semaines seulement apr\u00e8s l\u2019avoir recrut\u00e9, Dunkerque a d\u00e9j\u00e0 vir\u00e9 le rempla\u00e7ant de Luis Castro, au pr\u00e9texte que ses m\u00e9thodes tranchaient trop avec celles du d\u00e9sormais entra\u00eeneur du FC Nantes.<\/strong><\/p>\n<p>Alors que Luis Castro conna\u00eet un d\u00e9but de pr\u00e9paration relativement serein avec le <a href=\"https:\/\/www.butfootballclub.fr\/fc-nantes-mercato-un-club-grec-pret-a-miser-sur-mostafa-mohamed\/\" rel=\"nofollow noopener\" target=\"_blank\">FC Nantes<\/a>, avec une premi\u00e8re victoire samedi contre Laval (2-0), pr\u00e9tendant \u00e0 la mont\u00e9e en Ligue 1, son ancien club, Dunkerque, est d\u00e9j\u00e0 en crise ! Il vient en effet de licencier son rempla\u00e7ant et compatriote Gon\u00e7alo Feio, qui n\u2019\u00e9tait pourtant en place que depuis trois semaines ! On se souvient que Castro a mis du temps \u00e0 se lib\u00e9rer de son contrat avec le pensionnaire de L2 car les deux clubs n\u2019arrivaient pas \u00e0 se mettre d\u2019accord sur une indemnit\u00e9. Mais une fois que \u00e7a a \u00e9t\u00e9 fait, l\u2019USLD a fonc\u00e9 sur Feio, qui \u00e9tait en poste au Legio Varsovie.<\/p>\n<p>Un style cassant que les joueurs n\u2019appr\u00e9ciaient pas<\/p>\n<p>Sauf que celui-ci s\u2019est rapidement mis tout le monde \u00e0 dos dans le Nord, avec des m\u00e9thodes cassantes et autoritaires, \u00e0 l\u2019oppos\u00e9 de celles de Castro ! Feio refusait de nommer les joueurs mis \u00e0 l\u2019essai ou demandait \u00e0 relire des interviews. En plus de cette communication verrouill\u00e9e, son comportement ne plaisait pas du tout aux joueurs. La Voix du Nord explique : \u00ab\u00a0Le management de Feio contrastait trop avec celui de Luis Castro, qui savait \u00e0 la fois \u00eatre ferme mais qui arrivait \u00e0 amener un c\u00f4t\u00e9 familial pour emmener tout le groupe avec lui\u00a0\u00bb.<\/p>\n<p>Les dirigeants dunkerquois ont compris que l\u2019\u00e9quipe allait droit dans le mur apr\u00e8s une d\u00e9faite 1-5 contre Boulogne en amical. Ils n\u2019ont pas h\u00e9sit\u00e9 \u00e0 actionner le si\u00e8ge \u00e9jectable et sont d\u00e9sormais en qu\u00eate d\u2019un nouveau coach. La succession de Luis Castro s\u2019annonce donc plus compliqu\u00e9e que pr\u00e9vue. Ce qui est une bonne nouvelle pour le <a href=\"https:\/\/www.butfootballclub.fr\/fc-nantes-un-canari-en-a-deja-mis-plein-la-vue-de-castro-contre-laval\/\" rel=\"nofollow noopener\" target=\"_blank\">FC Nantes<\/a> car ce sont g\u00e9n\u00e9ralement les bons entra\u00eeneurs qui laissent un grand vide apr\u00e8s leur d\u00e9part !<\/p>\n","protected":false},"excerpt":{"rendered":"Trois semaines seulement apr\u00e8s l\u2019avoir recrut\u00e9, Dunkerque a d\u00e9j\u00e0 vir\u00e9 le rempla\u00e7ant de Luis Castro, au pr\u00e9texte que&hellip;\n","protected":false},"author":2,"featured_media":250464,"comment_status":"","ping_status":"","sticky":false,"template":"","format":"standard","meta":{"footnotes":""},"categories":[2818],"tags":[1111,11,448,1777,674,63,1011,27,66,3388,766,12,2636,25,10662],"class_list":{"0":"post-250463","1":"post","2":"type-post","3":"status-publish","4":"format-standard","5":"has-post-thumbnail","7":"category-nantes","8":"tag-actu","9":"tag-actualites","10":"tag-champions-league","11":"tag-eu","12":"tag-europe","13":"tag-football","14":"tag-fr","15":"tag-france","16":"tag-ligue-1","17":"tag-matchs","18":"tag-nantes","19":"tag-news","20":"tag-pays-de-la-loire","21":"tag-republique-francaise","22":"tag-transferts"},"share_on_mastodon":{"url":"https:\/\/pubeurope.com\/@fr\/114854489136860961","error":""},"_links":{"self":[{"href":"https:\/\/www.europesays.com\/fr\/wp-json\/wp\/v2\/posts\/250463","targetHints":{"allow":["GET"]}}],"collection":[{"href":"https:\/\/www.europesays.com\/fr\/wp-json\/wp\/v2\/posts"}],"about":[{"href":"https:\/\/www.europesays.com\/fr\/wp-json\/wp\/v2\/types\/post"}],"author":[{"embeddable":true,"href":"https:\/\/www.europesays.com\/fr\/wp-json\/wp\/v2\/users\/2"}],"replies":[{"embeddable":true,"href":"https:\/\/www.europesays.com\/fr\/wp-json\/wp\/v2\/comments?post=250463"}],"version-history":[{"count":0,"href":"https:\/\/www.europesays.com\/fr\/wp-json\/wp\/v2\/posts\/250463\/revisions"}],"wp:featuredmedia":[{"embeddable":true,"href":"https:\/\/www.europesays.com\/fr\/wp-json\/wp\/v2\/media\/250464"}],"wp:attachment":[{"href":"https:\/\/www.europesays.com\/fr\/wp-json\/wp\/v2\/media?parent=250463"}],"wp:term":[{"taxonomy":"category","embeddable":true,"href":"https:\/\/www.europesays.com\/fr\/wp-json\/wp\/v2\/categories?post=250463"},{"taxonomy":"post_tag","embeddable":true,"href":"https:\/\/www.europesays.com\/fr\/wp-json\/wp\/v2\/tags?post=250463"}],"curies":[{"name":"wp","href":"https:\/\/api.w.org\/{rel}","templated":true}]}}