{"id":250467,"date":"2025-07-15T00:48:11","date_gmt":"2025-07-15T00:48:11","guid":{"rendered":"https:\/\/www.europesays.com\/fr\/250467\/"},"modified":"2025-07-15T00:48:11","modified_gmt":"2025-07-15T00:48:11","slug":"emirates-renforce-ses-equipages-a-toulouse","status":"publish","type":"post","link":"https:\/\/www.europesays.com\/fr\/250467\/","title":{"rendered":"Emirates renforce ses \u00e9quipages \u00e0 Toulouse"},"content":{"rendered":"<p>Emirates organise une nouvelle journ\u00e9e de recrutement \u00e0 Toulouse. Le 22\u00a0juillet prochain, la compagnie a\u00e9rienne investira en effet le Plaza Hotel Capitole pour rencontrer les candidats.<\/p>\n<p>Pour participer, les personnes int\u00e9ress\u00e9es sont invit\u00e9es \u00e0 d\u00e9poser leur candidature en ligne, accompagn\u00e9e d\u2019un CV en anglais et d\u2019une photographie r\u00e9cente., mais il est \u00e9galement possible de se pr\u00e9senter sans rendez-vous. La session de recrutement durera toute une journ\u00e9e, et les candidats pr\u00e9s\u00e9lectionn\u00e9s seront inform\u00e9s le jour m\u00eame des horaires, \u00e9valuations et entretiens suppl\u00e9mentaires.<\/p>\n<p><strong>Postulez sur\u00a0: <a href=\"https:\/\/www.emiratesgroupcareers.com\/cabin-crew\/\" class=\"spip_out\" rel=\"external noopener\" target=\"_blank\">www.emiratesgroupcareers.com<\/a><\/strong><\/p>\n","protected":false},"excerpt":{"rendered":"Emirates organise une nouvelle journ\u00e9e de recrutement \u00e0 Toulouse. Le 22\u00a0juillet prochain, la compagnie a\u00e9rienne investira en effet&hellip;\n","protected":false},"author":2,"featured_media":24040,"comment_status":"","ping_status":"","sticky":false,"template":"","format":"standard","meta":{"footnotes":""},"categories":[2816],"tags":[1111,11,10835,341,1777,674,1011,27,12,2680,25,2312,2445],"class_list":{"0":"post-250467","1":"post","2":"type-post","3":"status-publish","4":"format-standard","5":"has-post-thumbnail","7":"category-toulouse","8":"tag-actu","9":"tag-actualites","10":"tag-emirates","11":"tag-emploi","12":"tag-eu","13":"tag-europe","14":"tag-fr","15":"tag-france","16":"tag-news","17":"tag-occitanie","18":"tag-republique-francaise","19":"tag-toulouse","20":"tag-transport-aerien"},"share_on_mastodon":{"url":"https:\/\/pubeurope.com\/@fr\/114854500978969417","error":""},"_links":{"self":[{"href":"https:\/\/www.europesays.com\/fr\/wp-json\/wp\/v2\/posts\/250467","targetHints":{"allow":["GET"]}}],"collection":[{"href":"https:\/\/www.europesays.com\/fr\/wp-json\/wp\/v2\/posts"}],"about":[{"href":"https:\/\/www.europesays.com\/fr\/wp-json\/wp\/v2\/types\/post"}],"author":[{"embeddable":true,"href":"https:\/\/www.europesays.com\/fr\/wp-json\/wp\/v2\/users\/2"}],"replies":[{"embeddable":true,"href":"https:\/\/www.europesays.com\/fr\/wp-json\/wp\/v2\/comments?post=250467"}],"version-history":[{"count":0,"href":"https:\/\/www.europesays.com\/fr\/wp-json\/wp\/v2\/posts\/250467\/revisions"}],"wp:featuredmedia":[{"embeddable":true,"href":"https:\/\/www.europesays.com\/fr\/wp-json\/wp\/v2\/media\/24040"}],"wp:attachment":[{"href":"https:\/\/www.europesays.com\/fr\/wp-json\/wp\/v2\/media?parent=250467"}],"wp:term":[{"taxonomy":"category","embeddable":true,"href":"https:\/\/www.europesays.com\/fr\/wp-json\/wp\/v2\/categories?post=250467"},{"taxonomy":"post_tag","embeddable":true,"href":"https:\/\/www.europesays.com\/fr\/wp-json\/wp\/v2\/tags?post=250467"}],"curies":[{"name":"wp","href":"https:\/\/api.w.org\/{rel}","templated":true}]}}