{"id":250468,"date":"2025-07-15T00:49:13","date_gmt":"2025-07-15T00:49:13","guid":{"rendered":"https:\/\/www.europesays.com\/fr\/250468\/"},"modified":"2025-07-15T00:49:13","modified_gmt":"2025-07-15T00:49:13","slug":"chantier-du-metro-de-toulouse-sous-les-paves-linquietude","status":"publish","type":"post","link":"https:\/\/www.europesays.com\/fr\/250468\/","title":{"rendered":"Chantier du m\u00e9tro de Toulouse : sous les pav\u00e9s, l&rsquo;inqui\u00e9tude"},"content":{"rendered":"<p class=\"jsx-4058425199 jsx-2164199691 ExpandableText__Text\">\u00c0 Toulouse, c&rsquo;est l&rsquo;angoisse pour les habitants qui vivent au-dessus de la future ligne C du m\u00e9tro. Des fissures dans les maisons, un trou b\u00e9ant de cinq m\u00e8tres dans un jardin, un rez-de-chauss\u00e9e effondr\u00e9&#8230; Les incidents li\u00e9s aux travaux se multiplient  apr\u00e8s le passage du tunnelier, \u00e0 20 m\u00e8tres de profondeur. Depuis leur lancement, une dizaine de logements ont \u00e9t\u00e9 \u00e9vacu\u00e9s et plus de 30 personnes relog\u00e9es. Des experts pointent les sondages r\u00e9alis\u00e9s en amont pour d\u00e9terminer la nature du sol.<\/p>\n<p>Lire plusReplier<\/p>\n","protected":false},"excerpt":{"rendered":"\u00c0 Toulouse, c&rsquo;est l&rsquo;angoisse pour les habitants qui vivent au-dessus de la future ligne C du m\u00e9tro. Des&hellip;\n","protected":false},"author":2,"featured_media":250469,"comment_status":"","ping_status":"","sticky":false,"template":"","format":"standard","meta":{"footnotes":""},"categories":[2816],"tags":[1111,11,1777,674,1011,27,2952,12,2680,25,2312,12310,2086,133,5010],"class_list":{"0":"post-250468","1":"post","2":"type-post","3":"status-publish","4":"format-standard","5":"has-post-thumbnail","7":"category-toulouse","8":"tag-actu","9":"tag-actualites","10":"tag-eu","11":"tag-europe","12":"tag-fr","13":"tag-france","14":"tag-le-20h","15":"tag-news","16":"tag-occitanie","17":"tag-republique-francaise","18":"tag-toulouse","19":"tag-transports-en-commun-du-quotidien","20":"tag-travaux","21":"tag-video","22":"tag-video-sujets-de-societe"},"share_on_mastodon":{"url":"https:\/\/pubeurope.com\/@fr\/114854504859919579","error":""},"_links":{"self":[{"href":"https:\/\/www.europesays.com\/fr\/wp-json\/wp\/v2\/posts\/250468","targetHints":{"allow":["GET"]}}],"collection":[{"href":"https:\/\/www.europesays.com\/fr\/wp-json\/wp\/v2\/posts"}],"about":[{"href":"https:\/\/www.europesays.com\/fr\/wp-json\/wp\/v2\/types\/post"}],"author":[{"embeddable":true,"href":"https:\/\/www.europesays.com\/fr\/wp-json\/wp\/v2\/users\/2"}],"replies":[{"embeddable":true,"href":"https:\/\/www.europesays.com\/fr\/wp-json\/wp\/v2\/comments?post=250468"}],"version-history":[{"count":0,"href":"https:\/\/www.europesays.com\/fr\/wp-json\/wp\/v2\/posts\/250468\/revisions"}],"wp:featuredmedia":[{"embeddable":true,"href":"https:\/\/www.europesays.com\/fr\/wp-json\/wp\/v2\/media\/250469"}],"wp:attachment":[{"href":"https:\/\/www.europesays.com\/fr\/wp-json\/wp\/v2\/media?parent=250468"}],"wp:term":[{"taxonomy":"category","embeddable":true,"href":"https:\/\/www.europesays.com\/fr\/wp-json\/wp\/v2\/categories?post=250468"},{"taxonomy":"post_tag","embeddable":true,"href":"https:\/\/www.europesays.com\/fr\/wp-json\/wp\/v2\/tags?post=250468"}],"curies":[{"name":"wp","href":"https:\/\/api.w.org\/{rel}","templated":true}]}}