{"id":250472,"date":"2025-07-15T00:52:11","date_gmt":"2025-07-15T00:52:11","guid":{"rendered":"https:\/\/www.europesays.com\/fr\/250472\/"},"modified":"2025-07-15T00:52:11","modified_gmt":"2025-07-15T00:52:11","slug":"meme-avec-un-chien-guide-etre-malvoyant-reste-une-epreuve","status":"publish","type":"post","link":"https:\/\/www.europesays.com\/fr\/250472\/","title":{"rendered":"m\u00eame avec un chien guide, \u00eatre malvoyant reste une \u00e9preuve"},"content":{"rendered":"<p>Un harnais flambant neuf sur le dos, Titus grimpe les marches deux par deux, port\u00e9 par l\u2019euphorie de ses premi\u00e8res sorties dans les rues de Marseille. Ce labrador de trois ans termine sa premi\u00e8re semaine de service aux c\u00f4t\u00e9s de Sarah, sa nouvelle ma\u00eetresse, malvoyante. D\u00e9but juillet, l\u2019association <a href=\"https:\/\/www.laprovence.com\/article\/region\/3421721662332614\/un-labrador-guide-d-aveugle-a-la-ciotat-pour-redonner-liberte-et-autonomie-a-carole\" target=\"_blank\" rel=\"noopener\">Les Chiens Guides d\u2019Aveugles<\/a> lui a offert le 697e compagnon\u00a0dress\u00e9 depuis la cr\u00e9ation de cette structure, il y a presque 60\u00a0ans.<\/p>\n<p>Au bout de la laisse, Sarah, confie dans un sourire\u00a0: \u00ab\u00a0Titus m\u2019enl\u00e8ve les trois quarts des difficult\u00e9s que j\u2019avais au quotidien. Marseille je l\u2019aime, mais c\u2019est une ville compliqu\u00e9e \u00e0 parcourir pour les malvoyants.\u00a0\u00bb<\/p>\n<p>Une ville difficilement praticable<\/p>\n<p>M\u00eame pour une balade <a href=\"https:\/\/www.laprovence.com\/article\/region\/5281408518682914\/plus-de-9000-arbustes-109-arbres-au-coeur-du-parc-longchamp-a-marseille-la-nature-reprend-ses-droits\" target=\"_blank\" rel=\"noopener\">au parc Longchamp<\/a>, le parcours pour s\u2019y rendre peut relever de l\u2019\u00e9preuve\u00a0: \u00ab\u00a0Titus s\u2019est pris trois fois la t\u00eate dans les portiques du m\u00e9tro en deux jours\u2026 Notre seule solution c\u2019est de passer en courant\u00a0\u00bb, regrette sa nouvelle ma\u00eetresse. \u00ab\u00a0Aux\u00a0Cinq Avenues, aucun feu n\u2019est sonore, et m\u00eame le parc en lui-m\u00eame est inadapt\u00e9\u00a0\u00bb, compl\u00e8te Audrey Blazquez, \u00e9ducatrice du chien guide d\u2019aveugle.<\/p>\n<p>Depuis le d\u00e9but du mois, le labrador a donc patiemment appris les trajets qui composent le quotidien de Sarah, assistante sociale. \u00ab\u00a0Mais m\u00eame le Vieux-Port, le boulevard Sakakini, et la Canebi\u00e8re ne sont pas enti\u00e8rement \u00e9quip\u00e9s. Les trottoirs sont tout le temps encombr\u00e9s\u00a0\u00bb, souffle Sarah.<\/p>\n<p>En\u00a02025, la Ville de Marseille a d\u00e9velopp\u00e9 \u00ab\u00a0<a href=\"https:\/\/www.laprovence.com\/article\/region\/31627448442601\/handicap-a-marseille-une-application-innovante-pour-une-ville-plus-inclusive\" target=\"_blank\" rel=\"noopener\">My Easy Access<\/a>\u00ab\u00a0, une application de navigation urbaine pour personnes \u00e0 mobilit\u00e9 r\u00e9duite. \u00ab\u00a0C\u2019est un d\u00e9but, mais il reste beaucoup \u00e0 faire\u00a0!\u00a0\u00bb, assure Isabelle Laussine, l\u2019adjointe au maire charg\u00e9e des personnes en situation de handicap. Surtout dans les transports, appuie-t-elle\u00a0: \u00ab\u00a0Beaucoup payent pour un service mal rendu. C\u2019est tout simplement ce que j\u2019appelle de la discrimination.\u00a0\u00bb<\/p>\n<p><img alt=\"\" loading=\"lazy\" width=\"18\" height=\"18\" decoding=\"async\" data-nimg=\"1\" class=\"mx-[8px]\" style=\"color:transparent\" src=\"https:\/\/www.laprovence.com\/_next\/static\/media\/comment.b95dda91.svg\"\/>D\u00e9marrez la conversation<\/p>\n<p class=\"text-[1.8rem] mt-[32px]\">Votre opinion compte pour nous. Rejoignez la communaut\u00e9 laprovence.com en r\u00e9agissant sur l&rsquo;article \u00ab\u00a0\u00c0 Marseille, on a le minimum\u00a0\u00bb\u00a0: m\u00eame avec un chien guide, \u00eatre malvoyant reste une \u00e9preuve.<\/p>\n","protected":false},"excerpt":{"rendered":"Un harnais flambant neuf sur le dos, Titus grimpe les marches deux par deux, port\u00e9 par l\u2019euphorie de&hellip;\n","protected":false},"author":2,"featured_media":250473,"comment_status":"","ping_status":"","sticky":false,"template":"","format":"standard","meta":{"footnotes":""},"categories":[2814],"tags":[17,1111,11,3396,4850,1086,1777,674,1011,27,4463,884,3133,39069,12,882,16,25],"class_list":{"0":"post-250472","1":"post","2":"type-post","3":"status-publish","4":"format-standard","5":"has-post-thumbnail","7":"category-marseille","8":"tag-17","9":"tag-actu","10":"tag-actualites","11":"tag-avec","12":"tag-chien","13":"tag-etre","14":"tag-eu","15":"tag-europe","16":"tag-fr","17":"tag-france","18":"tag-guide","19":"tag-marseille","20":"tag-meme","21":"tag-minimum","22":"tag-news","23":"tag-provence-alpes-cote-dazur","24":"tag-region","25":"tag-republique-francaise"},"share_on_mastodon":{"url":"https:\/\/pubeurope.com\/@fr\/114854516794387765","error":""},"_links":{"self":[{"href":"https:\/\/www.europesays.com\/fr\/wp-json\/wp\/v2\/posts\/250472","targetHints":{"allow":["GET"]}}],"collection":[{"href":"https:\/\/www.europesays.com\/fr\/wp-json\/wp\/v2\/posts"}],"about":[{"href":"https:\/\/www.europesays.com\/fr\/wp-json\/wp\/v2\/types\/post"}],"author":[{"embeddable":true,"href":"https:\/\/www.europesays.com\/fr\/wp-json\/wp\/v2\/users\/2"}],"replies":[{"embeddable":true,"href":"https:\/\/www.europesays.com\/fr\/wp-json\/wp\/v2\/comments?post=250472"}],"version-history":[{"count":0,"href":"https:\/\/www.europesays.com\/fr\/wp-json\/wp\/v2\/posts\/250472\/revisions"}],"wp:featuredmedia":[{"embeddable":true,"href":"https:\/\/www.europesays.com\/fr\/wp-json\/wp\/v2\/media\/250473"}],"wp:attachment":[{"href":"https:\/\/www.europesays.com\/fr\/wp-json\/wp\/v2\/media?parent=250472"}],"wp:term":[{"taxonomy":"category","embeddable":true,"href":"https:\/\/www.europesays.com\/fr\/wp-json\/wp\/v2\/categories?post=250472"},{"taxonomy":"post_tag","embeddable":true,"href":"https:\/\/www.europesays.com\/fr\/wp-json\/wp\/v2\/tags?post=250472"}],"curies":[{"name":"wp","href":"https:\/\/api.w.org\/{rel}","templated":true}]}}