{"id":250477,"date":"2025-07-15T00:55:10","date_gmt":"2025-07-15T00:55:10","guid":{"rendered":"https:\/\/www.europesays.com\/fr\/250477\/"},"modified":"2025-07-15T00:55:10","modified_gmt":"2025-07-15T00:55:10","slug":"rhone-le-detenu-qui-setait-evade-dans-un-sac-interpelle-au-nord-de-lyon-son-complice-arrete-a-marseille","status":"publish","type":"post","link":"https:\/\/www.europesays.com\/fr\/250477\/","title":{"rendered":"Rh\u00f4ne. Le d\u00e9tenu qui s&rsquo;\u00e9tait \u00e9vad\u00e9 dans un sac interpell\u00e9 au nord de Lyon, son complice arr\u00eat\u00e9 \u00e0 Marseille"},"content":{"rendered":"<p>Le d\u00e9tenu de la prison d&rsquo;arr\u00eat de Lyon-Corbas (Rh\u00f4ne) <a href=\"https:\/\/www.ledauphine.com\/faits-divers-justice\/2025\/07\/12\/un-prisonnier-s-evade-en-se-cachant-dans-un-sac-de-son-codetenu\" target=\"_blank\" rel=\"noopener\">qui \u00e9tait en cavale depuis vendredi 11 juillet<\/a> a \u00e9t\u00e9 interpell\u00e9 ce lundi aux alentours de 6 heures \u00e0 Sathonay-Camp, dans le nord de la m\u00e9tropole lyonnaise, alors qu&rsquo;il sortait d&rsquo;une cave, rapporte <a href=\"https:\/\/www.leprogres.fr\/faits-divers-justice\/2025\/07\/14\/evasion-de-corbas-le-detenu-interpelle-ce-matin-dans-l-ouest-lyonnais\" target=\"_blank\" rel=\"noopener\">Le Progr\u00e8s<\/a>.<\/p>\n<p>Elyazid Ahamada avait r\u00e9ussi son coup en se dissimulant dans le sac de sport de son co-d\u00e9tenu qui \u00e9tait lib\u00e9r\u00e9 ce jour-l\u00e0. Sa disparition a \u00e9t\u00e9 constat\u00e9e le samedi, soit plus de 24 heures apr\u00e8s les faits.<\/p>\n<p>Son co-d\u00e9tenu complice a \u00e9t\u00e9 interpell\u00e9 \u00e0 22h ce dimanche \u00e0 Marseille. Ce dernier, plac\u00e9 en garde \u00e0 vue, sera ramen\u00e9 sur Lyon mardi \u00ab dans la journ\u00e9e \u00bb, selon le parquet de Lyon.<\/p>\n<p>Plusieurs peines d&#8217;emprisonnement<\/p>\n<p><a href=\"https:\/\/www.ledauphine.com\/faits-divers-justice\/2025\/07\/13\/le-fugitif-de-la-prison-de-corbas-vise-par-une-notice-rouge-interpol\" target=\"_blank\" rel=\"noopener\">De nationalit\u00e9 fran\u00e7aise, n\u00e9 \u00e0 Mamoudzou, \u00e0 Mayotte<\/a>,\u00a0Elyazid Ahamada \u00e9tait incarc\u00e9r\u00e9 pour ex\u00e9cuter plusieurs peines d\u2019emprisonnement li\u00e9es \u00e0 du trafic et \u00e0 des vols. Il faisait \u00e9galement l&rsquo;objet d&rsquo;un mandat de d\u00e9p\u00f4t dans le cadre d&rsquo;une information judiciaire li\u00e9e \u00e0 la criminalit\u00e9 organis\u00e9e et pour d\u00e9tention d\u2019armes de guerre.<\/p>\n<p>Le mis en cause a \u00e9t\u00e9 plac\u00e9 en garde \u00e0 vue pour \u00ab \u00e9vasion en bande organis\u00e9e et participation \u00e0 une association de malfaiteurs \u00bb.<\/p>\n<p class=\"note\">&gt;&gt; Lire l&rsquo;article du <a href=\"https:\/\/www.leprogres.fr\/faits-divers-justice\/2025\/07\/14\/evasion-de-corbas-le-detenu-interpelle-ce-matin-dans-l-ouest-lyonnais\" target=\"_blank\" rel=\"noopener\">Progr\u00e8s<\/a>.<\/p>\n","protected":false},"excerpt":{"rendered":"Le d\u00e9tenu de la prison d&rsquo;arr\u00eat de Lyon-Corbas (Rh\u00f4ne) qui \u00e9tait en cavale depuis vendredi 11 juillet a&hellip;\n","protected":false},"author":2,"featured_media":250478,"comment_status":"","ping_status":"","sticky":false,"template":"","format":"standard","meta":{"footnotes":""},"categories":[1889],"tags":[1111,11,2430,271,272,1777,674,274,107,1011,27,329,2428,12,25],"class_list":{"0":"post-250477","1":"post","2":"type-post","3":"status-publish","4":"format-standard","5":"has-post-thumbnail","7":"category-lyon","8":"tag-actu","9":"tag-actualites","10":"tag-auvergne-rhone-alpes","11":"tag-crime","12":"tag-delit-et-contravention","13":"tag-eu","14":"tag-europe","15":"tag-faits-divers-justice","16":"tag-fil-info","17":"tag-fr","18":"tag-france","19":"tag-france-monde","20":"tag-lyon","21":"tag-news","22":"tag-republique-francaise"},"share_on_mastodon":{"url":"","error":""},"_links":{"self":[{"href":"https:\/\/www.europesays.com\/fr\/wp-json\/wp\/v2\/posts\/250477","targetHints":{"allow":["GET"]}}],"collection":[{"href":"https:\/\/www.europesays.com\/fr\/wp-json\/wp\/v2\/posts"}],"about":[{"href":"https:\/\/www.europesays.com\/fr\/wp-json\/wp\/v2\/types\/post"}],"author":[{"embeddable":true,"href":"https:\/\/www.europesays.com\/fr\/wp-json\/wp\/v2\/users\/2"}],"replies":[{"embeddable":true,"href":"https:\/\/www.europesays.com\/fr\/wp-json\/wp\/v2\/comments?post=250477"}],"version-history":[{"count":0,"href":"https:\/\/www.europesays.com\/fr\/wp-json\/wp\/v2\/posts\/250477\/revisions"}],"wp:featuredmedia":[{"embeddable":true,"href":"https:\/\/www.europesays.com\/fr\/wp-json\/wp\/v2\/media\/250478"}],"wp:attachment":[{"href":"https:\/\/www.europesays.com\/fr\/wp-json\/wp\/v2\/media?parent=250477"}],"wp:term":[{"taxonomy":"category","embeddable":true,"href":"https:\/\/www.europesays.com\/fr\/wp-json\/wp\/v2\/categories?post=250477"},{"taxonomy":"post_tag","embeddable":true,"href":"https:\/\/www.europesays.com\/fr\/wp-json\/wp\/v2\/tags?post=250477"}],"curies":[{"name":"wp","href":"https:\/\/api.w.org\/{rel}","templated":true}]}}