{"id":250483,"date":"2025-07-15T01:00:16","date_gmt":"2025-07-15T01:00:16","guid":{"rendered":"https:\/\/www.europesays.com\/fr\/250483\/"},"modified":"2025-07-15T01:00:16","modified_gmt":"2025-07-15T01:00:16","slug":"mary-j-blige-et-50-cent-a-la-defense-arena-deux-legendes-deux-ambiances","status":"publish","type":"post","link":"https:\/\/www.europesays.com\/fr\/250483\/","title":{"rendered":"Mary J. Blige et 50 Cent \u00e0 la D\u00e9fense Arena\u00a0: deux l\u00e9gendes, deux ambiances"},"content":{"rendered":"<p class=\"paragraph text_align_left lp-f-body-02\">Il aura fallu patienter une heure sous le soleil pour que les portes de La D\u00e9fense Arena s\u2019ouvrent, ce dimanche. Pas de premi\u00e8re partie, faute de temps, pas d\u2019avertissement, juste un d\u00e9compte sur les \u00e9crans g\u00e9ants. Le public, d\u00e9j\u00e0 nerveux en entrant dans la salle, tr\u00e9pigne. La pression monte. 20 heures pile. La reine du R&amp;B <a href=\"https:\/\/www.leparisien.fr\/culture-loisirs\/musique\/dr-dre-snoop-dogg-eminem-et-mary-j-blige-pour-le-spectacle-de-la-mi-temps-du-super-bowl-2022-01-10-2021-WBDUGDNJW5FILEW2VFFGGD2RPM.php\" target=\"_blank\" rel=\"noreferrer nofollow noopener\">Mary J. Blige<\/a> et le roi du rap new-yorkais 50 Cent se pr\u00e9parent.<\/p>\n<p class=\"paragraph text_align_left lp-f-body-02\">Le compte \u00e0 rebours dispara\u00eet, les lumi\u00e8res s\u2019\u00e9teignent et quatre danseurs en blanc apparaissent. En toile de fond, une couronne sigl\u00e9e MB est soutenue par deux mains noires aux veines d\u2019or : la sc\u00e8ne semble dress\u00e9e pour un sacre.<\/p>\n","protected":false},"excerpt":{"rendered":"Il aura fallu patienter une heure sous le soleil pour que les portes de La D\u00e9fense Arena s\u2019ouvrent,&hellip;\n","protected":false},"author":2,"featured_media":250484,"comment_status":"","ping_status":"","sticky":false,"template":"","format":"standard","meta":{"footnotes":""},"categories":[1888],"tags":[11,872,1777,674,1011,27,873,12,626,25],"class_list":{"0":"post-250483","1":"post","2":"type-post","3":"status-publish","4":"format-standard","5":"has-post-thumbnail","7":"category-paris","8":"tag-actualites","9":"tag-culture-et-loisirs","10":"tag-eu","11":"tag-europe","12":"tag-fr","13":"tag-france","14":"tag-musique","15":"tag-news","16":"tag-paris","17":"tag-republique-francaise"},"share_on_mastodon":{"url":"https:\/\/pubeurope.com\/@fr\/114854548113779351","error":""},"_links":{"self":[{"href":"https:\/\/www.europesays.com\/fr\/wp-json\/wp\/v2\/posts\/250483","targetHints":{"allow":["GET"]}}],"collection":[{"href":"https:\/\/www.europesays.com\/fr\/wp-json\/wp\/v2\/posts"}],"about":[{"href":"https:\/\/www.europesays.com\/fr\/wp-json\/wp\/v2\/types\/post"}],"author":[{"embeddable":true,"href":"https:\/\/www.europesays.com\/fr\/wp-json\/wp\/v2\/users\/2"}],"replies":[{"embeddable":true,"href":"https:\/\/www.europesays.com\/fr\/wp-json\/wp\/v2\/comments?post=250483"}],"version-history":[{"count":0,"href":"https:\/\/www.europesays.com\/fr\/wp-json\/wp\/v2\/posts\/250483\/revisions"}],"wp:featuredmedia":[{"embeddable":true,"href":"https:\/\/www.europesays.com\/fr\/wp-json\/wp\/v2\/media\/250484"}],"wp:attachment":[{"href":"https:\/\/www.europesays.com\/fr\/wp-json\/wp\/v2\/media?parent=250483"}],"wp:term":[{"taxonomy":"category","embeddable":true,"href":"https:\/\/www.europesays.com\/fr\/wp-json\/wp\/v2\/categories?post=250483"},{"taxonomy":"post_tag","embeddable":true,"href":"https:\/\/www.europesays.com\/fr\/wp-json\/wp\/v2\/tags?post=250483"}],"curies":[{"name":"wp","href":"https:\/\/api.w.org\/{rel}","templated":true}]}}