{"id":250485,"date":"2025-07-15T01:01:12","date_gmt":"2025-07-15T01:01:12","guid":{"rendered":"https:\/\/www.europesays.com\/fr\/250485\/"},"modified":"2025-07-15T01:01:12","modified_gmt":"2025-07-15T01:01:12","slug":"festivites-du-14-juillet-les-plus-belles-photos-du-feu-dartifice-de-paris","status":"publish","type":"post","link":"https:\/\/www.europesays.com\/fr\/250485\/","title":{"rendered":"Festivit\u00e9s du 14-Juillet : les plus belles photos du feu d&rsquo;artifice de Paris"},"content":{"rendered":"<p class=\"article-p mdl\">Comme chaque ann\u00e9e, les festivit\u00e9s du 14-Juillet ont \u00e9t\u00e9 l\u2019occasion d\u2019admirer un sublime feu d\u2019artifice dans le ciel de Paris. Une fois la nuit tomb\u00e9e, \u00e0 partir de 23 heures, <strong>un admirable spectacle pyrotechnique a \u00e9t\u00e9 tir\u00e9 au-dessus de la tour Eiffel<\/strong>. Plusieurs tableaux ont \u00e9t\u00e9 mis en sc\u00e8ne, c\u00e9l\u00e9brant ainsi les dix ans de l\u2019Accord de Paris, la Seine ou encore le premier anniversaire des Jeux olympiques de Paris 2024.\u00a0<\/p>\n<p class=\"article-p mdl\">Pour la premi\u00e8re fois, <strong>1.000 drones ont \u00e9t\u00e9 utilis\u00e9s pour ce spectacle<\/strong>. Partis de plus de 120 postes de tir, dont 80 sur la tour Eiffel, ils ont vol\u00e9 au-dessus du Champ-de-Mars et du Trocad\u00e9ro afin d\u2019\u00e9clairer le paysage gr\u00e2ce \u00e0 des LED trichromiques avec diffuseur \u00e0 360 degr\u00e9s.<\/p>\n<p class=\"article-p mdl\">Plusieurs chansons embl\u00e9matiques fran\u00e7aises ont \u00e9t\u00e9 jou\u00e9es durant cette soir\u00e9e, notamment La symphonie des \u00e9clairs, de  Zaho de Sagazan, La Seine, de Vanessa Paradis et Matthieu Chedid, ou encore <strong>L\u2019Hymne \u00e0 l\u2019amour d\u2019\u00c9dith Piaf, repris par le violoncelliste Gautier Capu\u00e7on<\/strong>. Au rayon international, Samba de Janeiro de Bellini a permis de c\u00e9l\u00e9brer le Br\u00e9sil, tout comme New Romantics de Taylor Swift.<\/p>\n<p>    La r\u00e9daction vous recommande<\/p>\n<p class=\"s-newsletter__title\">\n                L\u2019actualit\u00e9 par la r\u00e9daction de RTL dans votre bo\u00eete mail.\n            <\/p>\n<p class=\"s-newsletter__subtitle\">\n                Gr\u00e2ce \u00e0 votre compte RTL abonnez-vous \u00e0 la newsletter RTL info pour suivre toute l&rsquo;actualit\u00e9 au quotidien\n            <\/p>\n<p>\n                                    Lire la suite\n                                <\/p>\n","protected":false},"excerpt":{"rendered":"Comme chaque ann\u00e9e, les festivit\u00e9s du 14-Juillet ont \u00e9t\u00e9 l\u2019occasion d\u2019admirer un sublime feu d\u2019artifice dans le ciel&hellip;\n","protected":false},"author":2,"featured_media":250486,"comment_status":"","ping_status":"","sticky":false,"template":"","format":"standard","meta":{"footnotes":""},"categories":[1888],"tags":[11,1777,674,4768,10917,107,1011,27,12,626,25,7184],"class_list":{"0":"post-250485","1":"post","2":"type-post","3":"status-publish","4":"format-standard","5":"has-post-thumbnail","7":"category-paris","8":"tag-actualites","9":"tag-eu","10":"tag-europe","11":"tag-fete","12":"tag-fete-nationale","13":"tag-fil-info","14":"tag-fr","15":"tag-france","16":"tag-news","17":"tag-paris","18":"tag-republique-francaise","19":"tag-tour-eiffel"},"share_on_mastodon":{"url":"https:\/\/pubeurope.com\/@fr\/114854552201622111","error":""},"_links":{"self":[{"href":"https:\/\/www.europesays.com\/fr\/wp-json\/wp\/v2\/posts\/250485","targetHints":{"allow":["GET"]}}],"collection":[{"href":"https:\/\/www.europesays.com\/fr\/wp-json\/wp\/v2\/posts"}],"about":[{"href":"https:\/\/www.europesays.com\/fr\/wp-json\/wp\/v2\/types\/post"}],"author":[{"embeddable":true,"href":"https:\/\/www.europesays.com\/fr\/wp-json\/wp\/v2\/users\/2"}],"replies":[{"embeddable":true,"href":"https:\/\/www.europesays.com\/fr\/wp-json\/wp\/v2\/comments?post=250485"}],"version-history":[{"count":0,"href":"https:\/\/www.europesays.com\/fr\/wp-json\/wp\/v2\/posts\/250485\/revisions"}],"wp:featuredmedia":[{"embeddable":true,"href":"https:\/\/www.europesays.com\/fr\/wp-json\/wp\/v2\/media\/250486"}],"wp:attachment":[{"href":"https:\/\/www.europesays.com\/fr\/wp-json\/wp\/v2\/media?parent=250485"}],"wp:term":[{"taxonomy":"category","embeddable":true,"href":"https:\/\/www.europesays.com\/fr\/wp-json\/wp\/v2\/categories?post=250485"},{"taxonomy":"post_tag","embeddable":true,"href":"https:\/\/www.europesays.com\/fr\/wp-json\/wp\/v2\/tags?post=250485"}],"curies":[{"name":"wp","href":"https:\/\/api.w.org\/{rel}","templated":true}]}}