{"id":250487,"date":"2025-07-15T01:02:10","date_gmt":"2025-07-15T01:02:10","guid":{"rendered":"https:\/\/www.europesays.com\/fr\/250487\/"},"modified":"2025-07-15T01:02:10","modified_gmt":"2025-07-15T01:02:10","slug":"la-russie-nacceptera-jamais-dultimatum-declare-henri-guaino-ancien-conseiller-special-de-nicolas-sarkozy","status":"publish","type":"post","link":"https:\/\/www.europesays.com\/fr\/250487\/","title":{"rendered":"\u00ab\u00a0La Russie n&rsquo;acceptera jamais d&rsquo;ultimatum\u00a0\u00bb, d\u00e9clare Henri Guaino, ancien conseiller sp\u00e9cial de Nicolas Sarkozy"},"content":{"rendered":"<p>Accord entre Trump et l&rsquo;Otan: \u00ab\u00a0La Russie n&rsquo;acceptera jamais d&rsquo;ultimatum\u00a0\u00bb, d\u00e9clare Henri Guaino, ancien conseiller sp\u00e9cial de Nicolas SarkozySur le m\u00eame sujet<a href=\"https:\/\/www.bfmtv.com\/international\/asie\/russie\/video-accord-entre-trump-et-l-otan-la-russie-n-acceptera-jamais-d-ultimatum-declare-henri-guaino-ancien-conseiller-special-de-nicolas-sarkozy_VN-202507140558.html\" title=\"Accord entre Trump et l&#039;Otan: &quot;La Russie n&#039;acceptera jamais d&#039;ultimatum&quot;, d\u00e9clare Henri Guaino, ancien conseiller sp\u00e9cial de Nicolas Sarkozy\" rel=\"nofollow noopener\" target=\"_blank\"><img width=\"16\" height=\"9\" class=\"lozad\"  alt=\"Accord entre Trump et l'Otan: &quot;La Russie n'acceptera jamais d'ultimatum&quot;, d\u00e9clare Henri Guaino, ancien conseiller sp\u00e9cial de Nicolas Sarkozy\"\/>en lectureAccord entre Trump et l&rsquo;Otan: \u00ab\u00a0La Russie n&rsquo;acceptera jamais d&rsquo;ultimatum\u00a0\u00bb, d\u00e9clare Henri Guaino, ancien conseiller sp\u00e9cial de Nicolas Sarkozy<\/a><a href=\"https:\/\/www.bfmtv.com\/international\/asie\/russie\/video-guerre-ukraine-russie-ce-n-est-pas-une-super-nouvelle-pour-les-contribuables-estime-alain-richard_VN-202507140554.html\" title=\"Guerre Ukraine-Russie: &quot;Ce n&#039;est pas une super nouvelle pour les contribuables&quot; estime Alain Richard\" rel=\"nofollow noopener\" target=\"_blank\"><img width=\"16\" height=\"9\" class=\"lozad\"  alt=\"Guerre Ukraine-Russie: &quot;Ce n'est pas une super nouvelle pour les contribuables&quot; estime Alain Richard\"\/>0:42Guerre Ukraine-Russie: \u00ab\u00a0Ce n&rsquo;est pas une super nouvelle pour les contribuables\u00a0\u00bb estime Alain Richard<\/a><a href=\"https:\/\/www.bfmtv.com\/international\/asie\/russie\/video-livraisons-d-armes-a-l-otan-le-kremlin-reagit-apres-les-annonces-de-donald-trump_VN-202507140530.html\" title=\"Livraisons d&#039;armes \u00e0 l&#039;OTAN: le Kremlin r\u00e9agit apr\u00e8s les annonces de Donald Trump\" rel=\"nofollow noopener\" target=\"_blank\"><img width=\"16\" height=\"9\" class=\"lozad\"  alt=\"Livraisons d'armes \u00e0 l'OTAN: le Kremlin r\u00e9agit apr\u00e8s les annonces de Donald Trump\"\/>1:07Livraisons d&rsquo;armes \u00e0 l&rsquo;OTAN: le Kremlin r\u00e9agit apr\u00e8s les annonces de Donald Trump<\/a><a href=\"https:\/\/www.bfmtv.com\/international\/asie\/russie\/video-menace-russe-il-faut-rattraper-30-ans-d-aveuglement-et-de-desarmement-militaire-affirme-alain-bauer_VN-202507140509.html\" title=\"Menace russe: &quot;Il faut rattraper 30 ans d&#039;aveuglement et de d\u00e9sarmement militaire&quot;, affirme Alain Bauer\" rel=\"nofollow noopener\" target=\"_blank\"><img width=\"16\" height=\"9\" class=\"lozad\"  alt=\"Menace russe: &quot;Il faut rattraper 30 ans d'aveuglement et de d\u00e9sarmement militaire&quot;, affirme Alain Bauer\"\/>1:39Menace russe: \u00ab\u00a0Il faut rattraper 30 ans d&rsquo;aveuglement et de d\u00e9sarmement militaire\u00a0\u00bb, affirme Alain Bauer<\/a><a href=\"https:\/\/www.bfmtv.com\/international\/amerique-nord\/etats-unis\/video-donald-trump-va-envoyer-des-armes-a-l-otan-pour-aider-l-ukraine_VN-202507140491.html\" title=\"Donald Trump va envoyer des armes \u00e0 l&#039;OTAN pour aider l&#039;Ukraine \" rel=\"nofollow noopener\" target=\"_blank\"><img width=\"16\" height=\"9\" class=\"lozad\"  alt=\"Donald Trump va envoyer des armes \u00e0 l'OTAN pour aider l'Ukraine \"\/>1:39Donald Trump va envoyer des armes \u00e0 l&rsquo;OTAN pour aider l&rsquo;Ukraine<\/a><a href=\"https:\/\/www.bfmtv.com\/replay-emissions\/bfm-story\/video-story-3-donald-trump-tres-mecontent-de-la-russie-14-07_VN-202507140490.html\" title=\"Story 3 : Donald Trump, &quot;tr\u00e8s m\u00e9content de la Russie&quot; - 14\/07\" rel=\"nofollow noopener\" target=\"_blank\"><img width=\"16\" height=\"9\" class=\"lozad\"  alt=\"Story 3 : Donald Trump, &quot;tr\u00e8s m\u00e9content de la Russie&quot; - 14\/07\"\/>31:34Story 3 : Donald Trump, \u00ab\u00a0tr\u00e8s m\u00e9content de la Russie\u00a0\u00bb &#8211; 14\/07<\/a><a href=\"https:\/\/www.bfmtv.com\/international\/asie\/russie\/video-accord-entre-trump-et-l-otan-les-negociations-ne-se-feront-pas-aux-depens-de-l-ukraine-souhaite-olga-givernet-deputee-ensemble-pour-la-republique_VN-202507140458.html\" title=\"Accord entre Trump et l&#039;OTAN: &quot;Les n\u00e9gociations ne se feront pas aux d\u00e9pens de l&#039;Ukraine&quot;, souhaite Olga Givernet, d\u00e9put\u00e9e Ensemble pour la R\u00e9publique\" rel=\"nofollow noopener\" target=\"_blank\"><img width=\"16\" height=\"9\" class=\"lozad\"  alt=\"Accord entre Trump et l'OTAN: &quot;Les n\u00e9gociations ne se feront pas aux d\u00e9pens de l'Ukraine&quot;, souhaite Olga Givernet, d\u00e9put\u00e9e Ensemble pour la R\u00e9publique\"\/>1:40Accord entre Trump et l&rsquo;OTAN: \u00ab\u00a0Les n\u00e9gociations ne se feront pas aux d\u00e9pens de l&rsquo;Ukraine\u00a0\u00bb, souhaite Olga Givernet, d\u00e9put\u00e9e Ensemble pour la R\u00e9publique<\/a><a href=\"https:\/\/www.bfmtv.com\/international\/asie\/russie\/video-guerre-russie-ukraine-je-suis-tres-decu-par-poutine-regrette-donald-trump_VN-202507140437.html\" title=\"Guerre Russie-Ukraine: &quot;Je suis tr\u00e8s d\u00e9\u00e7u par Poutine&quot;, regrette Donald Trump\" rel=\"nofollow noopener\" target=\"_blank\"><img width=\"16\" height=\"9\" class=\"lozad\"  alt=\"Guerre Russie-Ukraine: &quot;Je suis tr\u00e8s d\u00e9\u00e7u par Poutine&quot;, regrette Donald Trump\"\/>1:16Guerre Russie-Ukraine: \u00ab\u00a0Je suis tr\u00e8s d\u00e9\u00e7u par Poutine\u00a0\u00bb, regrette Donald Trump<\/a><a href=\"https:\/\/www.bfmtv.com\/international\/asie\/russie\/video-livraisons-d-armes-a-l-ukraine-sanctions-la-conference-de-presse-de-donald-trump-en-integralite_VN-202507140440.html\" title=\"Livraisons d&#039;armes \u00e0 l&#039;Ukraine, sanctions...La conf\u00e9rence de presse de Donald Trump en int\u00e9gralit\u00e9\" rel=\"nofollow noopener\" target=\"_blank\"><img width=\"16\" height=\"9\" class=\"lozad\"  alt=\"Livraisons d'armes \u00e0 l'Ukraine, sanctions...La conf\u00e9rence de presse de Donald Trump en int\u00e9gralit\u00e9\"\/>33:36Livraisons d&rsquo;armes \u00e0 l&rsquo;Ukraine, sanctions&#8230;La conf\u00e9rence de presse de Donald Trump en int\u00e9gralit\u00e9<\/a><a href=\"https:\/\/www.bfmtv.com\/international\/asie\/russie\/video-armement-americain-nous-avons-20-ans-d-avance-sur-le-reste-du-monde-j-espere-que-nous-n-aurons-pas-a-l-utiliser-assure-donald-trump_VN-202507140428.html\" title=\"Armement am\u00e9ricain: &quot;Nous avons 20 ans d&#039;avance sur le reste du monde, j&#039;esp\u00e8re que nous n&#039;aurons pas \u00e0 l&#039;utiliser&quot;, assure Donald Trump\" rel=\"nofollow noopener\" target=\"_blank\"><img width=\"16\" height=\"9\" class=\"lozad\"  alt=\"Armement am\u00e9ricain: &quot;Nous avons 20 ans d'avance sur le reste du monde, j'esp\u00e8re que nous n'aurons pas \u00e0 l'utiliser&quot;, assure Donald Trump\"\/>0:34Armement am\u00e9ricain: \u00ab\u00a0Nous avons 20 ans d&rsquo;avance sur le reste du monde, j&rsquo;esp\u00e8re que nous n&rsquo;aurons pas \u00e0 l&rsquo;utiliser\u00a0\u00bb, assure Donald Trump<\/a><a href=\"https:\/\/www.bfmtv.com\/international\/asie\/russie\/video-ukraine-vladimir-poutine-a-mene-en-bateau-bush-obama-et-biden-mais-pas-moi-declare-donald-trump_VN-202507140427.html\" title=\"Ukraine: &quot;[Vladimir Poutine] a men\u00e9 en bateau Bush, Obama et Biden mais pas moi&quot;, d\u00e9clare Donald Trump\" rel=\"nofollow noopener\" target=\"_blank\"><img width=\"16\" height=\"9\" class=\"lozad\"  alt=\"Ukraine: &quot;[Vladimir Poutine] a men\u00e9 en bateau Bush, Obama et Biden mais pas moi&quot;, d\u00e9clare Donald Trump\"\/>1:19Ukraine: \u00ab\u00a0[Vladimir Poutine] a men\u00e9 en bateau Bush, Obama et Biden mais pas moi\u00a0\u00bb, d\u00e9clare Donald Trump<\/a><a href=\"https:\/\/www.bfmtv.com\/international\/asie\/russie\/video-guerre-russie-ukraine-c-est-une-fenetre-de-tir-pour-la-paix-indique-donald-trump_VN-202507140425.html\" title=\"Guerre Russie-Ukraine: &quot;C&#039;est une fen\u00eatre de tir pour la paix&quot;, indique Donald Trump\" rel=\"nofollow noopener\" target=\"_blank\"><img width=\"16\" height=\"9\" class=\"lozad\"  alt=\"Guerre Russie-Ukraine: &quot;C'est une fen\u00eatre de tir pour la paix&quot;, indique Donald Trump\"\/>1:41Guerre Russie-Ukraine: \u00ab\u00a0C&rsquo;est une fen\u00eatre de tir pour la paix\u00a0\u00bb, indique Donald Trump<\/a><a href=\"https:\/\/www.bfmtv.com\/international\/asie\/russie\/video-ukraine-ce-n-est-pas-ma-guerre-c-est-la-guerre-de-biden-et-des-democrates-dont-j-ai-herite-estime-donald-trump_VN-202507140424.html\" title=\"Ukraine: &quot;Ce n&#039;est pas ma guerre, c&#039;est la guerre de Biden et des D\u00e9mocrates dont j&#039;ai h\u00e9rit\u00e9&quot;, estime Donald Trump\" rel=\"nofollow noopener\" target=\"_blank\"><img width=\"16\" height=\"9\" class=\"lozad\"  alt=\"Ukraine: &quot;Ce n'est pas ma guerre, c'est la guerre de Biden et des D\u00e9mocrates dont j'ai h\u00e9rit\u00e9&quot;, estime Donald Trump\"\/>0:55Ukraine: \u00ab\u00a0Ce n&rsquo;est pas ma guerre, c&rsquo;est la guerre de Biden et des D\u00e9mocrates dont j&rsquo;ai h\u00e9rit\u00e9\u00a0\u00bb, estime Donald Trump<\/a><a href=\"https:\/\/www.bfmtv.com\/international\/asie\/russie\/video-guerre-russie-ukraine-nous-allons-travailler-a-travers-le-systeme-de-l-otan-pour-connaitre-les-besoins-de-l-ukraine-explique-mark-rutte-le-secretaire-general-de-l-otan_VN-202507140422.html\" title=\"Guerre Russie-Ukraine: &quot;Nous allons travailler \u00e0 travers le syst\u00e8me de l&#039;OTAN pour conna\u00eetre les besoins de l&#039;Ukraine&quot;, explique Mark Rutte, le secr\u00e9taire g\u00e9n\u00e9ral de l&#039;OTAN \" rel=\"nofollow noopener\" target=\"_blank\"><img width=\"16\" height=\"9\" class=\"lozad\"  alt=\"Guerre Russie-Ukraine: &quot;Nous allons travailler \u00e0 travers le syst\u00e8me de l'OTAN pour conna\u00eetre les besoins de l'Ukraine&quot;, explique Mark Rutte, le secr\u00e9taire g\u00e9n\u00e9ral de l'OTAN \"\/>1:10Guerre Russie-Ukraine: \u00ab\u00a0Nous allons travailler \u00e0 travers le syst\u00e8me de l&rsquo;OTAN pour conna\u00eetre les besoins de l&rsquo;Ukraine\u00a0\u00bb, explique Mark Rutte, le secr\u00e9taire g\u00e9n\u00e9ral de l&rsquo;OTAN<\/a><a class=\"jumpToVideo\" target=\"_blank\"><img class=\"thumbnailPreview\"\/><\/a><\/p>\n","protected":false},"excerpt":{"rendered":"Accord entre Trump et l&rsquo;Otan: \u00ab\u00a0La Russie n&rsquo;acceptera jamais d&rsquo;ultimatum\u00a0\u00bb, d\u00e9clare Henri Guaino, ancien conseiller sp\u00e9cial de Nicolas&hellip;\n","protected":false},"author":2,"featured_media":250488,"comment_status":"","ping_status":"","sticky":false,"template":"","format":"standard","meta":{"footnotes":""},"categories":[1591],"tags":[11,1887,12,1885,1886,132],"class_list":{"0":"post-250487","1":"post","2":"type-post","3":"status-publish","4":"format-standard","5":"has-post-thumbnail","7":"category-russie","8":"tag-actualites","9":"tag-federation-de-russie","10":"tag-news","11":"tag-russia","12":"tag-russian-federation","13":"tag-russie"},"share_on_mastodon":{"url":"https:\/\/pubeurope.com\/@fr\/114854556009948353","error":""},"_links":{"self":[{"href":"https:\/\/www.europesays.com\/fr\/wp-json\/wp\/v2\/posts\/250487","targetHints":{"allow":["GET"]}}],"collection":[{"href":"https:\/\/www.europesays.com\/fr\/wp-json\/wp\/v2\/posts"}],"about":[{"href":"https:\/\/www.europesays.com\/fr\/wp-json\/wp\/v2\/types\/post"}],"author":[{"embeddable":true,"href":"https:\/\/www.europesays.com\/fr\/wp-json\/wp\/v2\/users\/2"}],"replies":[{"embeddable":true,"href":"https:\/\/www.europesays.com\/fr\/wp-json\/wp\/v2\/comments?post=250487"}],"version-history":[{"count":0,"href":"https:\/\/www.europesays.com\/fr\/wp-json\/wp\/v2\/posts\/250487\/revisions"}],"wp:featuredmedia":[{"embeddable":true,"href":"https:\/\/www.europesays.com\/fr\/wp-json\/wp\/v2\/media\/250488"}],"wp:attachment":[{"href":"https:\/\/www.europesays.com\/fr\/wp-json\/wp\/v2\/media?parent=250487"}],"wp:term":[{"taxonomy":"category","embeddable":true,"href":"https:\/\/www.europesays.com\/fr\/wp-json\/wp\/v2\/categories?post=250487"},{"taxonomy":"post_tag","embeddable":true,"href":"https:\/\/www.europesays.com\/fr\/wp-json\/wp\/v2\/tags?post=250487"}],"curies":[{"name":"wp","href":"https:\/\/api.w.org\/{rel}","templated":true}]}}