{"id":250490,"date":"2025-07-15T01:04:10","date_gmt":"2025-07-15T01:04:10","guid":{"rendered":"https:\/\/www.europesays.com\/fr\/250490\/"},"modified":"2025-07-15T01:04:10","modified_gmt":"2025-07-15T01:04:10","slug":"aux-etats-unis-le-demantelement-du-ministere-de-leducation-temporairement-valide-par-la-cour-supreme","status":"publish","type":"post","link":"https:\/\/www.europesays.com\/fr\/250490\/","title":{"rendered":"Aux Etats-Unis, le d\u00e9mant\u00e8lement du minist\u00e8re de l\u2019\u00e9ducation temporairement valid\u00e9 par la Cour Supr\u00eame"},"content":{"rendered":"<p>                          <img loading=\"lazy\" decoding=\"async\" src=\"https:\/\/www.europesays.com\/fr\/wp-content\/uploads\/2025\/07\/6bdea9b_ftp-import-images-1-za34wexaj7co-709dbbb32a6c429bbfe49bdbeb14a540-0-f6bae094b74547a5aaeacb45.jpeg\" alt=\"Donald Trump et la secr\u00e9taire \u00e0 l\u2019\u00e9ducation am\u00e9ricaine, Linda McMahon, lors de la signature d\u2019un d\u00e9cret pr\u00e9sidentiel visant \u00e0 supprimer le minist\u00e8re de l\u2019\u00e9ducation, \u00e0 la Maison Blanche, \u00e0 Washington, le 20\u00a0mars 2025.\"   width=\"664\" height=\"443\"\/>    Donald Trump et la secr\u00e9taire \u00e0 l\u2019\u00e9ducation am\u00e9ricaine, Linda McMahon, lors de la signature d\u2019un d\u00e9cret pr\u00e9sidentiel visant \u00e0 supprimer le minist\u00e8re de l\u2019\u00e9ducation, \u00e0 la Maison Blanche, \u00e0 Washington, le 20\u00a0mars 2025.  BEN CURTIS \/ AP                   <\/p>\n<p class=\"article__paragraph  \">La Cour supr\u00eame des Etats-Unis, domin\u00e9e par des juges conservateurs, a provisoirement autoris\u00e9 lundi 14\u00a0juillet Donald Trump \u00e0 poursuivre le d\u00e9mant\u00e8lement du minist\u00e8re de l\u2019\u00e9ducation. En mars, le minist\u00e8re avait annonc\u00e9 <a href=\"https:\/\/www.lemonde.fr\/international\/article\/2025\/03\/12\/l-administration-trump-licencie-pres-de-la-moitie-des-effectifs-du-ministere-de-l-education_6579275_3210.html\" target=\"_blank\" rel=\"noopener\">une r\u00e9duction de pr\u00e8s de 50\u00a0% de ses effectifs,<\/a> cens\u00e9s passer d\u2019un peu plus de 4\u00a0100\u00a0personnes \u00e0 environ 2\u00a0200.\u00a0Puis le pr\u00e9sident am\u00e9ricain avait sign\u00e9 un d\u00e9cret donnant instruction \u00e0 la secr\u00e9taire \u00e0 l\u2019\u00e9ducation, <a href=\"https:\/\/www.lemonde.fr\/international\/article\/2025\/03\/04\/le-senat-americain-confirme-linda-mcmahon-a-la-tete-du-ministere-de-l-education_6576108_3210.html\" target=\"_blank\" rel=\"noopener\">Linda McMahon,<\/a> de \u00ab\u00a0commencer \u00e0 \u00e9liminer le minist\u00e8re une bonne fois pour toutes\u00a0\u00bb. Ce projet, soutenu par la droite am\u00e9ricaine, n\u00e9cessite normalement l\u2019aval du Congr\u00e8s.<\/p>\n<p>                                     Lire aussi |  Article r\u00e9serv\u00e9 \u00e0 nos abonn\u00e9s  <a href=\"https:\/\/www.lemonde.fr\/international\/article\/2025\/03\/21\/donald-trump-entame-le-demantelement-du-ministere-de-l-education_6584050_3210.html\" class=\"js-article-read-also catcher--favoris__link\" data-premium=\"1\" id=\"article-title-3415162\" target=\"_blank\" rel=\"noopener\">Donald Trump lance le d\u00e9mant\u00e8lement du minist\u00e8re de l\u2019\u00e9ducation<\/a>    <\/p>\n<p>   Lire plus tard  <\/p>\n<p class=\"article__paragraph  \">Une vingtaine d\u2019Etats ainsi que des syndicats d\u2019enseignants ont contest\u00e9 en justice ces d\u00e9cisions, faisant valoir que le gouvernement viole le principe de s\u00e9paration des pouvoirs en empi\u00e9tant sur les pr\u00e9rogatives du Congr\u00e8s. Un juge f\u00e9d\u00e9ral de Boston (nord-est) leur a donn\u00e9 raison en mai, suspendant le d\u00e9cret pr\u00e9sidentiel et ordonnant la r\u00e9int\u00e9gration des centaines de fonctionnaires d\u00e9j\u00e0 licenci\u00e9s.<\/p>\n<p class=\"article__paragraph  \">La Cour supr\u00eame, constitu\u00e9e de neuf juges, dont six conservateurs, a lev\u00e9 cette suspension, contre l\u2019avis des trois progressistes. Au nom de ces trois derniers, la juge Sonia Sotomayor a d\u00e9nonc\u00e9 une \u00ab\u00a0d\u00e9cision ind\u00e9fendable\u00a0\u00bb. \u00ab\u00a0Quand le pouvoir ex\u00e9cutif annonce son intention de violer la loi puis met cette promesse \u00e0 ex\u00e9cution, le devoir du pouvoir judiciaire est de faire barrage \u00e0 cette ill\u00e9galit\u00e9, pas de la faciliter\u00a0\u00bb, \u00e9crit-elle.<\/p>\n<p>             Un r\u00f4le important dans les zones d\u00e9favoris\u00e9es             <\/p>\n<p class=\"article__paragraph  \">L\u2019impact de ce d\u00e9mant\u00e8lement annonc\u00e9 n\u2019est pas comparable avec ce qu\u2019il serait dans un pays centralis\u00e9 o\u00f9 l\u2019\u00e9ducation est g\u00e9r\u00e9e au niveau national, comme la France. Aux Etats-Unis, ce domaine rel\u00e8ve d\u00e9j\u00e0 largement des autorit\u00e9s locales. Le minist\u00e8re am\u00e9ricain de l\u2019\u00e9ducation joue n\u00e9anmoins un r\u00f4le important, en particulier par le biais des subventions f\u00e9d\u00e9rales aux \u00e9coles situ\u00e9es dans des zones d\u00e9favoris\u00e9es sur le plan \u00e9conomique et social.<\/p>\n<p>                                Lire aussi |  Article r\u00e9serv\u00e9 \u00e0 nos abonn\u00e9s  <a href=\"https:\/\/www.lemonde.fr\/international\/article\/2025\/03\/21\/stupide-myope-et-mesquine-l-elimination-par-donald-trump-du-departement-de-l-education-vue-par-les-enseignants-americains_6584265_3210.html\" class=\"js-article-read-also catcher--favoris__link\" data-premium=\"1\" id=\"article-title-3415209\" target=\"_blank\" rel=\"noopener\">Apr\u00e8s la liquidation du d\u00e9partement de l\u2019\u00e9ducation par l\u2019administration Trump, la col\u00e8re des enseignants\u00a0: \u00ab\u00a0Comment les gens vont-ils avoir envie de devenir profs\u00a0?\u00a0\u00bb<\/a>    <\/p>\n<p>   Lire plus tard  <\/p>\n<p class=\"article__paragraph  \">Il ne peut pas \u00eatre compl\u00e8tement d\u00e9mantel\u00e9 sans l\u2019adoption d\u2019une loi n\u00e9cessitant 60\u00a0votes au S\u00e9nat, o\u00f9 les r\u00e9publicains disposent actuellement de 53\u00a0si\u00e8ges.<\/p>\n<p class=\"article__paragraph  \">La semaine derni\u00e8re, la Cour supr\u00eame avait d\u00e9j\u00e0 ouvert la voie <a href=\"https:\/\/www.lemonde.fr\/international\/article\/2025\/07\/09\/etats-unis-la-cour-supreme-ouvre-la-voie-aux-licenciements-massifs-de-fonctionnaires-voulus-par-trump_6620013_3210.html\" target=\"_blank\" rel=\"noopener\">aux licenciements massifs de fonctionnaires f\u00e9d\u00e9raux voulus par Donald Trump<\/a> en levant une d\u00e9cision d\u2019un tribunal de premi\u00e8re instance.<\/p>\n<p>                                Lire aussi |  Article r\u00e9serv\u00e9 \u00e0 nos abonn\u00e9s  <a href=\"https:\/\/www.lemonde.fr\/international\/article\/2025\/06\/28\/aux-etats-unis-la-cour-supreme-offre-une-victoire-retentissante-a-donald-trump-en-affaiblissant-le-pouvoir-des-juges-federaux_6616231_3210.html\" class=\"js-article-read-also catcher--favoris__link\" data-premium=\"1\" id=\"article-title-3429177\" target=\"_blank\" rel=\"noopener\">Aux Etats-Unis, la Cour supr\u00eame offre une victoire retentissante \u00e0 Donald Trump en affaiblissant le pouvoir des juges f\u00e9d\u00e9raux<\/a>    <\/p>\n<p>   Lire plus tard  <\/p>\n<p class=\"author__detail\">  Le Monde avec AFP  <\/p>\n<p>                  <a href=\"https:\/\/www.lemonde.fr\/syndication\/\" class=\"reuse__content\" title=\"R\u00e9utiliser ce contenu\" target=\"_blank\" rel=\"noopener\">R\u00e9utiliser ce contenu<\/a>      <\/p>\n","protected":false},"excerpt":{"rendered":"Donald Trump et la secr\u00e9taire \u00e0 l\u2019\u00e9ducation am\u00e9ricaine, Linda McMahon, lors de la signature d\u2019un d\u00e9cret pr\u00e9sidentiel visant&hellip;\n","protected":false},"author":2,"featured_media":250491,"comment_status":"","ping_status":"","sticky":false,"template":"","format":"standard","meta":{"footnotes":""},"categories":[1589],"tags":[11,73,1866,12,1864,1865,1863,308],"class_list":{"0":"post-250490","1":"post","2":"type-post","3":"status-publish","4":"format-standard","5":"has-post-thumbnail","7":"category-etats-unis","8":"tag-actualites","9":"tag-etats-unis","10":"tag-etats-unis-damerique","11":"tag-news","12":"tag-united-states","13":"tag-united-states-of-america","14":"tag-us","15":"tag-usa"},"share_on_mastodon":{"url":"https:\/\/pubeurope.com\/@fr\/114854563868246950","error":""},"_links":{"self":[{"href":"https:\/\/www.europesays.com\/fr\/wp-json\/wp\/v2\/posts\/250490","targetHints":{"allow":["GET"]}}],"collection":[{"href":"https:\/\/www.europesays.com\/fr\/wp-json\/wp\/v2\/posts"}],"about":[{"href":"https:\/\/www.europesays.com\/fr\/wp-json\/wp\/v2\/types\/post"}],"author":[{"embeddable":true,"href":"https:\/\/www.europesays.com\/fr\/wp-json\/wp\/v2\/users\/2"}],"replies":[{"embeddable":true,"href":"https:\/\/www.europesays.com\/fr\/wp-json\/wp\/v2\/comments?post=250490"}],"version-history":[{"count":0,"href":"https:\/\/www.europesays.com\/fr\/wp-json\/wp\/v2\/posts\/250490\/revisions"}],"wp:featuredmedia":[{"embeddable":true,"href":"https:\/\/www.europesays.com\/fr\/wp-json\/wp\/v2\/media\/250491"}],"wp:attachment":[{"href":"https:\/\/www.europesays.com\/fr\/wp-json\/wp\/v2\/media?parent=250490"}],"wp:term":[{"taxonomy":"category","embeddable":true,"href":"https:\/\/www.europesays.com\/fr\/wp-json\/wp\/v2\/categories?post=250490"},{"taxonomy":"post_tag","embeddable":true,"href":"https:\/\/www.europesays.com\/fr\/wp-json\/wp\/v2\/tags?post=250490"}],"curies":[{"name":"wp","href":"https:\/\/api.w.org\/{rel}","templated":true}]}}