{"id":250492,"date":"2025-07-15T01:05:11","date_gmt":"2025-07-15T01:05:11","guid":{"rendered":"https:\/\/www.europesays.com\/fr\/250492\/"},"modified":"2025-07-15T01:05:11","modified_gmt":"2025-07-15T01:05:11","slug":"le-royaume-uni-et-la-republique-tcheque-signent-un-accord-pour-developper-des-petits-reacteurs-modulaires","status":"publish","type":"post","link":"https:\/\/www.europesays.com\/fr\/250492\/","title":{"rendered":"Le Royaume-Uni et la R\u00e9publique tch\u00e8que signent un accord pour d\u00e9velopper des petits r\u00e9acteurs modulaires"},"content":{"rendered":"<p>(Alliance News) &#8211; Le Royaume-Uni et la R\u00e9publique tch\u00e8que ont conclu un accord pour d\u00e9velopper jusqu&rsquo;\u00e0 six petits r\u00e9acteurs modulaires, a annonc\u00e9 le 10 Downing Street.<\/p>\n<p>\nLe Premier ministre Keir Starmer et son homologue tch\u00e8que, Petr Fiala, ont sign\u00e9 lundi \u00e0 Downing Street un accord visant \u00e0 collaborer sur des projets nucl\u00e9aires.<\/p>\n<p>\nStarmer a d\u00e9clar\u00e9 que le gouvernement \u00ab soutient l&rsquo;ing\u00e9nierie britannique \u00bb gr\u00e2ce \u00e0 cet accord.<\/p>\n<p>\n\u00ab Cet accord vise \u00e0 servir la Grande-Bretagne\u00a0: une \u00e9nergie plus propre, de meilleurs emplois et une s\u00e9curit\u00e9 accrue \u00bb, a affirm\u00e9 Starmer.<\/p>\n<p>\n\u00ab En collaborant avec nos partenaires tch\u00e8ques sur les petits r\u00e9acteurs modulaires, nous soutenons l&rsquo;ing\u00e9nierie britannique, renfor\u00e7ons notre base industrielle et pla\u00e7ons le Royaume-Uni en position de leader pour exporter les technologies de demain. \u00bb<\/p>\n<p>\nLes deux dirigeants ont anim\u00e9 une table ronde avec des entreprises dans le cadre de leur rencontre lundi.<\/p>\n<p>\nLes responsables esp\u00e8rent que cet accord permettra au Royaume-Uni et \u00e0 la R\u00e9publique tch\u00e8que d&rsquo;exporter des petits r\u00e9acteurs modulaires vers d&rsquo;autres pays europ\u00e9ens.<\/p>\n<p>\nFiala a d\u00e9clar\u00e9\u00a0: \u00ab L&rsquo;\u00e9nergie nucl\u00e9aire poss\u00e8de un potentiel consid\u00e9rable pour les ann\u00e9es \u00e0 venir, alors que le secteur conna\u00eet une v\u00e9ritable renaissance. \u00bb<\/p>\n<p>\n\u00ab C&rsquo;est pourquoi je me r\u00e9jouis particuli\u00e8rement que CEZ [AS] et Rolls-Royce [Holdings PLC] coop\u00e8rent au d\u00e9veloppement et \u00e0 la production de petits r\u00e9acteurs modulaires. \u00bb<\/p>\n<p>\n\u00ab Cette collaboration apportera des b\u00e9n\u00e9fices concrets aux \u00e9conomies tch\u00e8que et britannique, notamment en mati\u00e8re de cr\u00e9ation d&#8217;emplois. \u00bb<\/p>\n<p>\nIl a \u00e9galement soulign\u00e9 que le Royaume-Uni et la R\u00e9publique tch\u00e8que \u00ab partagent une approche commune \u00bb de l&rsquo;\u00e9nergie et \u00ab consid\u00e8rent le mix \u00e9nerg\u00e9tique id\u00e9al comme une combinaison de grandes centrales nucl\u00e9aires, de petits r\u00e9acteurs modulaires et de sources d&rsquo;\u00e9nergie renouvelable \u00bb.<\/p>\n<p>\nL&rsquo;action Rolls-Royce a cl\u00f4tur\u00e9 lundi en hausse de 0,6\u00a0% \u00e0 993,80 pence \u00e0 la Bourse de Londres.<\/p>\n<p>\nsource\u00a0: PA<\/p>\n<p>\nCopyright 2025 Alliance News Ltd. Tous droits r\u00e9serv\u00e9s.<\/p>\n<p><\/p>\n","protected":false},"excerpt":{"rendered":"(Alliance News) &#8211; Le Royaume-Uni et la R\u00e9publique tch\u00e8que ont conclu un accord pour d\u00e9velopper jusqu&rsquo;\u00e0 six petits&hellip;\n","protected":false},"author":2,"featured_media":48534,"comment_status":"","ping_status":"","sticky":false,"template":"","format":"standard","meta":{"footnotes":""},"categories":[1588],"tags":[11,340,1777,674,12,473,1853,1851,1850,1852],"class_list":{"0":"post-250492","1":"post","2":"type-post","3":"status-publish","4":"format-standard","5":"has-post-thumbnail","7":"category-royaume-uni","8":"tag-actualites","9":"tag-bourse","10":"tag-eu","11":"tag-europe","12":"tag-news","13":"tag-royaume-uni","14":"tag-royaume-uni-de-grande-bretagne-et-dirlande-du-nord","15":"tag-uk","16":"tag-united-kingdom","17":"tag-united-kingdom-of-great-britain-and-northern-ireland"},"share_on_mastodon":{"url":"https:\/\/pubeurope.com\/@fr\/114854567837784910","error":""},"_links":{"self":[{"href":"https:\/\/www.europesays.com\/fr\/wp-json\/wp\/v2\/posts\/250492","targetHints":{"allow":["GET"]}}],"collection":[{"href":"https:\/\/www.europesays.com\/fr\/wp-json\/wp\/v2\/posts"}],"about":[{"href":"https:\/\/www.europesays.com\/fr\/wp-json\/wp\/v2\/types\/post"}],"author":[{"embeddable":true,"href":"https:\/\/www.europesays.com\/fr\/wp-json\/wp\/v2\/users\/2"}],"replies":[{"embeddable":true,"href":"https:\/\/www.europesays.com\/fr\/wp-json\/wp\/v2\/comments?post=250492"}],"version-history":[{"count":0,"href":"https:\/\/www.europesays.com\/fr\/wp-json\/wp\/v2\/posts\/250492\/revisions"}],"wp:featuredmedia":[{"embeddable":true,"href":"https:\/\/www.europesays.com\/fr\/wp-json\/wp\/v2\/media\/48534"}],"wp:attachment":[{"href":"https:\/\/www.europesays.com\/fr\/wp-json\/wp\/v2\/media?parent=250492"}],"wp:term":[{"taxonomy":"category","embeddable":true,"href":"https:\/\/www.europesays.com\/fr\/wp-json\/wp\/v2\/categories?post=250492"},{"taxonomy":"post_tag","embeddable":true,"href":"https:\/\/www.europesays.com\/fr\/wp-json\/wp\/v2\/tags?post=250492"}],"curies":[{"name":"wp","href":"https:\/\/api.w.org\/{rel}","templated":true}]}}