{"id":250493,"date":"2025-07-15T01:06:12","date_gmt":"2025-07-15T01:06:12","guid":{"rendered":"https:\/\/www.europesays.com\/fr\/250493\/"},"modified":"2025-07-15T01:06:12","modified_gmt":"2025-07-15T01:06:12","slug":"invasion-de-lukraine-merz-dit-que-lallemagne-jouera-un-role-decisif-dans-la-livraison-darmes-americaines","status":"publish","type":"post","link":"https:\/\/www.europesays.com\/fr\/250493\/","title":{"rendered":"Invasion de l&rsquo;Ukraine &#8211; Merz dit que l&rsquo;Allemagne jouera un \u00ab\u00a0r\u00f4le d\u00e9cisif\u00a0\u00bb dans la livraison d&rsquo;armes am\u00e9ricaines"},"content":{"rendered":"<p><img decoding=\"async\" class=\"w-full object-contain\" style=\"aspect-ratio:148 \/ 100;opacity:1\" alt=\"Invasion de l'Ukraine - Merz dit que l'Allemagne jouera un &quot;r\u00f4le d\u00e9cisif&quot; dans la livraison d'armes am\u00e9ricaines\" width=\"512\" height=\"346\" fetchpriority=\"high\" src=\"https:\/\/www.europesays.com\/fr\/wp-content\/uploads\/2025\/07\/GNH3IAD5GNE7HL6ULCSQWLVZXU.jpg\"  \/><\/p>\n<p class=\"ap-StoryElement ap-StoryElement--mb ap-StoryText\">Le pr\u00e9sident am\u00e9ricain Donald Trump a \u00ab\u00a0fait un pas important aujourd&rsquo;hui\u00a0\u00bb en autorisant la livraison d&rsquo;armes \u00e0 Kiev, a d\u00e9clar\u00e9 M. Merz dans un communiqu\u00e9. \u00ab\u00a0Le pr\u00e9sident Trump et moi avons discut\u00e9 de cela \u00e0 plusieurs reprises au cours des derniers jours. Je lui ai assur\u00e9 que l&rsquo;Allemagne jouera un r\u00f4le d\u00e9cisif\u00a0\u00bb.<\/p>\n<p class=\"ap-StoryElement ap-StoryElement--mb ap-StoryText\">\u00ab\u00a0C&rsquo;est une tr\u00e8s grosse affaire que nous avons conclue. Des \u00e9quipements militaires d&rsquo;une valeur de plusieurs milliards de dollars vont \u00eatre achet\u00e9s aux Etats-Unis, aller \u00e0 l&rsquo;Otan, etc. et seront rapidement distribu\u00e9s sur le champ de bataille\u00a0\u00bb, a dit Donald Trump, soulignant que cela ne co\u00fbtera pas un centime aux Etats-Unis.<\/p>\n","protected":false},"excerpt":{"rendered":"Le pr\u00e9sident am\u00e9ricain Donald Trump a \u00ab\u00a0fait un pas important aujourd&rsquo;hui\u00a0\u00bb en autorisant la livraison d&rsquo;armes \u00e0 Kiev,&hellip;\n","protected":false},"author":2,"featured_media":2837,"comment_status":"","ping_status":"","sticky":false,"template":"","format":"standard","meta":{"footnotes":""},"categories":[1587],"tags":[11,672,1804,2120,1805,1803,312,73,1777,674,1801,12,136,1802,132,220],"class_list":{"0":"post-250493","1":"post","2":"type-post","3":"status-publish","4":"format-standard","5":"has-post-thumbnail","7":"category-allemagne","8":"tag-actualites","9":"tag-allemagne","10":"tag-bundesrepublik-deutschland","11":"tag-conflit","12":"tag-de","13":"tag-deutschland","14":"tag-diplomatie","15":"tag-etats-unis","16":"tag-eu","17":"tag-europe","18":"tag-germany","19":"tag-news","20":"tag-otan","21":"tag-republique-federale-dallemagne","22":"tag-russie","23":"tag-ukraine"},"share_on_mastodon":{"url":"https:\/\/pubeurope.com\/@fr\/114854571928060701","error":""},"_links":{"self":[{"href":"https:\/\/www.europesays.com\/fr\/wp-json\/wp\/v2\/posts\/250493","targetHints":{"allow":["GET"]}}],"collection":[{"href":"https:\/\/www.europesays.com\/fr\/wp-json\/wp\/v2\/posts"}],"about":[{"href":"https:\/\/www.europesays.com\/fr\/wp-json\/wp\/v2\/types\/post"}],"author":[{"embeddable":true,"href":"https:\/\/www.europesays.com\/fr\/wp-json\/wp\/v2\/users\/2"}],"replies":[{"embeddable":true,"href":"https:\/\/www.europesays.com\/fr\/wp-json\/wp\/v2\/comments?post=250493"}],"version-history":[{"count":0,"href":"https:\/\/www.europesays.com\/fr\/wp-json\/wp\/v2\/posts\/250493\/revisions"}],"wp:featuredmedia":[{"embeddable":true,"href":"https:\/\/www.europesays.com\/fr\/wp-json\/wp\/v2\/media\/2837"}],"wp:attachment":[{"href":"https:\/\/www.europesays.com\/fr\/wp-json\/wp\/v2\/media?parent=250493"}],"wp:term":[{"taxonomy":"category","embeddable":true,"href":"https:\/\/www.europesays.com\/fr\/wp-json\/wp\/v2\/categories?post=250493"},{"taxonomy":"post_tag","embeddable":true,"href":"https:\/\/www.europesays.com\/fr\/wp-json\/wp\/v2\/tags?post=250493"}],"curies":[{"name":"wp","href":"https:\/\/api.w.org\/{rel}","templated":true}]}}