{"id":250496,"date":"2025-07-15T01:08:10","date_gmt":"2025-07-15T01:08:10","guid":{"rendered":"https:\/\/www.europesays.com\/fr\/250496\/"},"modified":"2025-07-15T01:08:10","modified_gmt":"2025-07-15T01:08:10","slug":"lue-menace-de-contre-mesures-face-aux-tarifs-douaniers-americains-trump-se-dit-ouvert-au-dialogue","status":"publish","type":"post","link":"https:\/\/www.europesays.com\/fr\/250496\/","title":{"rendered":"L&rsquo;UE menace de contre-mesures face aux tarifs douaniers am\u00e9ricains, Trump se dit ouvert au dialogue"},"content":{"rendered":"<p>L&rsquo;Union europ\u00e9enne a accus\u00e9 lundi les \u00c9tats-Unis de faire obstacle aux efforts visant \u00e0 conclure un accord commercial et a averti qu&rsquo;elle prendrait des contre-mesures si aucun compromis n&rsquo;\u00e9tait trouv\u00e9 pour \u00e9viter l&rsquo;imposition de lourds droits de douane que le pr\u00e9sident Donald Trump menace d&rsquo;appliquer d\u00e8s le 1er ao\u00fbt.<\/p>\n<p>\nDe son c\u00f4t\u00e9, Donald Trump s&rsquo;est dit ouvert \u00e0 de nouvelles discussions avec l&rsquo;UE et d&rsquo;autres partenaires commerciaux avant l&rsquo;entr\u00e9e en vigueur de nouveaux tarifs de 30% le mois prochain, pr\u00e9cisant que des responsables europ\u00e9ens se rendraient aux \u00c9tats-Unis pour n\u00e9gocier.<\/p>\n<p>\n\u00ab\u00a0Ils aimeraient conclure un accord diff\u00e9rent, et nous sommes toujours ouverts au dialogue, y compris avec l&rsquo;Europe\u00a0\u00bb, a d\u00e9clar\u00e9 Trump devant les journalistes dans le Bureau ovale. \u00ab\u00a0En fait, ils vont venir. Ils veulent discuter.\u00a0\u00bb<\/p>\n<p>\nSamedi, Trump a intensifi\u00e9 sa guerre commerciale en annon\u00e7ant qu&rsquo;il imposerait un droit de douane de 30% sur la plupart des importations en provenance de l&rsquo;UE et du Mexique le mois prochain, apr\u00e8s avoir lanc\u00e9 des avertissements similaires \u00e0 d&rsquo;autres pays, dont le Japon et la Cor\u00e9e du Sud.<\/p>\n<p>\nJusqu&rsquo;\u00e0 pr\u00e9sent, l&rsquo;UE a renonc\u00e9 \u00e0 toute mesure de r\u00e9torsion pour \u00e9viter une escalade tit-for-tat, tant qu&rsquo;il subsiste une chance d&rsquo;obtenir un meilleur accord. Mais, \u00e0 l&rsquo;issue d&rsquo;une r\u00e9union \u00e0 Bruxelles lundi, les ministres europ\u00e9ens semblaient plus enclins \u00e0 riposter.<\/p>\n<p>\nLors d&rsquo;une conf\u00e9rence de presse, le ministre danois des Affaires \u00e9trang\u00e8res, Lars Lokke Rasmussen, a qualifi\u00e9 la menace de tarifs d&rsquo;\u00ab\u00a0absolument inacceptable\u00a0\u00bb.<\/p>\n<p>\nLe commissaire europ\u00e9en au Commerce, Maros Sefcovic, a estim\u00e9 qu&rsquo;il existait \u00ab\u00a0toujours un potentiel pour poursuivre les n\u00e9gociations\u00a0\u00bb, tout en exprimant sa frustration face au refus de Washington de conclure un accord avec son principal partenaire commercial.<\/p>\n<p>\n\u00ab\u00a0Comme je l&rsquo;ai d\u00e9j\u00e0 dit, il faut \u00eatre deux pour applaudir\u00a0\u00bb, a-t-il ajout\u00e9, pr\u00e9cisant que les \u00c9tats membres de l&rsquo;UE s&rsquo;accordaient sur la n\u00e9cessit\u00e9 de prendre des contre-mesures si les discussions avec les \u00c9tats-Unis \u00e9chouaient.<\/p>\n<p>\nLe ministre italien des Affaires \u00e9trang\u00e8res, Antonio Tajani, a pr\u00e9cis\u00e9 plus t\u00f4t que l&rsquo;UE avait d\u00e9j\u00e0 pr\u00e9par\u00e9 une liste de tarifs d&rsquo;une valeur de 21\u00a0milliards d&rsquo;euros (24,5\u00a0milliards de dollars) sur des produits am\u00e9ricains si aucun accord n&rsquo;\u00e9tait trouv\u00e9.<\/p>\n<p>\nParall\u00e8lement, la pr\u00e9sidente mexicaine Claudia Sheinbaum a d\u00e9clar\u00e9 lundi qu&rsquo;elle pensait qu&rsquo;un accord sur la s\u00e9curit\u00e9 serait trouv\u00e9 avant la date limite du 1er ao\u00fbt.<\/p>\n<p>\nLa Maison Blanche a pr\u00e9cis\u00e9 que les droits de douane de 30% sur le Mexique, imput\u00e9s par Trump au manque d&rsquo;efforts pour freiner l&rsquo;arriv\u00e9e de fentanyl aux \u00c9tats-Unis, ne s&rsquo;appliqueraient pas aux marchandises relevant de l&rsquo;accord USMCA, qui couvre la grande majorit\u00e9 des exportations mexicaines vers les \u00c9tats-Unis.<\/p>\n<p>\nSheinbaum a ajout\u00e9 qu&rsquo;aucun accord n&rsquo;impliquerait l&rsquo;entr\u00e9e de forces am\u00e9ricaines sur le territoire mexicain, contrairement \u00e0 ce qu&rsquo;avait envisag\u00e9 Trump par le pass\u00e9.<\/p>\n<p><b>LES BOURSES EUROP\u00c9ENNES RECULENT<\/b><\/p>\n<p>\nLe conseiller \u00e9conomique de la Maison Blanche, Kevin Hassett, a indiqu\u00e9 que les discussions commerciales se poursuivaient avec l&rsquo;Union europ\u00e9enne, le Canada et le Mexique. Le Canada est menac\u00e9 d&rsquo;un tarif de 35% d\u00e8s ao\u00fbt.<\/p>\n<p>\nLa perspective de ces droits de douane a sem\u00e9 l&rsquo;inqui\u00e9tude en Europe, notamment en Allemagne, premi\u00e8re \u00e9conomie de l&rsquo;UE.<\/p>\n<p>\nApr\u00e8s que le chancelier Friedrich Merz a d\u00e9clar\u00e9 dimanche qu&rsquo;un tarif de 30% \u00ab\u00a0frapperait de plein fouet l&rsquo;industrie exportatrice allemande\u00a0\u00bb, le pr\u00e9sident de la Chambre de commerce et d&rsquo;industrie allemande a appel\u00e9 \u00e0 une r\u00e9action rapide.<\/p>\n<p>\n\u00ab\u00a0L&rsquo;escalade du conflit commercial avec les \u00c9tats-Unis repr\u00e9sente une menace grave pour de nombreuses entreprises allemandes\u00a0\u00bb, a d\u00e9clar\u00e9 Volker Treier lundi. \u00ab\u00a0Des n\u00e9gociations fermes sont d\u00e9sormais n\u00e9cessaires pour \u00e9viter l&rsquo;effondrement du commerce transatlantique.\u00a0\u00bb<\/p>\n<p>\nLes industries europ\u00e9ennes se pr\u00e9parent donc au pire.<\/p>\n<p>\nLes producteurs du c\u00e9l\u00e8bre vin Chianti en Toscane, par exemple, ont r\u00e9clam\u00e9 une nouvelle strat\u00e9gie d&rsquo;exportation soutenue par l&rsquo;UE, visant des march\u00e9s alternatifs comme l&rsquo;Am\u00e9rique du Sud, l&rsquo;Asie et l&rsquo;Afrique.<\/p>\n<p>\nDepuis son retour \u00e0 la Maison Blanche plus t\u00f4t cette ann\u00e9e, Trump s&rsquo;appuie sur une batterie de droits de douane pour stimuler l&rsquo;\u00e9conomie am\u00e9ricaine, inciter les entreprises \u00e0 investir aux \u00c9tats-Unis et relancer l&rsquo;industrie manufacturi\u00e8re.<\/p>\n<p>\nL&rsquo;annonce initiale de tarifs, baptis\u00e9e \u00ab\u00a0Liberation Day\u00a0\u00bb en avril, avait fix\u00e9 un droit de douane de base de 10% sur toutes les importations, avec des taux plus \u00e9lev\u00e9s sur certains produits ou pays, faisant craindre des perturbations des cha\u00eenes d&rsquo;approvisionnement mondiales et provoquant des secousses sur les march\u00e9s.<\/p>\n<p>\nCependant, les revirements et d\u00e9lais successifs, dont une suspension de 90\u00a0jours sur la plupart des droits pour permettre des n\u00e9gociations, ont rendu les investisseurs de plus en plus indiff\u00e9rents \u00e0 la politique commerciale chaotique de Trump.<\/p>\n<p>\nLes bourses europ\u00e9ennes ont recul\u00e9 lundi, tandis que les indices am\u00e9ricains restaient stables face \u00e0 cette nouvelle salve. Les valeurs automobiles et de l&rsquo;alcool en Europe ont figur\u00e9 parmi les plus touch\u00e9es.<\/p>\n<p><b>COURSE AUX ACCORDS<\/b><\/p>\n<p>\nL&rsquo;approche de la date butoir du 1er ao\u00fbt a d\u00e9clench\u00e9 une v\u00e9ritable course aux accords commerciaux dans le monde entier.<\/p>\n<p>\nLe principal n\u00e9gociateur commercial sud-cor\u00e9en a d\u00e9clar\u00e9 lundi qu&rsquo;il pourrait \u00eatre possible de parvenir \u00e0 un accord \u00ab\u00a0de principe\u00a0\u00bb d&rsquo;ici la date limite, et a laiss\u00e9 entendre que S\u00e9oul pourrait accorder aux \u00c9tats-Unis un meilleur acc\u00e8s \u00e0 ses march\u00e9s agricoles, selon les m\u00e9dias locaux.<\/p>\n<p>\nLe ministre du Commerce Yeo Han-koo, qui a men\u00e9 des discussions de haut niveau avec des responsables am\u00e9ricains la semaine derni\u00e8re, a affirm\u00e9 que la Cor\u00e9e du Sud cherchait \u00e0 \u00e9viter des droits \u00ab\u00a0in\u00e9quitables\u00a0\u00bb sur des secteurs cl\u00e9s qui compromettraient la coop\u00e9ration industrielle avec son principal alli\u00e9 en mati\u00e8re de s\u00e9curit\u00e9 et partenaire commercial, selon les m\u00eames sources.<\/p>\n<p>\n\u00ab\u00a0Je pense qu&rsquo;il est possible de parvenir \u00e0 un accord de principe dans les n\u00e9gociations sur les droits de douane avec les \u00c9tats-Unis, puis de prendre le temps de n\u00e9gocier les d\u00e9tails\u00a0\u00bb, a d\u00e9clar\u00e9 Yeo aupr\u00e8s de la presse locale, cit\u00e9 par l&rsquo;agence Newsis.<\/p>\n<p>\n\u00ab\u00a0Vingt jours ne suffisent pas pour conclure un trait\u00e9 parfait pr\u00e9voyant tous les d\u00e9tails\u00a0\u00bb, a-t-il ajout\u00e9.<\/p>\n<p>\nLa Cor\u00e9e du Sud tente de conclure un compromis pour \u00e9viter l&rsquo;application d&rsquo;un droit de douane de 25% sur ses exportations, soit le m\u00eame niveau que celui impos\u00e9 au Japon.<\/p>\n","protected":false},"excerpt":{"rendered":"L&rsquo;Union europ\u00e9enne a accus\u00e9 lundi les \u00c9tats-Unis de faire obstacle aux efforts visant \u00e0 conclure un accord commercial&hellip;\n","protected":false},"author":2,"featured_media":250497,"comment_status":"","ping_status":"","sticky":false,"template":"","format":"standard","meta":{"footnotes":""},"categories":[1586],"tags":[11,340,1777,674,1779,1011,27,12,25,1778,364],"class_list":{"0":"post-250496","1":"post","2":"type-post","3":"status-publish","4":"format-standard","5":"has-post-thumbnail","7":"category-europe","8":"tag-actualites","9":"tag-bourse","10":"tag-eu","11":"tag-europe","12":"tag-european-union","13":"tag-fr","14":"tag-france","15":"tag-news","16":"tag-republique-francaise","17":"tag-ue","18":"tag-union-europeenne"},"share_on_mastodon":{"url":"https:\/\/pubeurope.com\/@fr\/114854579584652117","error":""},"_links":{"self":[{"href":"https:\/\/www.europesays.com\/fr\/wp-json\/wp\/v2\/posts\/250496","targetHints":{"allow":["GET"]}}],"collection":[{"href":"https:\/\/www.europesays.com\/fr\/wp-json\/wp\/v2\/posts"}],"about":[{"href":"https:\/\/www.europesays.com\/fr\/wp-json\/wp\/v2\/types\/post"}],"author":[{"embeddable":true,"href":"https:\/\/www.europesays.com\/fr\/wp-json\/wp\/v2\/users\/2"}],"replies":[{"embeddable":true,"href":"https:\/\/www.europesays.com\/fr\/wp-json\/wp\/v2\/comments?post=250496"}],"version-history":[{"count":0,"href":"https:\/\/www.europesays.com\/fr\/wp-json\/wp\/v2\/posts\/250496\/revisions"}],"wp:featuredmedia":[{"embeddable":true,"href":"https:\/\/www.europesays.com\/fr\/wp-json\/wp\/v2\/media\/250497"}],"wp:attachment":[{"href":"https:\/\/www.europesays.com\/fr\/wp-json\/wp\/v2\/media?parent=250496"}],"wp:term":[{"taxonomy":"category","embeddable":true,"href":"https:\/\/www.europesays.com\/fr\/wp-json\/wp\/v2\/categories?post=250496"},{"taxonomy":"post_tag","embeddable":true,"href":"https:\/\/www.europesays.com\/fr\/wp-json\/wp\/v2\/tags?post=250496"}],"curies":[{"name":"wp","href":"https:\/\/api.w.org\/{rel}","templated":true}]}}