{"id":250500,"date":"2025-07-15T01:10:09","date_gmt":"2025-07-15T01:10:09","guid":{"rendered":"https:\/\/www.europesays.com\/fr\/250500\/"},"modified":"2025-07-15T01:10:09","modified_gmt":"2025-07-15T01:10:09","slug":"journee-noire-a-guerande-apres-la-coupure-deau-la-ville-sans-electricite-ce-lundi-soir-ouest-france","status":"publish","type":"post","link":"https:\/\/www.europesays.com\/fr\/250500\/","title":{"rendered":"Journ\u00e9e noire \u00e0 Gu\u00e9rande : apr\u00e8s la coupure d\u2019eau, la ville sans \u00e9lectricit\u00e9 ce lundi soir &#8211; Ouest-France"},"content":{"rendered":"<ol>\n<li><a href=\"https:\/\/news.google.com\/rss\/articles\/CBMi-wFBVV95cUxNbk9mSWNjYWt4NnNPRkt1VEJOU0hpYUJ0eUVrSjVXU0R0NlA4TjdXTE51cnNzZFl5Rm43cUJMcU1xMnJfMHNHQkNfOV9tM0pVSzJSRDFwTW9kOS0yaER0NUh0b0p1enhyVzU3RElwWHo5ZENaZHoyYVFiS3ROdllGd1A0N0Q0LTl5bi1Fcl9NQVkzVkNXRFZwNUwwb3dUd0VtY0ZzUFdlTFVDcV9wVHJRNkJiVXRHWHpKdS1qejlsOXp0XzFnX0pOazFZVFprV3RhSVdRc3VLbTh5d2w3dGNTUGY4aDRmdTZZVEU4OTB1dzZONUJRN2s3cmlkSQ?oc=5\" target=\"_blank\" rel=\"noopener\">Journ\u00e9e noire \u00e0 Gu\u00e9rande : apr\u00e8s la coupure d\u2019eau, la ville sans \u00e9lectricit\u00e9 ce lundi soir<\/a>&nbsp;&nbsp;Ouest-France<\/li>\n<li><a href=\"https:\/\/news.google.com\/rss\/articles\/CBMi_AFBVV95cUxQODBCTDlYSTBSbGM5VG9qMXFxc0phWWZGMVNuMW9mQlNSdXZWOE91U3ltQU9WS2t0d090d3MxWkJ4Y0xuVUI3ZkZWRTlVckZhbjhVQnhXQlBWRjNOVUdIT3A4bGMwRTZhT1ZvYTdZcVpKd1c2MUN5V0EySkt3Y3RuWWxfRUVfR3hEVHNIaDV5UWFqQUI2eU9uR1NzcGt6TlBuS1VMclNjeDBXa1lYM0dXZmtDN3dvUm1PY3QwZXNDYURtbVlMWDZyVy02NkFZV2VKNExMZXltM0kxa3lNRmFxVERzM2p1ekVYWkFwWHQyWF82VEtSanVPZkREWkg?oc=5\" target=\"_blank\" rel=\"noopener\">Couverts jetables, vaisselle \u00e0 l\u2019eau min\u00e9rale\u2026 La d\u00e9brouille des restos de Gu\u00e9rande ce 14 juillet<\/a>&nbsp;&nbsp;Maville<\/li>\n<li><a href=\"https:\/\/news.google.com\/rss\/articles\/CBMi9gFBVV95cUxQRHhrVkNUeFNPc0xKZUhsUkxocENCS051UGlHVjZXWWZYSmJkVDg5NFZVRjFYaDVGVVB3UEYtSm9JNHZSRGlQRVF4SlVZeDRCUXhva2cySDhvV0d1S0pIME9yRFV2Ty13MmFtVThCaFN2Z0tCaWNlUGZSZjNYN2IwcHdaTkRocmNCODY1QmZ3bXAtdV9zeDFLVjhWeE40ZDlJYlRhZEtKS3VMdWFoWUpXYTRLaTY1MWhtMFJjMEl5X2syQ2k4MWNINE81Z0UtRmN3Z0NiZGtIR3pfNENuN3NFTWRXQVhKTXFRNjU2cW41OEhKZGVSaXc?oc=5\" target=\"_blank\" rel=\"noopener\">Coupure d\u2019eau \u00e0 Gu\u00e9rande : 66 palettes d\u2019eau distribu\u00e9es aux habitants ce lundi soir<\/a>&nbsp;&nbsp;Ouest-France<\/li>\n<li><a href=\"https:\/\/news.google.com\/rss\/articles\/CBMiwgFBVV95cUxOc3lZMWJWRkc5bFZvSlJaUEtzV05KODQ2bzlzekRMcUpCb3R2ZFdnSUlmSThwRVF0NjFWRzJzdXZ1eG5PTDU5TVdTVkdERUtJbU4zbWZyOU1jUzNRTnM3anBDcndFVG9scU54NzVkZ2xTYmlNQnRZa2dFQ25pb3hOR19UTXRwS0VBLXRDNmFmajRENldOcEJNSERSMGRzMmtxWlR6aWFCaVptVHlwRFhzQmM0Q2xBam9pV1h0aEtkWW1lQQ?oc=5\" target=\"_blank\" rel=\"noopener\">Coupure d&rsquo;eau g\u00e9n\u00e9rale \u00e0 Gu\u00e9rande : un retour \u00e0 la normale pr\u00e9vu ce lundi soir<\/a>&nbsp;&nbsp;francebleu.fr<\/li>\n<li><a href=\"https:\/\/news.google.com\/rss\/articles\/CBMimwJBVV95cUxQbWJDeWhkQzFQSWp3R0JMRFdSRWhJXzBBSWZKd0pGZUNZSHFrc3M1WVo1eWFZNWNVMnVwV210Uk1FM1FEY19zYmE5a2hjRDlCMjRkNVM4dW0tR1BfNlJPX1ZZMG5TR2VRV25PWkhXYTM3M0JTWXZkcUNrM0UwMkhxQ3FhLW1oeGctS0NoLTZpRjBSNFNkRGI3bzVVYTQwSEVSbE9EcXRuZTR5aVBRbVhqUWhrV3hMNFZGNzE4aUJlMkRtb2tjU0dHRVh5NVh5MHRKVkExdlg5amdrMWFabExRRkozSUpPYzA0TmlseDdEQjNCR1hqQkx1dnJ0dWhkMkxXYkRuclZISjc3Sm8xb3o4bHI3VU0zbFI2NlZr?oc=5\" target=\"_blank\" rel=\"noopener\">Coupure d\u2019eau \u00e0 Gu\u00e9rande : une citerne positionn\u00e9e par les pompiers, par s\u00e9curit\u00e9 en cas d\u2019incendie<\/a>&nbsp;&nbsp;Ouest-France<\/li>\n<\/ol>\n","protected":false},"excerpt":{"rendered":"Journ\u00e9e noire \u00e0 Gu\u00e9rande : apr\u00e8s la coupure d\u2019eau, la ville sans \u00e9lectricit\u00e9 ce lundi soir&nbsp;&nbsp;Ouest-France Couverts jetables,&hellip;\n","protected":false},"author":2,"featured_media":1445,"comment_status":"","ping_status":"","sticky":false,"template":"","format":"standard","meta":{"footnotes":""},"categories":[2],"tags":[11,1011,27,12,25],"class_list":{"0":"post-250500","1":"post","2":"type-post","3":"status-publish","4":"format-standard","5":"has-post-thumbnail","7":"category-actualites","8":"tag-actualites","9":"tag-fr","10":"tag-france","11":"tag-news","12":"tag-republique-francaise"},"share_on_mastodon":{"url":"https:\/\/pubeurope.com\/@fr\/114854587489070805","error":""},"_links":{"self":[{"href":"https:\/\/www.europesays.com\/fr\/wp-json\/wp\/v2\/posts\/250500","targetHints":{"allow":["GET"]}}],"collection":[{"href":"https:\/\/www.europesays.com\/fr\/wp-json\/wp\/v2\/posts"}],"about":[{"href":"https:\/\/www.europesays.com\/fr\/wp-json\/wp\/v2\/types\/post"}],"author":[{"embeddable":true,"href":"https:\/\/www.europesays.com\/fr\/wp-json\/wp\/v2\/users\/2"}],"replies":[{"embeddable":true,"href":"https:\/\/www.europesays.com\/fr\/wp-json\/wp\/v2\/comments?post=250500"}],"version-history":[{"count":0,"href":"https:\/\/www.europesays.com\/fr\/wp-json\/wp\/v2\/posts\/250500\/revisions"}],"wp:featuredmedia":[{"embeddable":true,"href":"https:\/\/www.europesays.com\/fr\/wp-json\/wp\/v2\/media\/1445"}],"wp:attachment":[{"href":"https:\/\/www.europesays.com\/fr\/wp-json\/wp\/v2\/media?parent=250500"}],"wp:term":[{"taxonomy":"category","embeddable":true,"href":"https:\/\/www.europesays.com\/fr\/wp-json\/wp\/v2\/categories?post=250500"},{"taxonomy":"post_tag","embeddable":true,"href":"https:\/\/www.europesays.com\/fr\/wp-json\/wp\/v2\/tags?post=250500"}],"curies":[{"name":"wp","href":"https:\/\/api.w.org\/{rel}","templated":true}]}}