{"id":250501,"date":"2025-07-15T01:11:17","date_gmt":"2025-07-15T01:11:17","guid":{"rendered":"https:\/\/www.europesays.com\/fr\/250501\/"},"modified":"2025-07-15T01:11:17","modified_gmt":"2025-07-15T01:11:17","slug":"nouvelle-zelande-u20-je-retiens-les-occasions-manquees-regrette-le-selectionneur-des-bleuets","status":"publish","type":"post","link":"https:\/\/www.europesays.com\/fr\/250501\/","title":{"rendered":"Nouvelle-Z\u00e9lande U20 : \u00abJe retiens les occasions manqu\u00e9es\u00bb, regrette le s\u00e9lectionneur des Bleuets"},"content":{"rendered":"<p>Les Bleuets, battus ce lundi par les Baby Blacks (34-26) en demi-finale, ne disputeront pas une cinqui\u00e8me finale cons\u00e9cutive au Mondial U20.<\/p>\n<p class=\"fig-paragraph\">\u00abOn manque de pr\u00e9cision dans le dernier geste. Le fait de courir apr\u00e8s le score toute la partie entra\u00eene de l\u2019impatience, qui am\u00e8ne de la frustration et qui se termine en pr\u00e9cipitation.\u00a0<a href=\"https:\/\/www.lefigaro.fr\/sports\/rugby\/coupe-du-monde\/en-direct-france-nouvelle-zelande-u20-les-bleuets-defient-les-baby-blacks-pour-une-place-en-finale-de-coupe-du-monde-20250714\" data-fig-type=\"Live\" data-gtm-custom-categorie=\"navigation\" data-gtm-custom-action=\"crossclick\" data-gtm-custom-label=\"Contextuel\" data-gtm-event=\"customEventSPE\" data-fig-domain=\"LEFIGARO\" target=\"_blank\" rel=\"noopener\">On a mal ma\u00eetris\u00e9 plusieurs opportunit\u00e9s.<\/a> \u00a0Eux ont \u00e9t\u00e9 pragmatiques. Je retiens les occasions manqu\u00e9es. On a eu de multiples occasions de passer devant, de marquer, et on manque de pr\u00e9cision dans le dernier geste. Ce sont nos erreurs qui nous co\u00fbtent le match\u00bb, a regrett\u00e9 le s\u00e9lectionneur des Bleuets C\u00e9dric Laborde.<\/p>\n<p class=\"fig-paragraph\">Dans leur premi\u00e8re finale depuis leur titre en 2017, les N\u00e9o-Z\u00e9landais seront oppos\u00e9s, samedi (20h30), aux Sud-Africains, qui ont \u00e9cras\u00e9 l\u2019Argentine (48-24) dans l\u2019autre demi-finale. Des Pumitas que les Bleuets retrouveront pour la troisi\u00e8me place (samedi \u00e0 18h).<\/p>\n","protected":false},"excerpt":{"rendered":"Les Bleuets, battus ce lundi par les Baby Blacks (34-26) en demi-finale, ne disputeront pas une cinqui\u00e8me finale&hellip;\n","protected":false},"author":2,"featured_media":250502,"comment_status":"","ping_status":"","sticky":false,"template":"","format":"standard","meta":{"footnotes":""},"categories":[4],"tags":[11,39070,1011,27,12,25],"class_list":{"0":"post-250501","1":"post","2":"type-post","3":"status-publish","4":"format-standard","5":"has-post-thumbnail","7":"category-france","8":"tag-actualites","9":"tag-coupe-du-monde-de-rugby","10":"tag-fr","11":"tag-france","12":"tag-news","13":"tag-republique-francaise"},"share_on_mastodon":{"url":"https:\/\/pubeurope.com\/@fr\/114854591348100103","error":""},"_links":{"self":[{"href":"https:\/\/www.europesays.com\/fr\/wp-json\/wp\/v2\/posts\/250501","targetHints":{"allow":["GET"]}}],"collection":[{"href":"https:\/\/www.europesays.com\/fr\/wp-json\/wp\/v2\/posts"}],"about":[{"href":"https:\/\/www.europesays.com\/fr\/wp-json\/wp\/v2\/types\/post"}],"author":[{"embeddable":true,"href":"https:\/\/www.europesays.com\/fr\/wp-json\/wp\/v2\/users\/2"}],"replies":[{"embeddable":true,"href":"https:\/\/www.europesays.com\/fr\/wp-json\/wp\/v2\/comments?post=250501"}],"version-history":[{"count":0,"href":"https:\/\/www.europesays.com\/fr\/wp-json\/wp\/v2\/posts\/250501\/revisions"}],"wp:featuredmedia":[{"embeddable":true,"href":"https:\/\/www.europesays.com\/fr\/wp-json\/wp\/v2\/media\/250502"}],"wp:attachment":[{"href":"https:\/\/www.europesays.com\/fr\/wp-json\/wp\/v2\/media?parent=250501"}],"wp:term":[{"taxonomy":"category","embeddable":true,"href":"https:\/\/www.europesays.com\/fr\/wp-json\/wp\/v2\/categories?post=250501"},{"taxonomy":"post_tag","embeddable":true,"href":"https:\/\/www.europesays.com\/fr\/wp-json\/wp\/v2\/tags?post=250501"}],"curies":[{"name":"wp","href":"https:\/\/api.w.org\/{rel}","templated":true}]}}