{"id":250503,"date":"2025-07-15T01:14:13","date_gmt":"2025-07-15T01:14:13","guid":{"rendered":"https:\/\/www.europesays.com\/fr\/250503\/"},"modified":"2025-07-15T01:14:13","modified_gmt":"2025-07-15T01:14:13","slug":"tournee-du-xv-de-france-en-nouvelle-zelande-pierre-louis-barassi-nicolas-depoortere-un-duo-de-chocs-au-centre","status":"publish","type":"post","link":"https:\/\/www.europesays.com\/fr\/250503\/","title":{"rendered":"Tourn\u00e9e du XV de France en Nouvelle-Z\u00e9lande &#8211; Pierre-Louis Barassi &#8211; Nicolas Depoortere : un duo de \u00ab\u00a0chocs\u00a0\u00bb au centre"},"content":{"rendered":"<p>\n                Associ\u00e9s au centre pour la premi\u00e8re fois, Depoortere et Barassi furent certainement les deux plus grandes satisfactions fran\u00e7aises de la rencontre. Notamment pour leur impact physique.\n            <\/p>\n<p>Dans notre \u00e9dition de vendredi, \u00e0 l\u2019heure d\u2019\u00e9voquer son association avec Nicolas Depoortere au centre de l\u2019attaque fran\u00e7aise, Pierre-Louis Barassi voyait un joli clin d\u2019\u0153il du destin : \u00ab\u00a0C\u2019est marrant, parce que Toulouse et Bordeaux sont en train de devenir les grands rivaux. Mais l\u00e0, on va se retrouver au centre ensemble, tous les deux dans le m\u00eame bateau. Je trouve \u00e7a sympa.\u00a0\u00bb Dans le m\u00eame bateau, ils le furent effectivement. Et celui-ci prenait l\u2019eau, surtout en premi\u00e8re p\u00e9riode, dans la baie de Wellington\u2026 Une question m\u00e9rite pourtant d\u2019\u00eatre pos\u00e9e : que serait-il advenu de l\u2019embarquement tricolore si ces deux-l\u00e0 n\u2019avaient pas pass\u00e9 leur temps \u00e0 \u00e9coper ? Parce que, si deux joueurs furent exemplaires lors de la d\u00e9faite fran\u00e7aise, ce sont bien eux. Jamais, face aux innombrables assauts adverses, ils n\u2019ont \u00e9t\u00e9 pris \u00e0 d\u00e9faut dans leur zone. Preuve d\u00e9j\u00e0 d\u2019une belle compl\u00e9mentarit\u00e9, malgr\u00e9 l\u2019absence de v\u00e9cu commun. \u00ab\u00a0De toute fa\u00e7on, il n\u2019y a pas \u00e9norm\u00e9ment d\u2019automatismes dans l\u2019\u00e9quipe, en souriait Barassi avant la rencontre. Des premi\u00e8res associations, il y en a pour tout le monde.\u00a0\u00bb Mais lui semblait avoir un bon pressentiment sur la leur : \u00ab\u00a0On a des profils un peu similaires puisqu\u2019on est des 13 de formation. Mais l\u2019association me pla\u00eet bien parce qu\u2019on communique beaucoup.\u00a0\u00bb<\/p>\n<p>\u00c0 l\u2019arriv\u00e9e, Barassi et Depoortere sont rest\u00e9s sur la lanc\u00e9e de leur fin de saison canon en club. L\u2019un fut sacr\u00e9 champion de France, quand l\u2019autre a remport\u00e9 la Champions Cup. Et Fabien Galthi\u00e9, durant la semaine de pr\u00e9paration, n\u2019avait pas cach\u00e9 vouloir s\u2019appuyer sur la belle dynamique des Toulousains et des Bordelais align\u00e9s au Sky Stadium, ainsi que sur leur confiance actuelle. Les deux trois-quarts centres en ont \u00e9t\u00e9 dignes.<\/p>\n<p>Barassi, deuxi\u00e8me meilleur plaqueur fran\u00e7ais<\/p>\n<p>Surtout, malgr\u00e9 l\u2019implacable domination n\u00e9o-z\u00e9landaise, ces deux-l\u00e0 ont montr\u00e9 d\u2019embl\u00e9e qu\u2019ils \u00e9taient pr\u00eats \u00e0 rivaliser. Physiquement d\u00e9j\u00e0, puisqu\u2019ils furent parmi les seuls Bleus \u00e0 gagner tous leurs duels, et \u00e0 trouver de l\u2019avanc\u00e9e d\u00e8s qu\u2019un ballon leur passait entre les mains. La preuve par les chiffres ? Ils ont chacun battu deux d\u00e9fenseurs all blacks. Au-del\u00e0, m\u00eame si les espaces \u00e9taient peu nombreux au milieu du terrain, Barassi a gagn\u00e9 22 m\u00e8tres ballon en mains, quand Depoortere en a \u00ab\u00a0gratt\u00e9s\u00a0\u00bb 26. Et que dire de leur activit\u00e9 d\u00e9fensive ? Surtout le Toulousain sur ce plan, lequel a r\u00e9alis\u00e9 pas moins de 13 plaquages (soit le deuxi\u00e8me plus haut total fran\u00e7ais, derri\u00e8re le flanker Pierre Bochaton), avec au passage quelques timbres majuscules et certains coups rattrap\u00e9s de justesse en s\u2019accrochant aux chevilles. Bref, m\u00eame s\u2019ils sont arriv\u00e9s en Nouvelle-Z\u00e9lande apr\u00e8s la finale de Top 14, et donc en cours de tourn\u00e9e (ce qui les avait emp\u00each\u00e9s de postuler pour le premier test), ils ont d\u00e9montr\u00e9 qu\u2019ils \u00e9taient d\u00e9cid\u00e9s \u00e0 jouer un r\u00f4le majeur dans cette parenth\u00e8se sudiste. Fallait les inviter.\u00a0<\/p>\n","protected":false},"excerpt":{"rendered":"Associ\u00e9s au centre pour la premi\u00e8re fois, Depoortere et Barassi furent certainement les deux plus grandes satisfactions fran\u00e7aises&hellip;\n","protected":false},"author":2,"featured_media":250504,"comment_status":"","ping_status":"","sticky":false,"template":"","format":"standard","meta":{"footnotes":""},"categories":[1416],"tags":[1011,27,479,1468,60],"class_list":{"0":"post-250503","1":"post","2":"type-post","3":"status-publish","4":"format-standard","5":"has-post-thumbnail","7":"category-rugby","8":"tag-fr","9":"tag-france","10":"tag-rugby","11":"tag-rugby-football","12":"tag-sports"},"share_on_mastodon":{"url":"https:\/\/pubeurope.com\/@fr\/114854603173962671","error":""},"_links":{"self":[{"href":"https:\/\/www.europesays.com\/fr\/wp-json\/wp\/v2\/posts\/250503","targetHints":{"allow":["GET"]}}],"collection":[{"href":"https:\/\/www.europesays.com\/fr\/wp-json\/wp\/v2\/posts"}],"about":[{"href":"https:\/\/www.europesays.com\/fr\/wp-json\/wp\/v2\/types\/post"}],"author":[{"embeddable":true,"href":"https:\/\/www.europesays.com\/fr\/wp-json\/wp\/v2\/users\/2"}],"replies":[{"embeddable":true,"href":"https:\/\/www.europesays.com\/fr\/wp-json\/wp\/v2\/comments?post=250503"}],"version-history":[{"count":0,"href":"https:\/\/www.europesays.com\/fr\/wp-json\/wp\/v2\/posts\/250503\/revisions"}],"wp:featuredmedia":[{"embeddable":true,"href":"https:\/\/www.europesays.com\/fr\/wp-json\/wp\/v2\/media\/250504"}],"wp:attachment":[{"href":"https:\/\/www.europesays.com\/fr\/wp-json\/wp\/v2\/media?parent=250503"}],"wp:term":[{"taxonomy":"category","embeddable":true,"href":"https:\/\/www.europesays.com\/fr\/wp-json\/wp\/v2\/categories?post=250503"},{"taxonomy":"post_tag","embeddable":true,"href":"https:\/\/www.europesays.com\/fr\/wp-json\/wp\/v2\/tags?post=250503"}],"curies":[{"name":"wp","href":"https:\/\/api.w.org\/{rel}","templated":true}]}}