{"id":250505,"date":"2025-07-15T01:15:10","date_gmt":"2025-07-15T01:15:10","guid":{"rendered":"https:\/\/www.europesays.com\/fr\/250505\/"},"modified":"2025-07-15T01:15:10","modified_gmt":"2025-07-15T01:15:10","slug":"wimbledon-laurent-rochette-pas-content-du-6-0-6-0-de-swiatek-sur-les-tournois-du-grand-chelem-a-partir-des-demi-finales-on-devrait-passer-au-format-en-5-sets-cela-ajouterait-une-dimension-phy","status":"publish","type":"post","link":"https:\/\/www.europesays.com\/fr\/250505\/","title":{"rendered":"Wimbledon > Laurent Rochette pas content du 6-0, 6-0 de Swiatek : \u00ab\u00a0Sur les tournois du Grand Chelem, \u00e0 partir des demi-finales, on devrait passer au format en 5 sets. Cela ajouterait une dimension physique. Cela est tout \u00e0 fait possible d&rsquo;un point du vue logistique et sportif\u00a0\u00bb"},"content":{"rendered":"<p>Ancien joueur du circuit, il a \u00e9t\u00e9 class\u00e9 202\u00e8me en 2012, Laurent commente le circuit sur son compte <strong>Instagram <\/strong>en essayant d\u2019avoir un oeil ind\u00e9\u00adpen\u00addant et objectif. A la suite de la finale dames qui s\u2019est sold\u00e9 sur un score de 6\u20130, 6\u20130\u202fen 58\u202fminutes, il a d\u00e9cid\u00e9 de faire une propo\u00adsi\u00adtion simple car il estime qu\u2019un tel \u00e9v\u00e8ne\u00adment nuit au tennis f\u00e9minin. Il n\u2019a pas forc\u00e9\u00adment\u00a0tort.<\/p>\n<p><strong>\u00ab\u202fIl faut au moins garantir un temps de jeu d\u2019une heure et trente, c\u2019est le minimum. Je ne reviens pas sur la perfor\u00admance de Swiatek, il n\u2019y a rien \u00e0 dire mais cela nuit au tennis f\u00e9minin. Pour moi, sur les tour\u00adnois du Grand Chelem \u00e0 partir des demi\u2010finales on devrait passer au format en 5 sets. Cela ajou\u00adte\u00adrait une dimen\u00adsion physique. Cela est tout \u00e0 fait possible d\u2019un point de vue logis\u00adtiqie et sporitf. Cela \u00e9vite\u00adrait aussi une situa\u00adtion comme celle de ce samedi\u202f\u00bb<\/strong><\/p>\n<p class=\"post-published-date\" style=\"color: silver; font-size: 75%; text-align: left;\">Publi\u00e9 le lundi 14 juillet 2025 \u00e0 18:22<\/p>\n","protected":false},"excerpt":{"rendered":"Ancien joueur du circuit, il a \u00e9t\u00e9 class\u00e9 202\u00e8me en 2012, Laurent commente le circuit sur son compte&hellip;\n","protected":false},"author":2,"featured_media":250506,"comment_status":"","ping_status":"","sticky":false,"template":"","format":"standard","meta":{"footnotes":""},"categories":[1415],"tags":[1011,27,2200,60,1467],"class_list":{"0":"post-250505","1":"post","2":"type-post","3":"status-publish","4":"format-standard","5":"has-post-thumbnail","7":"category-tennis","8":"tag-fr","9":"tag-france","10":"tag-iga-swiatek","11":"tag-sports","12":"tag-tennis"},"share_on_mastodon":{"url":"https:\/\/pubeurope.com\/@fr\/114854607074351772","error":""},"_links":{"self":[{"href":"https:\/\/www.europesays.com\/fr\/wp-json\/wp\/v2\/posts\/250505","targetHints":{"allow":["GET"]}}],"collection":[{"href":"https:\/\/www.europesays.com\/fr\/wp-json\/wp\/v2\/posts"}],"about":[{"href":"https:\/\/www.europesays.com\/fr\/wp-json\/wp\/v2\/types\/post"}],"author":[{"embeddable":true,"href":"https:\/\/www.europesays.com\/fr\/wp-json\/wp\/v2\/users\/2"}],"replies":[{"embeddable":true,"href":"https:\/\/www.europesays.com\/fr\/wp-json\/wp\/v2\/comments?post=250505"}],"version-history":[{"count":0,"href":"https:\/\/www.europesays.com\/fr\/wp-json\/wp\/v2\/posts\/250505\/revisions"}],"wp:featuredmedia":[{"embeddable":true,"href":"https:\/\/www.europesays.com\/fr\/wp-json\/wp\/v2\/media\/250506"}],"wp:attachment":[{"href":"https:\/\/www.europesays.com\/fr\/wp-json\/wp\/v2\/media?parent=250505"}],"wp:term":[{"taxonomy":"category","embeddable":true,"href":"https:\/\/www.europesays.com\/fr\/wp-json\/wp\/v2\/categories?post=250505"},{"taxonomy":"post_tag","embeddable":true,"href":"https:\/\/www.europesays.com\/fr\/wp-json\/wp\/v2\/tags?post=250505"}],"curies":[{"name":"wp","href":"https:\/\/api.w.org\/{rel}","templated":true}]}}