{"id":250515,"date":"2025-07-15T01:21:09","date_gmt":"2025-07-15T01:21:09","guid":{"rendered":"https:\/\/www.europesays.com\/fr\/250515\/"},"modified":"2025-07-15T01:21:09","modified_gmt":"2025-07-15T01:21:09","slug":"laurence-ferrari-je-dois-malheureusement-son-mari-renaud-capucon-fait-une-annonce-inquietante","status":"publish","type":"post","link":"https:\/\/www.europesays.com\/fr\/250515\/","title":{"rendered":"Laurence Ferrari : \u201cje dois malheureusement\u2026\u201d, son mari Renaud Capu\u00e7on fait une annonce inqui\u00e9tante"},"content":{"rendered":"<p><a href=\"https:\/\/www.closermag.fr\/people\/je-suis-marie-mais-en-direct-renaud-capucon-evoque-cette-infidelite-avec-laquelle-laurence-ferrari-doit-composer-3522087\" rel=\"nofollow noopener\" target=\"_blank\"><br \/>\nRenaud Capu\u00e7on<\/a>, est un artiste, violoniste de renomm\u00e9e<br \/>\ninternationale. Il est \u00e9galement connu pour \u00eatre le compagnon de la<br \/>\njournaliste <a href=\"https:\/\/www.closermag.fr\/people\/mon-bebe-laurence-ferrari-prete-a-un-changement-de-vie-radical-3555881\" rel=\"nofollow noopener\" target=\"_blank\"><br \/>\nLaurence Ferrari<\/a>. Les tourtereaux se sont rencontr\u00e9s en 2008<br \/>\nlors d\u2019un d\u00eener pour les Savoyards, organis\u00e9 par l\u2019ancien ministre<br \/>\nde l\u2019Agriculture, <strong>Michel Barnier<\/strong>. Ce qui est<br \/>\ncertain, c\u2019est que le coup de foudre \u00e9tait instantan\u00e9.<\/p>\n<p>Apr\u00e8s tout, dans <a href=\"https:\/\/www.telestar.fr\/people\/laurence-ferrari-sous-la-mitraille-quotidiennement-elle-revele-la-veritable-raison-de-son-depart-de-tf1-1719287\" rel=\"nofollow noopener\" target=\"_blank\"><br \/>\nune interview<\/a>, l\u2019artiste de 49 ans a confi\u00e9 avoir \u00e9t\u00e9 sous le<br \/>\ncharme de la belle blonde. \u00ab\u00a0J\u2019ai tout de suite \u00e9t\u00e9<br \/>\n<strong>s\u00e9duit par son aura<\/strong>, ce m\u00e9lange de<br \/>\ndouceur et de tr\u00e8s forte pr\u00e9sence. J\u2019ai toujours aim\u00e9 les<br \/>\n<strong>femmes de caract\u00e8re<\/strong> !\u00a0\u00bb, a-t-il<br \/>\nconfi\u00e9 amoureusement. Pourtant, \u00e0 ce moment-l\u00e0, il ne savait pas<br \/>\nque Laurence Ferrari \u00e9tait une c\u00e9l\u00e9brit\u00e9 du petit \u00e9cran. Il<br \/>\nignorait \u00e9galement la passion commune qu\u2019ils avaient pour la<br \/>\nmusique.<\/p>\n<p>Laurence Ferrari : Renaud Capu\u00e7on forc\u00e9 au repos !<\/p>\n<p>Ce lundi 14 juillet, les fans de <strong>Renaud Capu\u00e7on<\/strong><br \/>\nont eu une mauvaise surprise. En effet, le mari de <strong>Laurence<br \/>\nFerrari<\/strong> a annonc\u00e9, sur son compte Instagram, l\u2019annulation<br \/>\nde plusieurs dates de son concert. \u00ab\u00a0Bonjour \u00e0 tous, je dois<br \/>\nmalheureusement <strong>annuler mes concerts<\/strong><br \/>\ndu 14, 15 et 16 juillet pour prendre du <strong>repos<br \/>\nforc\u00e9<\/strong>. Merci \u00e0 tous de votre compr\u00e9hension et \u00e0<br \/>\nbient\u00f4t !\u00a0\u00bb, a-t-il \u00e9crit en prenant soin de mettre une<br \/>\ntraduction en anglais.<\/p>\n<p>Impossible de ne pas remarquer le \u00ab\u00a0repos forc\u00e9\u00a0\u00bb de son<br \/>\nmessage. Des mots qui ne rassurent aucunement les fans. Sans parler<br \/>\ndu manque d\u2019informations sur son \u00e9tat. Apr\u00e8s tout, aucun d\u00e9tail<br \/>\nsuppl\u00e9mentaire sur la nature de son mal \u00eatre n\u2019a encore \u00e9t\u00e9<br \/>\ncommuniqu\u00e9.<\/p>\n<blockquote class=\"instagram-media\" style=\"background: #ffffff;border: 0;margin: 1px;width: 100%;padding: 0;max-width: 500px;\" data-instgrm-permalink=\"https:\/\/www.instagram.com\/p\/DMFlJ4gtKYU\/?utm_source=ig_web_copy_link&amp;igsh=MzRlODBiNWFlZA==\" data-instgrm-version=\"14\"\/><p>\nLaurence Ferrari et Renaud Capu\u00e7on : il<br \/>\na forc\u00e9 le destin<\/p>\n<p>Comme tant d\u2019autres histoires d\u2019amour, celle de <strong>Renaud<br \/>\nCapu\u00e7on<\/strong> et <strong>Laurence Ferrari<\/strong> renferme une<br \/>\nhistoire attendrissante. D\u2019une part, le violoniste est tomb\u00e9<br \/>\ndirectement sous le charme de sa belle, sans savoir qu\u2019elle \u00e9tait<br \/>\nc\u00e9l\u00e8bre. D\u2019ailleurs, il a confi\u00e9 qu\u2019il a d\u00fb <strong>chercher son<br \/>\nnom sur Google<\/strong> !<\/p>\n<p>En outre, Renaud Capu\u00e7on ne devait pas assister \u00e0 ce d\u00eener.<br \/>\nTotalement \u00e9reint\u00e9, il a pass\u00e9 outre sa fatigue en voyant le nom de<br \/>\nLaurence Ferrari sur la liste des invit\u00e9s. Une belle initiative qui<br \/>\na men\u00e9 \u00e0 un mariage en juillet 2006. Un an plus tard, le petit<br \/>\nElliott a vu le jour.<\/p>\n<p><script async src=\"\/\/www.instagram.com\/embed.js\"><\/script><\/p>\n","protected":false},"excerpt":{"rendered":"Renaud Capu\u00e7on, est un artiste, violoniste de renomm\u00e9e internationale. Il est \u00e9galement connu pour \u00eatre le compagnon de&hellip;\n","protected":false},"author":2,"featured_media":250516,"comment_status":"","ping_status":"","sticky":false,"template":"","format":"standard","meta":{"footnotes":""},"categories":[1359],"tags":[548,58,59,1011,27,973,39071],"class_list":{"0":"post-250515","1":"post","2":"type-post","3":"status-publish","4":"format-standard","5":"has-post-thumbnail","7":"category-people","8":"tag-article-simple","9":"tag-divertissement","10":"tag-entertainment","11":"tag-fr","12":"tag-france","13":"tag-people","14":"tag-renaud-capucon"},"share_on_mastodon":{"url":"https:\/\/pubeurope.com\/@fr\/114854630702258849","error":""},"_links":{"self":[{"href":"https:\/\/www.europesays.com\/fr\/wp-json\/wp\/v2\/posts\/250515","targetHints":{"allow":["GET"]}}],"collection":[{"href":"https:\/\/www.europesays.com\/fr\/wp-json\/wp\/v2\/posts"}],"about":[{"href":"https:\/\/www.europesays.com\/fr\/wp-json\/wp\/v2\/types\/post"}],"author":[{"embeddable":true,"href":"https:\/\/www.europesays.com\/fr\/wp-json\/wp\/v2\/users\/2"}],"replies":[{"embeddable":true,"href":"https:\/\/www.europesays.com\/fr\/wp-json\/wp\/v2\/comments?post=250515"}],"version-history":[{"count":0,"href":"https:\/\/www.europesays.com\/fr\/wp-json\/wp\/v2\/posts\/250515\/revisions"}],"wp:featuredmedia":[{"embeddable":true,"href":"https:\/\/www.europesays.com\/fr\/wp-json\/wp\/v2\/media\/250516"}],"wp:attachment":[{"href":"https:\/\/www.europesays.com\/fr\/wp-json\/wp\/v2\/media?parent=250515"}],"wp:term":[{"taxonomy":"category","embeddable":true,"href":"https:\/\/www.europesays.com\/fr\/wp-json\/wp\/v2\/categories?post=250515"},{"taxonomy":"post_tag","embeddable":true,"href":"https:\/\/www.europesays.com\/fr\/wp-json\/wp\/v2\/tags?post=250515"}],"curies":[{"name":"wp","href":"https:\/\/api.w.org\/{rel}","templated":true}]}}