{"id":250519,"date":"2025-07-15T01:24:22","date_gmt":"2025-07-15T01:24:22","guid":{"rendered":"https:\/\/www.europesays.com\/fr\/250519\/"},"modified":"2025-07-15T01:24:22","modified_gmt":"2025-07-15T01:24:22","slug":"cette-theorie-totalement-wtf-sur-le-pere-de-ginny","status":"publish","type":"post","link":"https:\/\/www.europesays.com\/fr\/250519\/","title":{"rendered":"Cette th\u00e9orie totalement WTF sur le p\u00e8re de Ginny"},"content":{"rendered":"<p>Les s\u00e9ries \u00e0 succ\u00e8s sont souvent au c\u0153ur des th\u00e9ories des fans qui ne manquent, en g\u00e9n\u00e9ral, pas d&rsquo;imagination ! Mais la derni\u00e8re du genre concernant Ginny &amp; Georgia va vous faire halluciner tant elle est farfelue. Elle concerne Zion, le p\u00e8re de Ginny.<\/p>\n<p>Quand il s&rsquo;agit de Ginny &amp; Georgia, les fans ne manquent pas de <a href=\"https:\/\/www.programme-tv.net\/news\/series-tv\/382722-ginny-georgia-cette-theorie-sur-austin-fait-vraiment-froid-dans-le-dos-et-pourrait-changer-toute-la-serie\/\" data-api-deeplink=\"teleloisirs:\/\/news\/382722\" target=\"_blank\" rel=\"noopener\">th\u00e9ories, comme celle sur Austin<\/a> par exemple ! Si certaines sont plausibles, d&rsquo;autres, en revanche, sont compl\u00e8tement barr\u00e9es ! \u00c0 l&rsquo;instar de la derni\u00e8re en date, \u00e0 propos du p\u00e8re de <a href=\"https:\/\/www.programme-tv.net\/news\/series-tv\/382221-ginny-georgia-antonia-gentry-met-les-choses-au-clair-a-propos-des-cheveux-de-ginny-qui-provoquent-des-debats-sur-tiktok\/\" data-api-deeplink=\"teleloisirs:\/\/news\/382221\" target=\"_blank\" rel=\"noopener\">Ginny, l&rsquo;h\u00e9ro\u00efne dont les cheveux provoquent des d\u00e9bats sur TikTok<\/a>. Ce n&rsquo;est pas une r\u00e9v\u00e9lation concernant son identit\u00e9 puisqu&rsquo;on sait qu&rsquo;il s&rsquo;agit de Zion, que l&rsquo;on retrouvera vraisemblablement dans la <a href=\"https:\/\/www.programme-tv.net\/news\/series-tv\/380820-ginny-georgia-saison-4-toutes-les-premieres-infos-sur-la-suite-de-la-serie-netflix\/\" data-api-deeplink=\"teleloisirs:\/\/news\/380820\" target=\"_blank\" rel=\"noopener\">saison 4<\/a>. Mais certains estiment que le personnage serait en fait&#8230; une IA ! \u00ab\u00a0Le personnage n&rsquo;a pas l&rsquo;air r\u00e9el, avec son visage \u00e9trangement retouch\u00e9 et ses mouvements robotiques\u00a0\u00bb, sugg\u00e8re ainsi un fan. \u00ab\u00a0Je ne suis pas le seul \u00e0 penser \u00e7a, n&rsquo;est-ce pas ? Sa fa\u00e7on de bouger et son apparence. Je veux dire, c&rsquo;est un beau mec, mais on dirait qu&rsquo;il a \u00e9t\u00e9 am\u00e9lior\u00e9\u00a0\u00bb, \u00e9crit un internaute sur TikTok. Et son avis est partag\u00e9 puisqu&rsquo;on peut lire \u00e9galement : \u00ab\u00a0J&rsquo;ai vraiment cru qu&rsquo;il ressemblait \u00e0 un personnage de dessin anim\u00e9, il est parfait\u00a0\u00bb.<\/p>\n<p>                        Ginny &amp; Georgia : Zion, trop parfait pour \u00eatre r\u00e9el ?<\/p>\n<p>Trop parfait pour \u00eatre r\u00e9el ? Ils sont nombreux \u00e0 le penser ! \u00ab\u00a0Je pense \u00e7a depuis la premi\u00e8re saison. Personne n&rsquo;est d&rsquo;accord avec moi, mais il a l&rsquo;air tellement anim\u00e9. Surtout \u00e0 c\u00f4t\u00e9 des autres\u00a0\u00bb, souligne encore un fan. \u00ab\u00a0Je le regardais en pensant la m\u00eame chose, son visage est tellement parfait qu&rsquo;il ressemble \u00e0 un tableau\u00a0\u00bb, rench\u00e9rit un autre. Et, quand il s&rsquo;agit de trouver des arguments pour aller dans le sens de leur th\u00e9orie, les internautes trouvent toujours. Certains ont ainsi remarqu\u00e9 qu&rsquo;\u00e0 mi-parcours de la saison 3 de Ginny &amp; Georgia, Zion avait soudainement commenc\u00e9 \u00e0 parler diff\u00e9remment, comme s&rsquo;il avait d\u00e9velopp\u00e9 un b\u00e9gaiement.<\/p>\n<p>Ginny &amp; Georgia : quel acteur incarne Zion, le p\u00e8re de Ginny ?<\/p>\n<p>Il suffit pourtant de regarder le d\u00e9tail du g\u00e9n\u00e9rique pour voir que Zion Miller n&rsquo;est pas interpr\u00e9t\u00e9 par une IA mais bien par un acteur en chair et en os : Nathan Mitchell. L&rsquo;acteur canadien a m\u00eame publi\u00e9 des messages sur Instagram \u00e0 propos de la troisi\u00e8me saison. Mais m\u00eame face \u00e0 ce genre d&rsquo;\u00e9vidences, rien ne dit que les fans s&rsquo;en contenteront tant certains semblent persuad\u00e9s d&rsquo;avoir raison&#8230;<\/p>\n<p>Article \u00e9crit en collaboration avec 6Medias<\/p>\n","protected":false},"excerpt":{"rendered":"Les s\u00e9ries \u00e0 succ\u00e8s sont souvent au c\u0153ur des th\u00e9ories des fans qui ne manquent, en g\u00e9n\u00e9ral, pas&hellip;\n","protected":false},"author":2,"featured_media":250520,"comment_status":"","ping_status":"","sticky":false,"template":"","format":"standard","meta":{"footnotes":""},"categories":[1356],"tags":[244,58,59,1011,27,17121,127,1722,1721,4496,129,252,1364],"class_list":{"0":"post-250519","1":"post","2":"type-post","3":"status-publish","4":"format-standard","5":"has-post-thumbnail","7":"category-television","8":"tag-commentaire","9":"tag-divertissement","10":"tag-entertainment","11":"tag-fr","12":"tag-france","13":"tag-ginny-georgia","14":"tag-netflix","15":"tag-pub-streaming-netflix","16":"tag-su00e9rie-netflix","17":"tag-superstream","18":"tag-svod","19":"tag-television","20":"tag-tv"},"share_on_mastodon":{"url":"https:\/\/pubeurope.com\/@fr\/114854642663460395","error":""},"_links":{"self":[{"href":"https:\/\/www.europesays.com\/fr\/wp-json\/wp\/v2\/posts\/250519","targetHints":{"allow":["GET"]}}],"collection":[{"href":"https:\/\/www.europesays.com\/fr\/wp-json\/wp\/v2\/posts"}],"about":[{"href":"https:\/\/www.europesays.com\/fr\/wp-json\/wp\/v2\/types\/post"}],"author":[{"embeddable":true,"href":"https:\/\/www.europesays.com\/fr\/wp-json\/wp\/v2\/users\/2"}],"replies":[{"embeddable":true,"href":"https:\/\/www.europesays.com\/fr\/wp-json\/wp\/v2\/comments?post=250519"}],"version-history":[{"count":0,"href":"https:\/\/www.europesays.com\/fr\/wp-json\/wp\/v2\/posts\/250519\/revisions"}],"wp:featuredmedia":[{"embeddable":true,"href":"https:\/\/www.europesays.com\/fr\/wp-json\/wp\/v2\/media\/250520"}],"wp:attachment":[{"href":"https:\/\/www.europesays.com\/fr\/wp-json\/wp\/v2\/media?parent=250519"}],"wp:term":[{"taxonomy":"category","embeddable":true,"href":"https:\/\/www.europesays.com\/fr\/wp-json\/wp\/v2\/categories?post=250519"},{"taxonomy":"post_tag","embeddable":true,"href":"https:\/\/www.europesays.com\/fr\/wp-json\/wp\/v2\/tags?post=250519"}],"curies":[{"name":"wp","href":"https:\/\/api.w.org\/{rel}","templated":true}]}}