{"id":250536,"date":"2025-07-15T01:36:11","date_gmt":"2025-07-15T01:36:11","guid":{"rendered":"https:\/\/www.europesays.com\/fr\/250536\/"},"modified":"2025-07-15T01:36:11","modified_gmt":"2025-07-15T01:36:11","slug":"le-seul-patron-que-jai-eu-dans-ma-vie-confie-philippe-corti-son-ami-de-toujours","status":"publish","type":"post","link":"https:\/\/www.europesays.com\/fr\/250536\/","title":{"rendered":"\u00ab\u00a0Le seul patron que j&rsquo;ai eu dans ma vie\u00a0\u00bb, confie Philippe Corti, son ami de toujours"},"content":{"rendered":"<p><strong>Pour commencer, pouvez-vous nous raconter comment vous avez rencontr\u00e9 Thierry Ardisson\u00a0?<\/strong>&#13;\n<\/p>\n<p>On s&rsquo;est rencontr\u00e9s en 1985. \u00c0 l&rsquo;\u00e9poque, j&rsquo;avais ouvert une bodega \u00e0 Paris. C&rsquo;\u00e9tait le d\u00e9but de la mode de la musique gitane et personne ne passait encore ce style. Moi, je mettais d\u00e9j\u00e0 du fran\u00e7ais et des Gipsy Kings. Thierry est venu un soir et m&rsquo;a dit\u00a0: \u00ab\u00a0\u00c7a fait du bien d&rsquo;entendre l&rsquo;accent du Midi. Moi je l&rsquo;ai perdu en montant travailler \u00e0 Paris, mais toi tu l&rsquo;as gard\u00e9\u00a0! \u00ab\u00a0<br \/>Je lui ai r\u00e9pondu\u00a0: \u00ab\u00a0Oui, et j&rsquo;ai m\u00eame l&rsquo;accent corse s&rsquo;il faut.\u00a0\u00bb Peu de temps apr\u00e8s, il commen\u00e7ait la cha\u00eene de t\u00e9l\u00e9vision La Cinq avec Berlusconi, et il m&rsquo;a propos\u00e9 de devenir l&rsquo;image des DJ de l&rsquo;\u00e9mission. C&rsquo;est lui qui nous a mis sous la lumi\u00e8re.<\/p>\n<p>\u00ab\u00a0Gr\u00e2ce \u00e0 lui, j&rsquo;ai rencontr\u00e9 la terre enti\u00e8re, de Ray Charles \u00e0 Gorbatchev\u00a0\u00bb<\/p>\n<p><strong>Vous ne vous \u00eates plus quitt\u00e9s depuis\u00a0?<\/strong>&#13;\n<\/p>\n<p>Non, jamais. Nos liens se sont resserr\u00e9s au fil des ann\u00e9es. Jusqu&rsquo;\u00e0 hier\u2026 et avant-hier. C&rsquo;est une partie de ma vie qui s&rsquo;en va. Quarante ans d&rsquo;amiti\u00e9, de disputes, de r\u00e9conciliations, de musique, de fid\u00e9lit\u00e9. Je l&rsquo;ai m\u00eame mari\u00e9 \u2013 pas en faisant la messe, hein, mais en choisissant la musique.<\/p>\n","protected":false},"excerpt":{"rendered":"Pour commencer, pouvez-vous nous raconter comment vous avez rencontr\u00e9 Thierry Ardisson\u00a0?&#13; On s&rsquo;est rencontr\u00e9s en 1985. \u00c0 l&rsquo;\u00e9poque,&hellip;\n","protected":false},"author":2,"featured_media":250537,"comment_status":"","ping_status":"","sticky":false,"template":"","format":"standard","meta":{"footnotes":""},"categories":[2],"tags":[930,17,11,17651,1102,1011,27,18,12,4030,746,8288,104,5993],"class_list":{"0":"post-250536","1":"post","2":"type-post","3":"status-publish","4":"format-standard","5":"has-post-thumbnail","7":"category-actualites","8":"tag-le","9":"tag-17","10":"tag-actualites","11":"tag-ardisson","12":"tag-breakingnews","13":"tag-fr","14":"tag-france","15":"tag-mort","16":"tag-news","17":"tag-patron","18":"tag-que","19":"tag-seul","20":"tag-societe","21":"tag-thierry"},"share_on_mastodon":{"url":"https:\/\/pubeurope.com\/@fr\/114854689655990891","error":""},"_links":{"self":[{"href":"https:\/\/www.europesays.com\/fr\/wp-json\/wp\/v2\/posts\/250536","targetHints":{"allow":["GET"]}}],"collection":[{"href":"https:\/\/www.europesays.com\/fr\/wp-json\/wp\/v2\/posts"}],"about":[{"href":"https:\/\/www.europesays.com\/fr\/wp-json\/wp\/v2\/types\/post"}],"author":[{"embeddable":true,"href":"https:\/\/www.europesays.com\/fr\/wp-json\/wp\/v2\/users\/2"}],"replies":[{"embeddable":true,"href":"https:\/\/www.europesays.com\/fr\/wp-json\/wp\/v2\/comments?post=250536"}],"version-history":[{"count":0,"href":"https:\/\/www.europesays.com\/fr\/wp-json\/wp\/v2\/posts\/250536\/revisions"}],"wp:featuredmedia":[{"embeddable":true,"href":"https:\/\/www.europesays.com\/fr\/wp-json\/wp\/v2\/media\/250537"}],"wp:attachment":[{"href":"https:\/\/www.europesays.com\/fr\/wp-json\/wp\/v2\/media?parent=250536"}],"wp:term":[{"taxonomy":"category","embeddable":true,"href":"https:\/\/www.europesays.com\/fr\/wp-json\/wp\/v2\/categories?post=250536"},{"taxonomy":"post_tag","embeddable":true,"href":"https:\/\/www.europesays.com\/fr\/wp-json\/wp\/v2\/tags?post=250536"}],"curies":[{"name":"wp","href":"https:\/\/api.w.org\/{rel}","templated":true}]}}