{"id":250538,"date":"2025-07-15T01:39:15","date_gmt":"2025-07-15T01:39:15","guid":{"rendered":"https:\/\/www.europesays.com\/fr\/250538\/"},"modified":"2025-07-15T01:39:15","modified_gmt":"2025-07-15T01:39:15","slug":"saint-etienne-quand-le-quartier-de-tardy-se-prend-pour-monaco-sans-le-glamour","status":"publish","type":"post","link":"https:\/\/www.europesays.com\/fr\/250538\/","title":{"rendered":"SAINT-ETIENNE : QUAND LE QUARTIER DE TARDY SE PREND POUR MONACO SANS LE GLAMOUR"},"content":{"rendered":"<p>                <a href=\"https:\/\/cadenceradio.fr\" target=\"_blank\" aria-label=\"Banni\u00e8re Cadence 2025\" rel=\"nofollow noopener\"><img loading=\"lazy\" decoding=\"async\" src=\"https:\/\/www.europesays.com\/fr\/wp-content\/uploads\/2025\/07\/Banniere-Cadence-2025-scaled.jpg\" alt=\"\"   width=\"2560\" height=\"738\"\/><\/a><\/p>\n<p>Cette voie de circulation, caract\u00e9ris\u00e9e par ses nombreux lacets et sa configuration sinueuse, attire l\u2019attention de conducteurs en qu\u00eate de sensations fortes. Pourtant, cet axe traverse une zone dens\u00e9ment peupl\u00e9e o\u00f9 la vitesse est r\u00e9glement\u00e9e \u00e0 30 km\/h, entour\u00e9 d\u2019habitations collectives, de r\u00e9sidences individuelles et d\u2019espaces jardins cultiv\u00e9s par les riverains.<\/p>\n<p>La rue constitue un passage privil\u00e9gi\u00e9 pour les r\u00e9sidents des collines de la Cotonne-Montferr\u00e9 qui l\u2019empruntent quotidiennement pour \u00e9viter la circulation du boulevard principal. Cette fonction de raccourci naturel en fait une voie particuli\u00e8rement fr\u00e9quent\u00e9e par les habitants du secteur.<\/p>\n<p>Des nuisances croissantes<\/p>\n<p>Carine, t\u00e9moigne des d\u00e9sagr\u00e9ments subis par le voisinage lors des fins de semaine et en soir\u00e9e. Elle d\u00e9crit des sc\u00e8nes r\u00e9currentes o\u00f9 des v\u00e9hicules de luxe d\u00e9valent la pente \u00e0 vitesse excessive. Ces bolides, apparemment lou\u00e9s pour l\u2019occasion, effectuent des descentes spectaculaires depuis les hauteurs de la Cotonne. Les motocyclettes tout-terrain participent \u00e9galement \u00e0 ces exhibitions non officielles qui transforment temporairement l\u2019art\u00e8re r\u00e9sidentielle en parcours de comp\u00e9tition automobile.<\/p>\n<p>L\u2019habitante rapporte un \u00e9pisode particuli\u00e8rement marquant survenu il y a une quinzaine de jours, o\u00f9 les nuisances sonores se sont prolong\u00e9es sur trois journ\u00e9es cons\u00e9cutives. Initialement, elle avait suppos\u00e9 qu\u2019il s\u2019agissait de festivit\u00e9s matrimoniales compte tenu de la tenue soign\u00e9e de certains participants, mais la dur\u00e9e et l\u2019intensit\u00e9 des perturbations ont rapidement dissip\u00e9 cette hypoth\u00e8se.<\/p>\n<p>Entre plaintes et silence administratif<\/p>\n<p>Du c\u00f4t\u00e9 des autorit\u00e9s locales, les responsables de la police municipale indiquent ne pas avoir re\u00e7u de signalements officiels concernant ces exc\u00e8s de vitesse dans le p\u00e9rim\u00e8tre concern\u00e9. Cette absence de traces administratives contraste avec les t\u00e9moignages des riverains qui vivent quotidiennement ces nuisances.<\/p>\n<p>Paradoxalement, les services municipaux font \u00e9tat d\u2019une trentaine d\u2019appels \u00e9manant d\u2019un seul habitant, mais ces plaintes concernent des nuisances sonores li\u00e9es aux rassemblements de jeunes dans un espace vert du quartier, probl\u00e9matique distincte des courses automobiles sauvages.<\/p>\n","protected":false},"excerpt":{"rendered":"Cette voie de circulation, caract\u00e9ris\u00e9e par ses nombreux lacets et sa configuration sinueuse, attire l\u2019attention de conducteurs en&hellip;\n","protected":false},"author":2,"featured_media":250539,"comment_status":"","ping_status":"","sticky":false,"template":"","format":"standard","meta":{"footnotes":""},"categories":[9653],"tags":[1111,11,2430,1777,674,118,1011,27,3367,12,25,4001,39072],"class_list":{"0":"post-250538","1":"post","2":"type-post","3":"status-publish","4":"format-standard","5":"has-post-thumbnail","7":"category-saint-etienne","8":"tag-actu","9":"tag-actualites","10":"tag-auvergne-rhone-alpes","11":"tag-eu","12":"tag-europe","13":"tag-faits-divers","14":"tag-fr","15":"tag-france","16":"tag-loire","17":"tag-news","18":"tag-republique-francaise","19":"tag-saint-etienne","20":"tag-tardy"},"share_on_mastodon":{"url":"https:\/\/pubeurope.com\/@fr\/114854701595127000","error":""},"_links":{"self":[{"href":"https:\/\/www.europesays.com\/fr\/wp-json\/wp\/v2\/posts\/250538","targetHints":{"allow":["GET"]}}],"collection":[{"href":"https:\/\/www.europesays.com\/fr\/wp-json\/wp\/v2\/posts"}],"about":[{"href":"https:\/\/www.europesays.com\/fr\/wp-json\/wp\/v2\/types\/post"}],"author":[{"embeddable":true,"href":"https:\/\/www.europesays.com\/fr\/wp-json\/wp\/v2\/users\/2"}],"replies":[{"embeddable":true,"href":"https:\/\/www.europesays.com\/fr\/wp-json\/wp\/v2\/comments?post=250538"}],"version-history":[{"count":0,"href":"https:\/\/www.europesays.com\/fr\/wp-json\/wp\/v2\/posts\/250538\/revisions"}],"wp:featuredmedia":[{"embeddable":true,"href":"https:\/\/www.europesays.com\/fr\/wp-json\/wp\/v2\/media\/250539"}],"wp:attachment":[{"href":"https:\/\/www.europesays.com\/fr\/wp-json\/wp\/v2\/media?parent=250538"}],"wp:term":[{"taxonomy":"category","embeddable":true,"href":"https:\/\/www.europesays.com\/fr\/wp-json\/wp\/v2\/categories?post=250538"},{"taxonomy":"post_tag","embeddable":true,"href":"https:\/\/www.europesays.com\/fr\/wp-json\/wp\/v2\/tags?post=250538"}],"curies":[{"name":"wp","href":"https:\/\/api.w.org\/{rel}","templated":true}]}}