{"id":25055,"date":"2025-04-14T19:50:11","date_gmt":"2025-04-14T19:50:11","guid":{"rendered":"https:\/\/www.europesays.com\/fr\/25055\/"},"modified":"2025-04-14T19:50:11","modified_gmt":"2025-04-14T19:50:11","slug":"eliott-boulet-il-y-avait-moyen-de-faire-un-super-truc-actualite","status":"publish","type":"post","link":"https:\/\/www.europesays.com\/fr\/25055\/","title":{"rendered":"Eliott Boulet : \u00ab Il y avait moyen de faire un super truc \u00bb &#8211; Actualit\u00e9"},"content":{"rendered":"<p style=\"text-align: justify;\">Apr\u00e8s un d\u00e9but de saison compliqu\u00e9, Eliott Boulet a r\u00e9pondu pr\u00e9sent sur la version Espoirs de Paris-Roubaix. Malgr\u00e9 deux chutes et un souci m\u00e9canique qui l\u2019a contraint \u00e0 changer de v\u00e9lo, le Breton de la Conti Groupama-FDJ est all\u00e9 chercher une place dans le Top 10 d\u2019une \u00e9preuve domin\u00e9e par les Lidl-Trek (<strong><a href=\"https:\/\/www.directvelo.com\/actualite\/119886\/paris-roubaix-espoirs-classement\" target=\"_blank\" rel=\"noopener\">voir classement<\/a><\/strong>). Bien que d\u00e9\u00e7u du sc\u00e9nario, la satisfaction primait tout de m\u00eame chez l\u2019Espoir 1\u00e8re ann\u00e9e comme il l\u2019a expliqu\u00e9 \u00e0 l\u2019arriv\u00e9e \u00e0 DirectVelo, sur le v\u00e9lodrome de Roubaix.<\/p>\n<p><strong>DirectVelo : Te voil\u00e0 dans le Top 10 de Paris-Roubaix Espoirs !<\/strong><br \/>Eliott Boulet : J&rsquo;ai fait un d\u00e9but de saison tr\u00e8s mauvais. Je ne sais pas trop pourquoi, je faisais tout bien \u00e0 l&rsquo;entra\u00eenement mais je trouvais que j&rsquo;\u00e9tais nul. Le week-end pass\u00e9, \u00e0 la Boucle de l\u2019Artois, j\u2019ai p\u00e9t\u00e9 sur du plat. Du coup, cette semaine, \u00e0 l\u2019entra\u00eenement, j&rsquo;ai pr\u00e9f\u00e9r\u00e9 borner au lieu de r\u00e9cup\u00e9rer avant Paris-Roubaix. J&rsquo;ai fait de la force, et j\u2019ai senti ces derniers jours que j\u2019\u00e9tais super bien. Je me sentais confiant avant la course, m\u00eame s&rsquo;il y avait des gros noms au d\u00e9part, comme Albert Philipsen.<\/p>\n<p><strong>Quel \u00e9tait ton objectif au d\u00e9part ?<\/strong><br \/>Je voulais gagner, mais je m\u2019\u00e9tais fix\u00e9 comme objectif de faire une bonne course et d\u2019\u00eatre content de moi \u00e0 l\u2019arriv\u00e9e. Au fur et \u00e0 mesure de la course, je changeais mon objectif : Top 10, Top 15, Top 10, peut-\u00eatre Top 5\u2026 Mais je suis tomb\u00e9 deux fois. J\u2019\u00e9tais tout le temps bien plac\u00e9, mais je n\u2019ai pas eu de chance. La premi\u00e8re chute, il y a eu une grosse vague. Et la seconde, j\u2019\u00e9tais dans les 10 premiers mais dans un virage, tout le monde a gliss\u00e9 de l\u2019avant. J\u2019ai laiss\u00e9 du jus les deux fois pour revenir. J\u2019ai pu remonter du monde dans les secteurs pav\u00e9s.<\/p>\n<p><strong>\u00ab J&rsquo;\u00c9TAIS TOUJOURS L\u00c0 \u00bb<\/strong><\/p>\n<p><strong>Ce qui montre que tu \u00e9tais tr\u00e8s bien\u2026<\/strong><br \/>Je me sentais super bien, mais comme les favoris qui font Top 5 devant moi n&rsquo;ont pas trop boug\u00e9 pendant toute la course, ils ont pu mettre leurs cartouches l\u00e0 o\u00f9 il fallait. Et moi, j&rsquo;ai mis les trois quarts de mes forces d\u00e8s le d\u00e9but pour revenir. J\u2019ai m\u00eame d\u00fb changer de v\u00e9lo car, sur un secteur pav\u00e9, un coureur a tap\u00e9 mon d\u00e9railleur et il s\u2019est mis en mode s\u00e9curit\u00e9. Du coup, j&rsquo;ai refait un effort pour rentrer, et j&rsquo;ai dit \u00e0 mon directeur sportif, J\u00e9j\u00e9 (J\u00e9r\u00f4me Gannat), qu\u2019avec tous les efforts que j&rsquo;avais faits avant, \u00e7a allait \u00eatre compliqu\u00e9.<\/p>\n<p><strong>Pas tant que \u00e7a, au final\u2026<\/strong><br \/>\u00c7a p\u00e9tait au fur et \u00e0 mesure, et j&rsquo;\u00e9tais toujours l\u00e0. Mais plus \u00e7a allait, plus je sentais que je commen\u00e7ais \u00e0 \u00eatre dans le dur, mais je me suis accroch\u00e9. Je n&rsquo;ai rien l\u00e2ch\u00e9 jusqu&rsquo;\u00e0 la fin. Sans cette malchance, je pense qu&rsquo;il y avait moyen de faire un super truc. J\u2019ai d\u00fb boucher beaucoup de trous, alors sur une course dure comme celle-l\u00e0, le moindre petit grain de sable peut tout faire foirer. Je n\u2019avais plus beaucoup de r\u00e9serves en fin de course. Mais je suis quand m\u00eame content, je ne suis qu\u2019Espoir 1.<\/p>\n<p><strong>\u00ab RESTER SUR CETTE DYNAMIQUE \u00bb<\/strong><\/p>\n<p><strong>Que repr\u00e9sente pour toi Paris-Roubaix ?<\/strong><br \/>Pour moi, c&rsquo;est la plus belle course de l&rsquo;ann\u00e9e, apr\u00e8s le Championnat du Monde et le Tour de Bretagne. C\u2019est une course qui fait r\u00eaver. Quand je suis tomb\u00e9 et que je revenais, mes co\u00e9quipiers me disaient que c\u2019\u00e9tait trop styl\u00e9. J\u2019adore cette course. L\u2019ann\u00e9e derni\u00e8re, en Juniors, je n\u2019avais pas eu de chance. J\u2019\u00e9tais dans le groupe qui jouait la gagne, et je cr\u00e8ve, puis je casse ma roue\u2026 Mais cette ann\u00e9e, j\u2019\u00e9tais plus fort, alors j\u2019arrive \u00e0 faire 7e. M\u00eame s\u2019il y a un peu de d\u00e9ception vu le sc\u00e9nario, je suis content.<\/p>\n<p><strong>\u00c7a va te relancer pour la suite de la saison\u2026<\/strong><br \/>Je vais essayer de rester sur cette dynamique, et de r\u00e9ussir \u00e0 refaire des performances comme celle-l\u00e0. J\u2019ai essay\u00e9 de perdre du poids un peu avant Roubaix. Je pense que j\u2019\u00e9tais un peu encrass\u00e9 tout le d\u00e9but de saison, et l\u00e0, je fais attention \u00e0 ce que je mange. Je bosse un peu mieux, du coup les performances sont meilleures. La semaine prochaine, je vais faire Li\u00e8ge-Bastogne-Li\u00e8ge, o\u00f9 j\u2019aiderai mes co\u00e9quipiers. Puis il y aura le Tour de Bretagne o\u00f9 j\u2019irai pour les \u00e9tapes, et pourquoi pas un Top 10 au g\u00e9n\u00e9ral.<\/p>\n","protected":false},"excerpt":{"rendered":"Apr\u00e8s un d\u00e9but de saison compliqu\u00e9, Eliott Boulet a r\u00e9pondu pr\u00e9sent sur la version Espoirs de Paris-Roubaix. Malgr\u00e9&hellip;\n","protected":false},"author":2,"featured_media":25056,"comment_status":"","ping_status":"","sticky":false,"template":"","format":"standard","meta":{"footnotes":""},"categories":[1411],"tags":[834,828,836,829,837,827,83,826,824,823,1154,207,814,817,815,816,822,821,832,211,839,1011,27,820,818,819,835,831,830,833,838,60,212,208,825],"class_list":{"0":"post-25055","1":"post","2":"type-post","3":"status-publish","4":"format-standard","5":"has-post-thumbnail","7":"category-cyclisme","8":"tag-attaque","9":"tag-belgique","10":"tag-braquet","11":"tag-bretagne","12":"tag-chute","13":"tag-competition","14":"tag-coupe-de-france","15":"tag-coureur","16":"tag-course-cyclisme","17":"tag-course-cycliste","18":"tag-cycling","19":"tag-cyclisme","20":"tag-direct","21":"tag-direct-velo","22":"tag-directvelo","23":"tag-directvelo-com","24":"tag-epreuve","25":"tag-epreuve-cycliste","26":"tag-federation-francaise-de-cyclisme","27":"tag-ffc","28":"tag-flandres","29":"tag-fr","30":"tag-france","31":"tag-live","32":"tag-live-course","33":"tag-live-epreuve","34":"tag-peloton","35":"tag-radio-peloton","36":"tag-radio-tour","37":"tag-ravitaillement","38":"tag-relance","39":"tag-sports","40":"tag-uci","41":"tag-velo","42":"tag-velos"},"share_on_mastodon":{"url":"https:\/\/pubeurope.com\/@fr\/114338058988869948","error":""},"_links":{"self":[{"href":"https:\/\/www.europesays.com\/fr\/wp-json\/wp\/v2\/posts\/25055","targetHints":{"allow":["GET"]}}],"collection":[{"href":"https:\/\/www.europesays.com\/fr\/wp-json\/wp\/v2\/posts"}],"about":[{"href":"https:\/\/www.europesays.com\/fr\/wp-json\/wp\/v2\/types\/post"}],"author":[{"embeddable":true,"href":"https:\/\/www.europesays.com\/fr\/wp-json\/wp\/v2\/users\/2"}],"replies":[{"embeddable":true,"href":"https:\/\/www.europesays.com\/fr\/wp-json\/wp\/v2\/comments?post=25055"}],"version-history":[{"count":0,"href":"https:\/\/www.europesays.com\/fr\/wp-json\/wp\/v2\/posts\/25055\/revisions"}],"wp:featuredmedia":[{"embeddable":true,"href":"https:\/\/www.europesays.com\/fr\/wp-json\/wp\/v2\/media\/25056"}],"wp:attachment":[{"href":"https:\/\/www.europesays.com\/fr\/wp-json\/wp\/v2\/media?parent=25055"}],"wp:term":[{"taxonomy":"category","embeddable":true,"href":"https:\/\/www.europesays.com\/fr\/wp-json\/wp\/v2\/categories?post=25055"},{"taxonomy":"post_tag","embeddable":true,"href":"https:\/\/www.europesays.com\/fr\/wp-json\/wp\/v2\/tags?post=25055"}],"curies":[{"name":"wp","href":"https:\/\/api.w.org\/{rel}","templated":true}]}}