{"id":250554,"date":"2025-07-15T01:53:23","date_gmt":"2025-07-15T01:53:23","guid":{"rendered":"https:\/\/www.europesays.com\/fr\/250554\/"},"modified":"2025-07-15T01:53:23","modified_gmt":"2025-07-15T01:53:23","slug":"metz-decouverte-de-lartisanat-tibetain-et-nepalais","status":"publish","type":"post","link":"https:\/\/www.europesays.com\/fr\/250554\/","title":{"rendered":"Metz. D\u00e9couverte de l\u2019artisanat tib\u00e9tain et n\u00e9palais"},"content":{"rendered":"<p>L\u2019association SolHimal organise une vente d\u2019artisanat himalayen au clo\u00eetre des R\u00e9collets, ce vendredi 18\u00a0juillet, de 15\u00a0h \u00e0 18\u00a0h, ce samedi\u00a019 et ce dimanche 20\u00a0juillet, de 10\u00a0h \u00e0 18\u00a0h. Objets tib\u00e9tains et n\u00e9palais seront propos\u00e9s au profit de projets au N\u00e9pal. Les visiteurs pourront aussi d\u00e9couvrir les actions de l\u2019association, notamment au Dolpo, avec la cr\u00e9ation de serres et de vergers.<\/p>\n<p class=\"note\">Entr\u00e9e libre.<\/p>\n","protected":false},"excerpt":{"rendered":"L\u2019association SolHimal organise une vente d\u2019artisanat himalayen au clo\u00eetre des R\u00e9collets, ce vendredi 18\u00a0juillet, de 15\u00a0h \u00e0 18\u00a0h,&hellip;\n","protected":false},"author":2,"featured_media":250555,"comment_status":"","ping_status":"","sticky":false,"template":"","format":"standard","meta":{"footnotes":""},"categories":[2820],"tags":[1111,11,1687,5598,1777,674,2271,1011,27,775,6212,6213,12,25,640],"class_list":{"0":"post-250554","1":"post","2":"type-post","3":"status-publish","4":"format-standard","5":"has-post-thumbnail","7":"category-strasbourg","8":"tag-actu","9":"tag-actualites","10":"tag-culture-loisirs","11":"tag-edition-metz-et-agglomeration","12":"tag-eu","13":"tag-europe","14":"tag-exposition-arts-plastiques","15":"tag-fr","16":"tag-france","17":"tag-grand-est","18":"tag-metz","19":"tag-metz-ville-57b","20":"tag-news","21":"tag-republique-francaise","22":"tag-strasbourg"},"share_on_mastodon":{"url":"https:\/\/pubeurope.com\/@fr\/114854756512959164","error":""},"_links":{"self":[{"href":"https:\/\/www.europesays.com\/fr\/wp-json\/wp\/v2\/posts\/250554","targetHints":{"allow":["GET"]}}],"collection":[{"href":"https:\/\/www.europesays.com\/fr\/wp-json\/wp\/v2\/posts"}],"about":[{"href":"https:\/\/www.europesays.com\/fr\/wp-json\/wp\/v2\/types\/post"}],"author":[{"embeddable":true,"href":"https:\/\/www.europesays.com\/fr\/wp-json\/wp\/v2\/users\/2"}],"replies":[{"embeddable":true,"href":"https:\/\/www.europesays.com\/fr\/wp-json\/wp\/v2\/comments?post=250554"}],"version-history":[{"count":0,"href":"https:\/\/www.europesays.com\/fr\/wp-json\/wp\/v2\/posts\/250554\/revisions"}],"wp:featuredmedia":[{"embeddable":true,"href":"https:\/\/www.europesays.com\/fr\/wp-json\/wp\/v2\/media\/250555"}],"wp:attachment":[{"href":"https:\/\/www.europesays.com\/fr\/wp-json\/wp\/v2\/media?parent=250554"}],"wp:term":[{"taxonomy":"category","embeddable":true,"href":"https:\/\/www.europesays.com\/fr\/wp-json\/wp\/v2\/categories?post=250554"},{"taxonomy":"post_tag","embeddable":true,"href":"https:\/\/www.europesays.com\/fr\/wp-json\/wp\/v2\/tags?post=250554"}],"curies":[{"name":"wp","href":"https:\/\/api.w.org\/{rel}","templated":true}]}}