{"id":250556,"date":"2025-07-15T01:54:19","date_gmt":"2025-07-15T01:54:19","guid":{"rendered":"https:\/\/www.europesays.com\/fr\/250556\/"},"modified":"2025-07-15T01:54:19","modified_gmt":"2025-07-15T01:54:19","slug":"mama-diop-signe-a-strasbourg","status":"publish","type":"post","link":"https:\/\/www.europesays.com\/fr\/250556\/","title":{"rendered":"Mama Diop signe \u00e0 Strasbourg"},"content":{"rendered":"<p style=\"text-align:justify\">Actuellement \u00e0 la CAN avec le S\u00e9n\u00e9gal au Maroc, l\u2019attaquante internationale Mama Diop apr\u00e8s avoir quitt\u00e9 le Vieux Port a finalement sign\u00e9 \u00e0 Strasbourg. Apr\u00e8s avoir \u00e9t\u00e9 parmi celles qui ont port\u00e9 l\u2019Olympique de Marseille en D1 fran\u00e7aise. \u201cune nouveau chapitre dans ma carri\u00e8re s\u2019ouvre\u2026malgr\u00e9 plusieurs int\u00e9r\u00eats de club D1 fran\u00e7aise,italien,russes et turcs, j\u2019ai \u00e9t\u00e9 s\u00e9duit par le projet du racing club de STRASBOURG ALSACE(partenaire de chelsea)pensionnaire de la division 1 avec qui je me suis engag\u00e9 pour atteindre inchalla les objectifs que nous nous somme fix\u00e9s\u201d, a \u00e9crit l\u2019ex-soci\u00e9taire de M\u00e9diour de Rufisque, qui a fait trois brillantes saisons chez les Marseillaises, avant de faire le choix de rejoindre le club alsacien.<\/p>\n<p style=\"text-align:justify\">\u00a0<\/p>\n<p style=\"text-align:right\">Agb\u00e9m\u00e9gno DAGBOVI<\/p>\n<p style=\"text-align:right\"><strong>Cr\u00e9dit Photo : <\/strong><strong>OM f\u00e9minine<\/strong><\/p>\n<p>                                                                            (function(d, s, id) {<br \/>\n            var js, fjs = d.getElementsByTagName(s)[0];<br \/>\n            if (d.getElementById(id)) return;<br \/>\n            js = d.createElement(s); js.id = id;<br \/>\n            js.src = \u00ab\u00a0\/\/connect.facebook.net\/fr_FR\/sdk.js#xfbml=1&#038;version=v2.8\u00a0\u00bb;<br \/>\n            fjs.parentNode.insertBefore(js, fjs);<br \/>\n        }(document, &lsquo;script&rsquo;, &lsquo;facebook-jssdk&rsquo;));<\/p>\n","protected":false},"excerpt":{"rendered":"Actuellement \u00e0 la CAN avec le S\u00e9n\u00e9gal au Maroc, l\u2019attaquante internationale Mama Diop apr\u00e8s avoir quitt\u00e9 le Vieux&hellip;\n","protected":false},"author":2,"featured_media":250557,"comment_status":"","ping_status":"","sticky":false,"template":"","format":"standard","meta":{"footnotes":""},"categories":[2820],"tags":[1111,11,1777,674,1295,63,1011,27,775,1434,12,24894,25,640],"class_list":{"0":"post-250556","1":"post","2":"type-post","3":"status-publish","4":"format-standard","5":"has-post-thumbnail","7":"category-strasbourg","8":"tag-actu","9":"tag-actualites","10":"tag-eu","11":"tag-europe","12":"tag-feminin","13":"tag-football","14":"tag-fr","15":"tag-france","16":"tag-grand-est","17":"tag-mercato","18":"tag-news","19":"tag-rcsa","20":"tag-republique-francaise","21":"tag-strasbourg"},"share_on_mastodon":{"url":"https:\/\/pubeurope.com\/@fr\/114854760437023645","error":""},"_links":{"self":[{"href":"https:\/\/www.europesays.com\/fr\/wp-json\/wp\/v2\/posts\/250556","targetHints":{"allow":["GET"]}}],"collection":[{"href":"https:\/\/www.europesays.com\/fr\/wp-json\/wp\/v2\/posts"}],"about":[{"href":"https:\/\/www.europesays.com\/fr\/wp-json\/wp\/v2\/types\/post"}],"author":[{"embeddable":true,"href":"https:\/\/www.europesays.com\/fr\/wp-json\/wp\/v2\/users\/2"}],"replies":[{"embeddable":true,"href":"https:\/\/www.europesays.com\/fr\/wp-json\/wp\/v2\/comments?post=250556"}],"version-history":[{"count":0,"href":"https:\/\/www.europesays.com\/fr\/wp-json\/wp\/v2\/posts\/250556\/revisions"}],"wp:featuredmedia":[{"embeddable":true,"href":"https:\/\/www.europesays.com\/fr\/wp-json\/wp\/v2\/media\/250557"}],"wp:attachment":[{"href":"https:\/\/www.europesays.com\/fr\/wp-json\/wp\/v2\/media?parent=250556"}],"wp:term":[{"taxonomy":"category","embeddable":true,"href":"https:\/\/www.europesays.com\/fr\/wp-json\/wp\/v2\/categories?post=250556"},{"taxonomy":"post_tag","embeddable":true,"href":"https:\/\/www.europesays.com\/fr\/wp-json\/wp\/v2\/tags?post=250556"}],"curies":[{"name":"wp","href":"https:\/\/api.w.org\/{rel}","templated":true}]}}