{"id":250558,"date":"2025-07-15T01:55:10","date_gmt":"2025-07-15T01:55:10","guid":{"rendered":"https:\/\/www.europesays.com\/fr\/250558\/"},"modified":"2025-07-15T01:55:10","modified_gmt":"2025-07-15T01:55:10","slug":"attentat-du-14-juillet-2016-la-ceremonie-de-commemoration-sest-tenue-ce-lundi-face-a-lange-de-la-baie-en-presence-des-familles","status":"publish","type":"post","link":"https:\/\/www.europesays.com\/fr\/250558\/","title":{"rendered":"Attentat du 14 juillet 2016 : la c\u00e9r\u00e9monie de comm\u00e9moration s&rsquo;est tenue ce lundi face \u00e0 L&rsquo;Ange de la baie en pr\u00e9sence des familles"},"content":{"rendered":"<p>Il est l\u00e0. L\u2019Ange de la baie. Protecteur. Symbole de ces vies, 86, qui s\u2019en sont all\u00e9es. Symbole de la vie qui continue&#8230; Comme un trait d\u2019union entre l\u2019ombre et la lumi\u00e8re, c\u2019est lui, d\u00e9sormais qui re\u00e7oit la douleur, intacte, et les espoirs vivaces de ceux que <a href=\"https:\/\/www.nicematin.com\/vie-locale\/commemoration-de-l-attentat-de-la-promenade-des-anglais-a-nice-le-programme-des-ceremonies-du-14-juillet-2025-994022\" target=\"_blank\" rel=\"noopener\">l\u2019attentat du 14 juillet 2016<\/a> a meurtris.<\/p>\n<p>Ce lundi matin encore, c\u2019est au pied de cette sculpture de Jean-Marie Fondacaro que des dizaines de roses blanches ont \u00e9t\u00e9 d\u00e9pos\u00e9es. Face \u00e0 lui, que les familles de victimes et les officiels, rassembl\u00e9s, se sont recueillis.<\/p>\n<p>Neuf ans apr\u00e8s, les 86 noms devenus si familiers ont une nouvelle fois r\u00e9sonn\u00e9 dans le ciel de Nice, soutenus par les vibrations d\u2019un violon triste qui a jou\u00e9 \u00ab\u00a0The sound of silence\u00a0\u00bb de Simon and Garfunkel.<\/p>\n<p>Une c\u00e9r\u00e9monie courte, trop peut-\u00eatre ont d\u00e9plor\u00e9 certaines familles de victimes. Sobre et solennelle, aussi.<\/p>\n<p>Dix ans, l\u2019an prochain<\/p>\n<p>L\u2019an prochain, cela fera 10 ans que le camion conduit par le terroriste a sem\u00e9 la mort et le chagrin sur la promenade des Anglais. Dix ans qu\u2019un jour de f\u00eate est devenu trag\u00e9die.<\/p>\n<p>\u00ab\u00a0Nous sommes d\u00e9j\u00e0 en train de penser aux 10 ans. C\u2019est une date importante, et pas seulement pour nous, mais aussi pour l\u2019histoire de la ville\u00a0\u00bb, sourit Anne Murris, pr\u00e9sidente de l\u2019association M\u00e9morial des Anges, qu\u2019elle a cr\u00e9\u00e9e avec son mari, Philippe.<\/p>\n<p>Ce lundi, leur rose blanche \u00e9tait pour leur fille, Camille, une jeune femme bienveillante et pleine de vie, fauch\u00e9e par le terroriste. \u00ab\u00a0Nous avons h\u00e2te de commencer les r\u00e9unions de concertation avec la Ville\u00a0\u00bb, dit encore Anne.<\/p>\n<p>La lumi\u00e8re sur les oubli\u00e9s<\/p>\n<p>Mais, plus que tout, elle esp\u00e8re qu\u2019enfin se pose aussi un peu de lumi\u00e8re et de paix sur ceux qui n\u2019ont pas encore r\u00e9ussi \u00e0 parler de leur drame, ceux qui n\u2019ont rien fantasm\u00e9 de ce terrible 14 juillet. Ceux, encore, qui sont des h\u00e9ros, discrets, voire inconnus. Comme Gilles Gamberi, honor\u00e9 et d\u00e9cor\u00e9, ce lundi matin, \u00e0 Peillon, son village d\u2019adoption.<\/p>\n<p>\u00ab\u00a0Il n\u2019a pas h\u00e9sit\u00e9 une seconde \u00e0 poursuivre le camion afin de l\u2019arr\u00eater pensant que le chauffeur \u00e9tait victime d\u2019un malaise. Arriv\u00e9 \u00e0 hauteur de la porti\u00e8re du conducteur, il est mont\u00e9 sur le marchepied du 19 tonnes afin d\u2019en soustraire la cl\u00e9 de contact pour stopper la course infernale et meurtri\u00e8re du v\u00e9hicule. C\u2019est lorsqu\u2019il a \u00e9t\u00e9 mis en joue qu\u2019il a compris\u00a0\u00bb, rappelle la fondatrice de M\u00e9morial des Anges.<\/p>\n<p>\u00ab\u00a0Sa capacit\u00e9 \u00e0 donner et non \u00e0 briller l\u2019a tenu loin de la sph\u00e8re m\u00e9diatique. Il m\u00e9rite la gratitude, des victimes mais aussi de nous tous en tant que citoyens. Il m\u00e9rite d\u2019\u00eatre honor\u00e9 par sa commune. Il m\u00e9riterait d\u2019\u00eatre port\u00e9 \u00e0 l\u2019autel de la reconnaissance nationale\u00a0\u00bb, conclut la maman de Camille.<\/p>\n<p>\u00c0 ses c\u00f4t\u00e9s, Philippe Murris acquiesce: \u00ab\u00a0On est si heureux qu\u2019il soit enfin reconnu\u00a0\u00bb.<\/p>\n<p>L\u2019attente sur le dossier de la s\u00e9curisation<\/p>\n<p>Puis, il soupire: \u00a0\u00bb Voil\u00e0, cela fait neuf ans, jour pour jour et on attend toujours avec une impatience vive que le dossier sur la s\u00e9curisation de la promenade des Anglais avance\u00a0\u00bb.<\/p>\n<p>Apr\u00e8s sept ans, l\u2019instruction pour \u00ab\u00a0homicides et blessures involontaires\u00a0\u00bb &#8211; distincte de l\u2019enqu\u00eate terroriste qui a conduit \u00e0 des condamnations aux assises &#8211; a \u00e9t\u00e9 d\u00e9pays\u00e9e \u00e0 Marseille, confi\u00e9e \u00e0 un p\u00f4le sp\u00e9cialis\u00e9 du tribunal judiciaire.<\/p>\n<p>\u00ab\u00a0Cela fait un an et demi, tous les protagonistes de la s\u00e9curit\u00e9 sont connus, nous n\u2019avons pas d\u2019informations, que se passe-t-il\u00a0\u00bb, interroge Philippe Murris.<\/p>\n<p>Rejoint par St\u00e9phane Erbs. Le co-pr\u00e9sident de Promenade des Anges regrette le silence de la justice. \u00ab\u00a0Nous allons solliciter le parquet. On a besoin de r\u00e9ponses, d\u2019informations, qu\u2019elles soient bonne ou mauvaises\u00a0\u00bb, lance le quadrag\u00e9naire qui a perdu son \u00e9pouse, Rachel, dans l\u2019attentat.<\/p>\n<p>Il grince: \u00ab\u00a0On ne peut pas s\u2019emp\u00eacher de penser que l\u2019on nous cache des choses\u00a0\u00bb. <\/p>\n<p>C\u2019est Promenade des Anges qui avait demand\u00e9 le d\u00e9paysement. \u00c0 ce jour, pas de mise en examen, mais quatre responsables plac\u00e9s sous le statut de t\u00e9moin assist\u00e9: Philippe Pradal, maire de Nice au moment des faits; Christian Estrosi, alors premier adjoint d\u00e9l\u00e9gu\u00e9 \u00e0 la s\u00e9curit\u00e9; le pr\u00e9fet Adolphe Colrat et son directeur de cabinet, Fran\u00e7ois-Xavier Lauch.<\/p>\n<p>\u00ab\u00a0On attend une r\u00e9union avec les parties concern\u00e9es et d\u2019\u00eatre mis au courant des suites\u00a0\u00bb, rench\u00e9rit Philippe Murris. C\u00e9lia Viale, ex-copr\u00e9sidente de Promenade des Anges, qui se consacre \u00e0 son travail d\u2019artiste &#8211; apr\u00e8s avoir expos\u00e9 \u00e0 La Station \u00e0 Nice, elle pr\u00e9pare une exposition pour la Belgique &#8211; regrette, de son c\u00f4t\u00e9, l\u2019absence de repr\u00e9sentant de l\u2019\u00c9tat \u00e0 la comm\u00e9moration.<\/p>\n<p>\u00ab\u00a0Il y a le pr\u00e9fet des Alpes-Maritimes, mais pas de ministre, m\u00eame pas un secr\u00e9taire d\u2019\u00c9tat\u00a0\u00bb, souffle-t-elle. \u00ab\u00a0O\u00f9 est la d\u00e9l\u00e9gu\u00e9e interminist\u00e9rielle aux victimes? On ne l\u2019a jamais vu \u00e0 une c\u00e9r\u00e9monie\u00a0\u00bb, poursuit la jeune artiste, en caressant son chien, Galette.<\/p>\n<p>Penser aux enfants<\/p>\n<p>Derri\u00e8re elle, le socle de l\u2019Ange de la baie s\u2019est rempli de roses blanches, d\u00e9pos\u00e9es une \u00e0 une, aux c\u00f4t\u00e9s des gerbes des officiels et des 86 bougies allum\u00e9es.<\/p>\n<p>Hager Ben Aouissi, pr\u00e9sidente de l\u2019association Une voie des enfants et maman de Kenza, rescap\u00e9e traumatis\u00e9e de l\u2019attaque terroriste alors qu\u2019elle n\u2019avait que 4 ans, esp\u00e8re que les enfants \u00ab\u00a0vont se r\u00e9approprier cette journ\u00e9e du 14 juillet, d\u2019une autre mani\u00e8re, avec l\u2019espoir d\u2019un demain meilleur\u00a0\u00bb.<\/p>\n<p>\u00ab\u00a0Beaucoup d\u2019enfants victimes se sont pos\u00e9 la question de venir ou pas \u00e0 la comm\u00e9moration, c\u2019est une journ\u00e9e dont ils ont besoin, m\u00eame s\u2019ils ne viennent pas, c\u2019est important pour eux que l\u2019on n\u2019oublie pas, important d\u2019\u00eatre unis contre la haine\u00a0\u00bb, conclut-elle.<\/p>\n<p>\u00c7a passe cr\u00e8me, au th\u00e9\u00e2tre<\/p>\n<p>Au loin, Thierry Vimal, le papa d\u2019Amie, 12 ans, emport\u00e9e par la folie d\u2019un seul homme, regarde la mer. Sa douleur de p\u00e8re, il l\u2019a pos\u00e9 sur papier dans des livres, comme 19 tonnes.<\/p>\n<p>Ce camion qu\u2019il s\u2019est pris en pleine face, lui aussi. Mais aussi dans la chronique &#8211; \u00ab\u00a0obsc\u00e8ne, r\u00e9volt\u00e9e, lyrique, blasph\u00e8me, irr\u00e9v\u00e9rencieuse, po\u00e9tique en somme\u00a0\u00bb, c\u2019est lui qui le dit &#8211; qu\u2019il a tenue, lors du premier proc\u00e8s devant la cour d\u2019assises sp\u00e9cialement compos\u00e9e \u00e0 Paris, en 2022.<\/p>\n<p>Et qu\u2019il est en train d\u2019adapter pour le th\u00e9\u00e2tre. Son hommage, pour les \u00ab\u00a0dix ans\u00a0\u00bb.<\/p>\n","protected":false},"excerpt":{"rendered":"Il est l\u00e0. L\u2019Ange de la baie. Protecteur. Symbole de ces vies, 86, qui s\u2019en sont all\u00e9es. Symbole&hellip;\n","protected":false},"author":2,"featured_media":250559,"comment_status":"","ping_status":"","sticky":false,"template":"","format":"standard","meta":{"footnotes":""},"categories":[2819],"tags":[1111,11,1777,674,332,1011,27,12,2401,882,25],"class_list":{"0":"post-250558","1":"post","2":"type-post","3":"status-publish","4":"format-standard","5":"has-post-thumbnail","7":"category-nice","8":"tag-actu","9":"tag-actualites","10":"tag-eu","11":"tag-europe","12":"tag-faits-de-societe","13":"tag-fr","14":"tag-france","15":"tag-news","16":"tag-nice","17":"tag-provence-alpes-cote-dazur","18":"tag-republique-francaise"},"share_on_mastodon":{"url":"https:\/\/pubeurope.com\/@fr\/114854764409146348","error":""},"_links":{"self":[{"href":"https:\/\/www.europesays.com\/fr\/wp-json\/wp\/v2\/posts\/250558","targetHints":{"allow":["GET"]}}],"collection":[{"href":"https:\/\/www.europesays.com\/fr\/wp-json\/wp\/v2\/posts"}],"about":[{"href":"https:\/\/www.europesays.com\/fr\/wp-json\/wp\/v2\/types\/post"}],"author":[{"embeddable":true,"href":"https:\/\/www.europesays.com\/fr\/wp-json\/wp\/v2\/users\/2"}],"replies":[{"embeddable":true,"href":"https:\/\/www.europesays.com\/fr\/wp-json\/wp\/v2\/comments?post=250558"}],"version-history":[{"count":0,"href":"https:\/\/www.europesays.com\/fr\/wp-json\/wp\/v2\/posts\/250558\/revisions"}],"wp:featuredmedia":[{"embeddable":true,"href":"https:\/\/www.europesays.com\/fr\/wp-json\/wp\/v2\/media\/250559"}],"wp:attachment":[{"href":"https:\/\/www.europesays.com\/fr\/wp-json\/wp\/v2\/media?parent=250558"}],"wp:term":[{"taxonomy":"category","embeddable":true,"href":"https:\/\/www.europesays.com\/fr\/wp-json\/wp\/v2\/categories?post=250558"},{"taxonomy":"post_tag","embeddable":true,"href":"https:\/\/www.europesays.com\/fr\/wp-json\/wp\/v2\/tags?post=250558"}],"curies":[{"name":"wp","href":"https:\/\/api.w.org\/{rel}","templated":true}]}}