{"id":250563,"date":"2025-07-15T02:01:07","date_gmt":"2025-07-15T02:01:07","guid":{"rendered":"https:\/\/www.europesays.com\/fr\/250563\/"},"modified":"2025-07-15T02:01:07","modified_gmt":"2025-07-15T02:01:07","slug":"fabrice-henry-a-16-ans-je-suis-dans-le-groupe-contre-bordeaux-je-nai-pas-regarde-le-match-seulement-alain","status":"publish","type":"post","link":"https:\/\/www.europesays.com\/fr\/250563\/","title":{"rendered":"Fabrice Henry : \u00ab\u00a0\u00c0 16 ans, je suis dans le groupe contre Bordeaux. Je n&rsquo;ai pas regard\u00e9 le match, seulement Alain\u00a0\u00bb"},"content":{"rendered":"<p><img width=\"773\" height=\"380\" data-lazy-type=\"image\" src=\"https:\/\/www.europesays.com\/fr\/wp-content\/uploads\/2025\/07\/Icon_onz_171277_06_80-773x380.jpg\" class=\"lazy lazy-hidden attachment-alchemists_thumbnail-lg size-alchemists_thumbnail-lg wp-post-image\" alt=\"\" decoding=\"async\" fetchpriority=\"high\"\/><\/p>\n<p>Photo Icon Sport<\/p>\n<p>Dans <a href=\"https:\/\/www.lequipe.fr\/Football\/Article\/Paroles-d-ex-fabrice-henry-tapie-va-au-tableau-et-detruit-le-coach\/1557999\" target=\"_blank\" rel=\"noopener\"><br \/>\nL\u2019Equipe<\/a> et Paroles d\u2019Ex, <strong>Fabrice Henry<\/strong> (57<br \/>\nans), ancien milieu offensif pass\u00e9 notamment par l\u2019OM (199 matches<br \/>\nen D1 et 10 buts), a r\u00e9pondu \u00e0 la question de savoir qui \u00e9tait le<br \/>\njoueur le plus fort qu\u2019il ait affront\u00e9. Il s\u2019agit de l\u2019ancien<br \/>\nmeneur de jeu des Girondins de Bordeaux, <strong>Alain<br \/>\nGiresse<\/strong>.<\/p>\n<blockquote>\n<p>\u201cAlain Giresse, mon idole avec Michel Platini. \u00c0 16 ans, je suis<br \/>\ndans le groupe contre Bordeaux. Je n\u2019ai pas regard\u00e9 le match (0-1,<br \/>\nle 27 octobre 1984), seulement Alain. Il voyait avant les autres,<br \/>\nse d\u00e9pla\u00e7ait quand il le fallait, avait un crochet unique et une<br \/>\n\u00e9l\u00e9gance\u2026 C\u2019est aussi un grand homme. (\u00c9mu) Gigi \u00e9tait au club \u00e0<br \/>\nToulouse quand j\u2019apprends que mon petit fr\u00e8re est d\u00e9c\u00e9d\u00e9. Et il est<br \/>\ntout de suite venu chez moi\u201d<\/p>\n<\/blockquote>\n<p>Puis, il donna le joueur le plus atypique qu\u2019il ait c\u00f4toy\u00e9. L\u00e0<br \/>\naussi il s\u2019agit d\u2019un ancien bordelais, en la personne<br \/>\nd\u2019<strong>Eric Cantona<\/strong>.<\/p>\n<blockquote>\n<p>\u201cJ\u2019ai pass\u00e9 un 24 d\u00e9cembre chez lui, \u00e0 c\u00f4t\u00e9 de Marseille. Le<br \/>\nsoir, sur le Vieux-Port, il percute une voiture avec des mecs<br \/>\ndedans et me montre une liasse de billets : \u201cJe vais arranger \u00e7a.\u201d<br \/>\nPuis on arrive devant une bo\u00eete, il sort une cigarette et envoie la<br \/>\nfum\u00e9e dans le visage du videur : \u201cJe veux deux places pour mon ami<br \/>\net moi.\u201d On se pose \u00e0 l\u2019int\u00e9rieur et un seau d\u2019eau plein de gla\u00e7ons<br \/>\nme tombe sur la t\u00eate ! C\u2019\u00e9tait Di Meco ! On a fait une grosse<br \/>\nsoir\u00e9e. Le lendemain, Canto \u00e9tait frais et se tenait droit comme un<br \/>\nI en lisant les journaux. Puis il m\u2019a emmen\u00e9 manger chez ses<br \/>\nparents. Son p\u00e8re \u00e9tait peintre, il y avait des tableaux partout.<br \/>\nC\u2019\u00e9tait magnifique\u201d.<\/p>\n<\/blockquote>\n<p><img loading=\"lazy\" decoding=\"async\" class=\"lazy lazy-hidden size-full wp-image-343381\" data-lazy-type=\"image\" src=\"https:\/\/www.europesays.com\/fr\/wp-content\/uploads\/2025\/07\/Icon_onz_100481_08_12.jpg\" alt=\"\" width=\"2417\" height=\"1611\"  \/><\/p>\n<p>Photo Icon Sport<\/p>\n","protected":false},"excerpt":{"rendered":"Photo Icon Sport Dans L\u2019Equipe et Paroles d\u2019Ex, Fabrice Henry (57 ans), ancien milieu offensif pass\u00e9 notamment par&hellip;\n","protected":false},"author":2,"featured_media":250564,"comment_status":"","ping_status":"","sticky":false,"template":"","format":"standard","meta":{"footnotes":""},"categories":[2817],"tags":[1111,11,1997,1777,674,1011,27,12,2219,25],"class_list":{"0":"post-250563","1":"post","2":"type-post","3":"status-publish","4":"format-standard","5":"has-post-thumbnail","7":"category-bordeaux","8":"tag-actu","9":"tag-actualites","10":"tag-bordeaux","11":"tag-eu","12":"tag-europe","13":"tag-fr","14":"tag-france","15":"tag-news","16":"tag-nouvelle-aquitaine","17":"tag-republique-francaise"},"share_on_mastodon":{"url":"https:\/\/pubeurope.com\/@fr\/114854788158880566","error":""},"_links":{"self":[{"href":"https:\/\/www.europesays.com\/fr\/wp-json\/wp\/v2\/posts\/250563","targetHints":{"allow":["GET"]}}],"collection":[{"href":"https:\/\/www.europesays.com\/fr\/wp-json\/wp\/v2\/posts"}],"about":[{"href":"https:\/\/www.europesays.com\/fr\/wp-json\/wp\/v2\/types\/post"}],"author":[{"embeddable":true,"href":"https:\/\/www.europesays.com\/fr\/wp-json\/wp\/v2\/users\/2"}],"replies":[{"embeddable":true,"href":"https:\/\/www.europesays.com\/fr\/wp-json\/wp\/v2\/comments?post=250563"}],"version-history":[{"count":0,"href":"https:\/\/www.europesays.com\/fr\/wp-json\/wp\/v2\/posts\/250563\/revisions"}],"wp:featuredmedia":[{"embeddable":true,"href":"https:\/\/www.europesays.com\/fr\/wp-json\/wp\/v2\/media\/250564"}],"wp:attachment":[{"href":"https:\/\/www.europesays.com\/fr\/wp-json\/wp\/v2\/media?parent=250563"}],"wp:term":[{"taxonomy":"category","embeddable":true,"href":"https:\/\/www.europesays.com\/fr\/wp-json\/wp\/v2\/categories?post=250563"},{"taxonomy":"post_tag","embeddable":true,"href":"https:\/\/www.europesays.com\/fr\/wp-json\/wp\/v2\/tags?post=250563"}],"curies":[{"name":"wp","href":"https:\/\/api.w.org\/{rel}","templated":true}]}}