{"id":250569,"date":"2025-07-15T02:05:10","date_gmt":"2025-07-15T02:05:10","guid":{"rendered":"https:\/\/www.europesays.com\/fr\/250569\/"},"modified":"2025-07-15T02:05:10","modified_gmt":"2025-07-15T02:05:10","slug":"mercato-25-millions-deuros-separent-lille-de-hamza-igamane","status":"publish","type":"post","link":"https:\/\/www.europesays.com\/fr\/250569\/","title":{"rendered":"Mercato: 2,5 millions d\u2019euros s\u00e9parent Lille de Hamza Igamane"},"content":{"rendered":"<p class=\"default__StyledText-sc-10mj2vp-0 fSEbof body-paragraph\">Annonc\u00e9 en Ligue 1 depuis plusieurs semaines, le transfert de Hamza Igamane chez les Dogues peine \u00e0 se concr\u00e9tiser. Si le club nordiste est pass\u00e9 \u00e0 l\u2019action, la premi\u00e8re offre, estim\u00e9e \u00e0 13 millions de livres (15 M\u20ac), a \u00e9t\u00e9 refus\u00e9e par les Rangers, rapporte le<a href=\"https:\/\/www.dailyrecord.co.uk\/sport\/football\/football-transfer-news\/rangers-reject-first-hamza-igamane-35555064\" target=\"_self\" rel=\"noopener\" title=\"https:\/\/www.dailyrecord.co.uk\/sport\/football\/football-transfer-news\/rangers-reject-first-hamza-igamane-35555064\"> Daily Record<\/a>.<\/p>\n<p class=\"default__StyledText-sc-10mj2vp-0 fSEbof body-paragraph\">Le club \u00e9cossais esp\u00e8re un montant de 15 millions de livres (environ 17,5 M\u20ac) pour c\u00e9der son buteur marocain. Un \u00e9cart de 2 millions de livres (2,5 M\u20ac) freine les n\u00e9gociations.<\/p>\n<p class=\"default__StyledText-sc-10mj2vp-0 fSEbof body-paragraph\">Transf\u00e9r\u00e9 de l\u2019AS FAR pour 1,7 million \u00a3 il y a un an, Igamane a sign\u00e9 une belle premi\u00e8re saison avec 16 buts toutes comp\u00e9titions confondues, attirant logiquement les convoitises. <\/p>\n<p class=\"interstitial-link block-margin-bottom\">Lire aussi : <a href=\"https:\/\/sport.le360.ma\/football\/autres-championnats\/mercato-le-coach-des-rangers-evoque-lavenir-digamane_TDSOG423MRF7DLBRTRBIYBMKRY\/\" aria-label=\"Ouvrir un article associ\u00e9\" class=\"default__StyledLink-sc-10mj2vp-1 kfbmxM\" target=\"_blank\" rel=\"noopener\">Mercato: le coach des Rangers \u00e9voque l\u2019avenir d\u2019Igamane<\/a><\/p>\n<p class=\"default__StyledText-sc-10mj2vp-0 fSEbof body-paragraph\">Lille aurait m\u00eame d\u00e9j\u00e0 trouv\u00e9 un accord personnel avec le joueur, selon la m\u00eame source.<\/p>\n<p class=\"default__StyledText-sc-10mj2vp-0 fSEbof body-paragraph\">Mais pour l\u2019heure, le dossier est \u00e0 l\u2019arr\u00eat. Les Rangers ne veulent pas se s\u00e9parer du num\u00e9ro 29 avant le match de qualification \u00e0 la Ligue des champions face au Panathina\u00efkos, pr\u00e9vu mardi 22 juillet, et encore moins si l\u2019op\u00e9ration ne leur garantit pas un vrai b\u00e9n\u00e9fice. \u00c0 suivre.<\/p>\n<p>Par Houda Yahyaoui<\/p>\n<p>Le 14\/07\/2025 \u00e0 21h35<\/p>\n","protected":false},"excerpt":{"rendered":"Annonc\u00e9 en Ligue 1 depuis plusieurs semaines, le transfert de Hamza Igamane chez les Dogues peine \u00e0 se&hellip;\n","protected":false},"author":2,"featured_media":250570,"comment_status":"","ping_status":"","sticky":false,"template":"","format":"standard","meta":{"footnotes":""},"categories":[2815],"tags":[1111,11,1777,674,1011,27,39078,811,1307,2854,1434,12,39079,25],"class_list":{"0":"post-250569","1":"post","2":"type-post","3":"status-publish","4":"format-standard","5":"has-post-thumbnail","7":"category-lille","8":"tag-actu","9":"tag-actualites","10":"tag-eu","11":"tag-europe","12":"tag-fr","13":"tag-france","14":"tag-hamza-igamane","15":"tag-hauts-de-france","16":"tag-lille","17":"tag-losc-lille","18":"tag-mercato","19":"tag-news","20":"tag-rangers-fc","21":"tag-republique-francaise"},"share_on_mastodon":{"url":"https:\/\/pubeurope.com\/@fr\/114854803697237206","error":""},"_links":{"self":[{"href":"https:\/\/www.europesays.com\/fr\/wp-json\/wp\/v2\/posts\/250569","targetHints":{"allow":["GET"]}}],"collection":[{"href":"https:\/\/www.europesays.com\/fr\/wp-json\/wp\/v2\/posts"}],"about":[{"href":"https:\/\/www.europesays.com\/fr\/wp-json\/wp\/v2\/types\/post"}],"author":[{"embeddable":true,"href":"https:\/\/www.europesays.com\/fr\/wp-json\/wp\/v2\/users\/2"}],"replies":[{"embeddable":true,"href":"https:\/\/www.europesays.com\/fr\/wp-json\/wp\/v2\/comments?post=250569"}],"version-history":[{"count":0,"href":"https:\/\/www.europesays.com\/fr\/wp-json\/wp\/v2\/posts\/250569\/revisions"}],"wp:featuredmedia":[{"embeddable":true,"href":"https:\/\/www.europesays.com\/fr\/wp-json\/wp\/v2\/media\/250570"}],"wp:attachment":[{"href":"https:\/\/www.europesays.com\/fr\/wp-json\/wp\/v2\/media?parent=250569"}],"wp:term":[{"taxonomy":"category","embeddable":true,"href":"https:\/\/www.europesays.com\/fr\/wp-json\/wp\/v2\/categories?post=250569"},{"taxonomy":"post_tag","embeddable":true,"href":"https:\/\/www.europesays.com\/fr\/wp-json\/wp\/v2\/tags?post=250569"}],"curies":[{"name":"wp","href":"https:\/\/api.w.org\/{rel}","templated":true}]}}