{"id":250575,"date":"2025-07-15T02:08:07","date_gmt":"2025-07-15T02:08:07","guid":{"rendered":"https:\/\/www.europesays.com\/fr\/250575\/"},"modified":"2025-07-15T02:08:07","modified_gmt":"2025-07-15T02:08:07","slug":"circulation-horaires-securite-tout-savoir-sur-le-feu-dartifice-du-14-juillet-a-lyon","status":"publish","type":"post","link":"https:\/\/www.europesays.com\/fr\/250575\/","title":{"rendered":"Circulation, horaires, s\u00e9curit\u00e9&#8230; Tout savoir sur le feu d&rsquo;artifice du 14 juillet \u00e0 Lyon"},"content":{"rendered":"<p>                            <img loading=\"lazy\" width=\"1200\" height=\"750\" class=\"attachment-article size-article wp-post-image lazyload\" alt=\"Feu d'artifice 14 Juillet 2023\" decoding=\"async\" src=\"https:\/\/www.europesays.com\/fr\/wp-content\/uploads\/2025\/07\/IMG_7656-scaled-e1752487890568.jpeg\" data-eio-rwidth=\"1200\" data-eio-rheight=\"750\"\/><\/p>\n<p>Feu d\u2019artifice 14 Juillet 2023 \u00a9Antoine Desvoivre<\/p>\n<p class=\"content\" style=\"font-size:1.2em;font-weight:700\">\u00c0 quelques heures du feu d&rsquo;artifice du 14 juillet, Lyon Capitale fait le point sur les c\u00e9l\u00e9brations pr\u00e9vues \u00e0 Lyon et leur impact sur la circulation.<\/p>\n<p>Un temps menac\u00e9 par d&rsquo;\u00e9ventuelles coupes budg\u00e9taires de la municipalit\u00e9, le feu d&rsquo;artifice du 14 juillet aura finalement bien lieu ce lundi soir. Lyon Capitale fait le point sur les informations pratiques \u00e0 conna\u00eetre.<\/p>\n<p>Un feu d&rsquo;artifice \u00e9colo<\/p>\n<p>Le feu d&rsquo;artifice sera tir\u00e9 depuis Fourvi\u00e8re \u00e0 22 h 30. Il sera compos\u00e9 de 15 tableaux et durera 20 minutes. \u00ab\u00a0Le feu d&rsquo;artifice transporte dans un voyage Lyon au plus pr\u00e8s des \u00e9toiles. Un spectacle qui invite \u00e0 r\u00eaver, s&rsquo;\u00e9merveiller et \u00e0 contempler l&rsquo;immensit\u00e9 du ciel \u00e9toil\u00e9\u00a0\u00bb, promet la mairie de Lyon, qui pr\u00e9cise qu&rsquo;il a \u00e9t\u00e9 con\u00e7u de mani\u00e8re \u00e9coresponsable avec des projectiles en carton, un bilan carbone compens\u00e9 et \u00ab\u00a0une mont\u00e9e en puissance con\u00e7ue pour \u00e9loigner et prot\u00e9ger les oiseaux\u00a0\u00bb.<\/p>\n<p>Des restrictions de circulation<\/p>\n<p>Si vous aviez eu la folle id\u00e9e de circuler en voiture dans un centre-ville d\u00e9j\u00e0 paralys\u00e9 par les travaux et le nouveau plan de circulation, les restrictions li\u00e9es au 14 juillet devrait vous en d\u00e9courager. En plus des restrictions li\u00e9es \u00e0 la Zone \u00e0 trafic limit\u00e9e, la circulation sera interdite sur la place Bellecour de 8 h 30 \u00e0 14 h 30 puis de 19 h \u00e0 minuit. Il faudra donc utiliser les tr\u00e9mies de Perrache ou le tunnel de la Croix-Rousse pour passer d&rsquo;un c\u00f4t\u00e9 \u00e0 l&rsquo;autre de la Presqu&rsquo;\u00eele.<\/p>\n<p>Le Vieux-Lyon et les quais de Sa\u00f4ne seront \u00e9galement interdits \u00e0 la circulation. Dans le sens Nord-Sud, ces derniers seront inaccessibles d\u00e8s le pont Koenig. Enfin, la colline de Fourvi\u00e8re sera elle aussi inaccessible de 19 h \u00e0 00 h en voiture et de 20 \u00e0 minuit pour les pi\u00e9tons.<\/p>\n<p>Un important dispositif de s\u00e9curit\u00e9<\/p>\n<p>De son c\u00f4t\u00e9 la pr\u00e9fecture du Rh\u00f4ne met en oeuvre un important dispositif de s\u00e9curit\u00e9 d\u00e8s le dimanche 13 juillet \u00e0 6 h. Pour les soir\u00e9es des 13 et 14 juillet, 400 policiers nationaux, 250 gendarmes, 138 militaires de l&rsquo;op\u00e9ration sentinelle et 260 sapeurs-pompiers seront mobilis\u00e9s.<\/p>\n<p>La d\u00e9tention, la vente et le transport de carburant en r\u00e9cipient portable et de produits inflammables seront interdits, tout comme la vente d&rsquo;alcool \u00e0 emporter (d\u00e8s 20 h le 13 juillet et \u00e0 partir de 18 h le 14 juillet). Depuis ce vendredi matin, l&rsquo;achat, la vente, la d\u00e9tention, le transport et l&rsquo;utilisation d&rsquo;artifices sera interdite.<\/p>\n","protected":false},"excerpt":{"rendered":"Feu d\u2019artifice 14 Juillet 2023 \u00a9Antoine Desvoivre \u00c0 quelques heures du feu d&rsquo;artifice du 14 juillet, Lyon Capitale&hellip;\n","protected":false},"author":2,"featured_media":250576,"comment_status":"","ping_status":"","sticky":false,"template":"","format":"standard","meta":{"footnotes":""},"categories":[1889],"tags":[1111,11,2430,1777,674,1011,27,2428,12,25],"class_list":{"0":"post-250575","1":"post","2":"type-post","3":"status-publish","4":"format-standard","5":"has-post-thumbnail","7":"category-lyon","8":"tag-actu","9":"tag-actualites","10":"tag-auvergne-rhone-alpes","11":"tag-eu","12":"tag-europe","13":"tag-fr","14":"tag-france","15":"tag-lyon","16":"tag-news","17":"tag-republique-francaise"},"share_on_mastodon":{"url":"https:\/\/pubeurope.com\/@fr\/114854815677951939","error":""},"_links":{"self":[{"href":"https:\/\/www.europesays.com\/fr\/wp-json\/wp\/v2\/posts\/250575","targetHints":{"allow":["GET"]}}],"collection":[{"href":"https:\/\/www.europesays.com\/fr\/wp-json\/wp\/v2\/posts"}],"about":[{"href":"https:\/\/www.europesays.com\/fr\/wp-json\/wp\/v2\/types\/post"}],"author":[{"embeddable":true,"href":"https:\/\/www.europesays.com\/fr\/wp-json\/wp\/v2\/users\/2"}],"replies":[{"embeddable":true,"href":"https:\/\/www.europesays.com\/fr\/wp-json\/wp\/v2\/comments?post=250575"}],"version-history":[{"count":0,"href":"https:\/\/www.europesays.com\/fr\/wp-json\/wp\/v2\/posts\/250575\/revisions"}],"wp:featuredmedia":[{"embeddable":true,"href":"https:\/\/www.europesays.com\/fr\/wp-json\/wp\/v2\/media\/250576"}],"wp:attachment":[{"href":"https:\/\/www.europesays.com\/fr\/wp-json\/wp\/v2\/media?parent=250575"}],"wp:term":[{"taxonomy":"category","embeddable":true,"href":"https:\/\/www.europesays.com\/fr\/wp-json\/wp\/v2\/categories?post=250575"},{"taxonomy":"post_tag","embeddable":true,"href":"https:\/\/www.europesays.com\/fr\/wp-json\/wp\/v2\/tags?post=250575"}],"curies":[{"name":"wp","href":"https:\/\/api.w.org\/{rel}","templated":true}]}}