{"id":250579,"date":"2025-07-15T02:12:16","date_gmt":"2025-07-15T02:12:16","guid":{"rendered":"https:\/\/www.europesays.com\/fr\/250579\/"},"modified":"2025-07-15T02:12:16","modified_gmt":"2025-07-15T02:12:16","slug":"paris-timide-repli-malgre-les-tensions-commerciales-relancees-par-trump-14-07-2025-a-1808","status":"publish","type":"post","link":"https:\/\/www.europesays.com\/fr\/250579\/","title":{"rendered":"Paris: timide repli malgr\u00e9 les tensions commerciales relanc\u00e9es par Trump &#8211; 14\/07\/2025 \u00e0 18:08"},"content":{"rendered":"<p>                                                                (CercleFinance.com) &#8211; La Bourse de Paris ach\u00e8ve la s\u00e9ance sur un repli modeste de 0,27%, \u00e0 7808 points, p\u00e9nalis\u00e9e par Capgemini (-2,3%), Teleperformance (-2,3%) et Stellantis (-1,9%) dans des volumes r\u00e9duits en ce 14 juillet (moins de 2,3 MdsE \u00e9chang\u00e9s depuis l&rsquo;ouverture).<\/p>\n<p>Outre-Atlantique, apr\u00e8s avoir ouvert en rouge, Wall Street est de retour en positif, les trois principaux indices s&rsquo;arrogeant entre 0,1% et +0,2%.\n<\/p>\n<p>Les investisseurs ont \u00e9t\u00e9 pris \u00e0 revers ce week-end par une nouvelle annonce choc du pr\u00e9sident \u00e9tats-unien qui envisage de taxer les exportations de l&rsquo;UE vers les Etats-Unis \u00e0 hauteur de 30% \u00e0 compter du 1er ao\u00fbt.\n<\/p>\n<p>S&rsquo;il reste deux semaines pour tenter de trouver une solution n\u00e9goci\u00e9e, les march\u00e9s restent toutefois globalement sereins pour le moment, habitu\u00e9s aux revirements, d\u00e9sormais incessants, du milliardaire new-yorkais.\n<\/p>\n<p>&lsquo;Les march\u00e9s r\u00e9agissent de moins en moins aux menaces li\u00e9es \u00e0 la mise en place de nouvelles taxes \u00e0 l&rsquo;importation. Ils ne consid\u00e8rent plus la possibilit\u00e9 de nouvelles hausses de tarifs comme s\u00e9rieuse&rsquo;, soulignent les strat\u00e9gistes actions de Barclays, emmen\u00e9s par Emmanuel Cau.\n<\/p>\n<p>Dans ce contexte incertain, les march\u00e9s se focaliseront ces prochains jours sur des donn\u00e9es tangibles : publications des r\u00e9sultats trimestriels d&rsquo;entreprises et indicateurs \u00e9conomiques.\n<\/p>\n<p>En effet, \u00e0 compter de demain, les grandes banques am\u00e9ricaines Citigroup, JPMorgan et Wells Fargo, dont les cours de Bourse se sont vivement appr\u00e9ci\u00e9s cette ann\u00e9e, ouvriront le bal de la saison des r\u00e9sultats.\n<\/p>\n<p>Leurs homologues Bank of America et Goldman Sachs publieront leurs comptes ce mercredi, avant que 3M, American Express ou encore Netflix leur embo\u00eetent le pas en seconde partie de semaine.\n<\/p>\n<p>Aux Etats-Unis, les profits des entreprises composant l&rsquo;indice am\u00e9ricain S&amp;P 500 sont attendus en hausse de 5% au deuxi\u00e8me trimestre par rapport \u00e0 la m\u00eame p\u00e9riode de l&rsquo;an dernier.\n<\/p>\n<p>Il devrait s&rsquo;agir du huiti\u00e8me trimestre cons\u00e9cutif de croissance des b\u00e9n\u00e9fices, mais aussi du rythme de progression le plus faible enregistr\u00e9e depuis la fin 2023.\n<\/p>\n<p>En Europe, les r\u00e9sultats des soci\u00e9t\u00e9s sont, eux, anticip\u00e9s en repli de 3%, p\u00e9nalis\u00e9s non seulement par la morosit\u00e9 de la croissance sur le Vieux Continent mais \u00e9galement par la r\u00e9cente appr\u00e9ciation de l&rsquo;euro.\n<\/p>\n<p>Le Dollar a enray\u00e9 son repli, il grappille m\u00eame 0,1% \u00e0 1,1680 mais la pouss\u00e9e ph\u00e9nom\u00e9nale du<br \/>\n<a href=\"https:\/\/www.boursorama.com\/cours\/9xBTCUSD\/\" rel=\"nofollow noopener\" target=\"_blank\"><br \/>\n bitcoin<br \/>\n<\/a><br \/>\nvers 122.500$ ce midi (120.500 \u00e0 pr\u00e9sent), la flamb\u00e9e de l&rsquo;argent m\u00e9tal vers 39$\/Oz, le cuivre qui reste \u00e0 des niveaux \u00e9lev\u00e9s , semblent indiquer que les investisseurs cherchent une alternative au Dollar.\n<\/p>\n<p>La tension sur les taux longs US le confirme avec un &rsquo;30 ans&rsquo; remont\u00e9 \u00e0 pr\u00e8s de 5,00% (4,9850%) et un &rsquo;10 ans&rsquo; qui s&rsquo;ancre au-del\u00e0 des 4,400%, avec +1,5Pt vers 4,44%.\n<\/p>\n<p>Sur le compartiment obligataire europ\u00e9en, le Bund 10 ans est fig\u00e9 \u00e0 2,735% (+0,5Pt), nos OAT prennent +1,3Pt \u00e0 3,433%.<br \/>\n<br \/>A Londres, le baril de Brent c\u00e8de 1,2%, vers 69,7$.\n<\/p>\n<p>Dans l&rsquo;actualit\u00e9 des soci\u00e9t\u00e9s tricolores, Cr\u00e9dit Agricole, qui d\u00e9tient actuellement 19,8% du capital de Banco BPM, a annonc\u00e9 vendredi soir son intention de demander \u00e0 la BCE l&rsquo;autorisation de franchir le seuil des 20% du capital de l&rsquo;\u00e9tablissement financier italien.\n<\/p>\n<p>Valneva a indiqu\u00e9 vendredi soir que l&rsquo;agence europ\u00e9enne des m\u00e9dicaments (EMA) allait lever sa restriction temporaire sur la vaccination des personnes \u00e2g\u00e9es de 65 et plus avec son vaccin \u00e0 dose unique contre le chikungunya Ixchiq.\n<\/p>\n<p>Enfin, Eurazeo a annonc\u00e9 vendredi soir entrer en discussions exclusives avec la holding europ\u00e9enne du groupe am\u00e9ricain Ferrara Candy, en vue de la cession de CPK, champion europ\u00e9en de la confiserie de sucre et de chocolat.<\/p>\n","protected":false},"excerpt":{"rendered":"(CercleFinance.com) &#8211; La Bourse de Paris ach\u00e8ve la s\u00e9ance sur un repli modeste de 0,27%, \u00e0 7808 points,&hellip;\n","protected":false},"author":2,"featured_media":8765,"comment_status":"","ping_status":"","sticky":false,"template":"","format":"standard","meta":{"footnotes":""},"categories":[1888],"tags":[400,1111,1928,11,1927,398,408,405,1777,674,1011,27,403,402,399,404,12,1926,626,1925,25,401,406,407],"class_list":{"0":"post-250579","1":"post","2":"type-post","3":"status-publish","4":"format-standard","5":"has-post-thumbnail","7":"category-paris","8":"tag-action-cac-40","9":"tag-actu","10":"tag-actu-paris","11":"tag-actualites","12":"tag-actualites-paris","13":"tag-bourse-de-paris","14":"tag-boursorama","15":"tag-cotations","16":"tag-eu","17":"tag-europe","18":"tag-fr","19":"tag-france","20":"tag-indices-devises","21":"tag-investir","22":"tag-investissement","23":"tag-marche-boursier","24":"tag-news","25":"tag-news-paris","26":"tag-paris","27":"tag-paris-news","28":"tag-republique-francaise","29":"tag-sicav","30":"tag-trackers","31":"tag-warrants"},"share_on_mastodon":{"url":"https:\/\/pubeurope.com\/@fr\/114854831236968192","error":""},"_links":{"self":[{"href":"https:\/\/www.europesays.com\/fr\/wp-json\/wp\/v2\/posts\/250579","targetHints":{"allow":["GET"]}}],"collection":[{"href":"https:\/\/www.europesays.com\/fr\/wp-json\/wp\/v2\/posts"}],"about":[{"href":"https:\/\/www.europesays.com\/fr\/wp-json\/wp\/v2\/types\/post"}],"author":[{"embeddable":true,"href":"https:\/\/www.europesays.com\/fr\/wp-json\/wp\/v2\/users\/2"}],"replies":[{"embeddable":true,"href":"https:\/\/www.europesays.com\/fr\/wp-json\/wp\/v2\/comments?post=250579"}],"version-history":[{"count":0,"href":"https:\/\/www.europesays.com\/fr\/wp-json\/wp\/v2\/posts\/250579\/revisions"}],"wp:featuredmedia":[{"embeddable":true,"href":"https:\/\/www.europesays.com\/fr\/wp-json\/wp\/v2\/media\/8765"}],"wp:attachment":[{"href":"https:\/\/www.europesays.com\/fr\/wp-json\/wp\/v2\/media?parent=250579"}],"wp:term":[{"taxonomy":"category","embeddable":true,"href":"https:\/\/www.europesays.com\/fr\/wp-json\/wp\/v2\/categories?post=250579"},{"taxonomy":"post_tag","embeddable":true,"href":"https:\/\/www.europesays.com\/fr\/wp-json\/wp\/v2\/tags?post=250579"}],"curies":[{"name":"wp","href":"https:\/\/api.w.org\/{rel}","templated":true}]}}