{"id":250580,"date":"2025-07-15T02:13:17","date_gmt":"2025-07-15T02:13:17","guid":{"rendered":"https:\/\/www.europesays.com\/fr\/250580\/"},"modified":"2025-07-15T02:13:17","modified_gmt":"2025-07-15T02:13:17","slug":"un-spectacle-de-drones-impressionnant-a-illumine-le-ciel-de-paris","status":"publish","type":"post","link":"https:\/\/www.europesays.com\/fr\/250580\/","title":{"rendered":"un spectacle de drones impressionnant a illumin\u00e9 le ciel de Paris"},"content":{"rendered":"<p class=\"mb-4 text-lg md:leading-8 break-words\">60\u00a0000 personnes \u00e9taient attendues ce lundi soir sur le Champ-de-Mars pour assister au traditionnel feu d&rsquo;artifice parisien du 14\u00a0Juillet.\u00a0La capitale fran\u00e7aise s&rsquo;est illumin\u00e9e \u00e0 partir de 23\u00a0heures pour un show mettant notamment \u00e0 l&rsquo;honneur le Br\u00e9sil, les dix ans de l&rsquo;Accord\u00a0de Paris sur le climat\u00a0ou encore la Seine.<\/p>\n<p class=\"mb-4 text-lg md:leading-8 break-words\">Pour la premi\u00e8re fois, le spectacle\u00a0fut accompagn\u00e9 de plus d&rsquo;un millier\u00a0de drones tournoyant dans les airs.\u00a0Au total, plus de\u00a0120\u00a0postes de tir, dont\u00a080\u00a0sur la tour Eiffel, avaient \u00e9t\u00e9 mis en place pour l&rsquo;\u00e9v\u00e9nement, pr\u00e9par\u00e9 par une \u00e9quipe de plus de cent personnes. Les drones\u00a0ultral\u00e9gers \u00e9taient \u00e9quip\u00e9s d&rsquo;effets pyrotechniques et de LEDs trichromiques avec diffuseur \u00e0 360\u00b0.<\/p>\n<p>Dernier hommage aux Jeux olympiques de Paris 2024<\/p>\n<p class=\"mb-4 text-lg md:leading-8 break-words\">Le show\u00a0a d\u00e9but\u00e9 par la bien nomm\u00e9e chanson de Zaho de\u00a0Sagazan \u00ab\u00a0La symphonie des \u00e9clairs\u00a0\u00bb.\u00a0Les spectateurs et t\u00e9l\u00e9spectateurs ont ensuite\u00a0pu\u00a0apercevoir, sur des airs de samba, plusieurs symboles du Br\u00e9sil et des personnages dansant au-dessus de la tour Eiffel. Sur l&rsquo;air de \u00ab\u00a0R\u00e9siste\u00a0\u00bb de France Gall, une Marianne au bonnet phrygien a \u00e9galement fait son apparition.<\/p>\n<p class=\"mb-4 text-lg md:leading-8 break-words\">\u00c0 LIRE AUSSI <strong class=\"strong\"><a href=\"https:\/\/www.lepoint.fr\/societe\/defile-du-14-juillet-qui-est-yvard-choisi-pour-interpreter-la-marseillaise-14-07-2025-2594322_23.php\" rel=\"nofollow noopener\" target=\"_blank\" data-ylk=\"slk:D\u00e9fil\u00e9 du 14\u00a0Juillet\u00a0: qui est Yvard, choisi pour interpr\u00e9ter \u00ab\u00a0La Marseillaise\u00a0\u00bb\u00a0?;elm:context_link;itc:0;sec:content-canvas\" class=\"link \">D\u00e9fil\u00e9 du 14\u00a0Juillet\u00a0: qui est Yvard, choisi pour interpr\u00e9ter \u00ab\u00a0La Marseillaise\u00a0\u00bb\u00a0?<\/a><\/strong><\/p>\n<p class=\"mb-4 text-lg md:leading-8 break-words\">La devise fran\u00e7aise \u00ab\u00a0Libert\u00e9, \u00c9galit\u00e9, Fraternit\u00e9\u00a0\u00bb s&rsquo;est \u00e9galement\u00a0mise \u00e0 envelopper la\u00a0Dame de fer avant un dernier show pyrotechnique impressionnant.\u00a0En hommage \u00e0 la prestation de C\u00e9line Dion lors de la c\u00e9r\u00e9monie d&rsquo;ouverture des Jeux olympiques de Paris 2024, le [&#8230;] <a href=\"https:\/\/www.lepoint.fr\/culture\/feu-d-artifice-du-14-juillet-un-spectacle-de-drones-impressionnant-a-illumine-le-ciel-de-paris-15-07-2025-2594381_3.php\" rel=\"nofollow noopener\" target=\"_blank\" data-ylk=\"slk:Lire la suite;elm:context_link;itc:0;sec:content-canvas\" class=\"link \">Lire la suite<\/a><\/p>\n","protected":false},"excerpt":{"rendered":"60\u00a0000 personnes \u00e9taient attendues ce lundi soir sur le Champ-de-Mars pour assister au traditionnel feu d&rsquo;artifice parisien du&hellip;\n","protected":false},"author":2,"featured_media":250581,"comment_status":"","ping_status":"","sticky":false,"template":"","format":"standard","meta":{"footnotes":""},"categories":[1888],"tags":[1111,1928,11,1927,1777,674,1011,27,21405,30635,12,1926,626,1925,25],"class_list":{"0":"post-250580","1":"post","2":"type-post","3":"status-publish","4":"format-standard","5":"has-post-thumbnail","7":"category-paris","8":"tag-actu","9":"tag-actu-paris","10":"tag-actualites","11":"tag-actualites-paris","12":"tag-eu","13":"tag-europe","14":"tag-fr","15":"tag-france","16":"tag-jeux-olympiques-de-paris","17":"tag-la-tour-eiffel","18":"tag-news","19":"tag-news-paris","20":"tag-paris","21":"tag-paris-news","22":"tag-republique-francaise"},"share_on_mastodon":{"url":"https:\/\/pubeurope.com\/@fr\/114854835218963898","error":""},"_links":{"self":[{"href":"https:\/\/www.europesays.com\/fr\/wp-json\/wp\/v2\/posts\/250580","targetHints":{"allow":["GET"]}}],"collection":[{"href":"https:\/\/www.europesays.com\/fr\/wp-json\/wp\/v2\/posts"}],"about":[{"href":"https:\/\/www.europesays.com\/fr\/wp-json\/wp\/v2\/types\/post"}],"author":[{"embeddable":true,"href":"https:\/\/www.europesays.com\/fr\/wp-json\/wp\/v2\/users\/2"}],"replies":[{"embeddable":true,"href":"https:\/\/www.europesays.com\/fr\/wp-json\/wp\/v2\/comments?post=250580"}],"version-history":[{"count":0,"href":"https:\/\/www.europesays.com\/fr\/wp-json\/wp\/v2\/posts\/250580\/revisions"}],"wp:featuredmedia":[{"embeddable":true,"href":"https:\/\/www.europesays.com\/fr\/wp-json\/wp\/v2\/media\/250581"}],"wp:attachment":[{"href":"https:\/\/www.europesays.com\/fr\/wp-json\/wp\/v2\/media?parent=250580"}],"wp:term":[{"taxonomy":"category","embeddable":true,"href":"https:\/\/www.europesays.com\/fr\/wp-json\/wp\/v2\/categories?post=250580"},{"taxonomy":"post_tag","embeddable":true,"href":"https:\/\/www.europesays.com\/fr\/wp-json\/wp\/v2\/tags?post=250580"}],"curies":[{"name":"wp","href":"https:\/\/api.w.org\/{rel}","templated":true}]}}