{"id":250586,"date":"2025-07-15T02:16:16","date_gmt":"2025-07-15T02:16:16","guid":{"rendered":"https:\/\/www.europesays.com\/fr\/250586\/"},"modified":"2025-07-15T02:16:16","modified_gmt":"2025-07-15T02:16:16","slug":"george-de-russie-et-victoria-romanovna-celebrent-le-bapteme-de-leur-fille-la-princesse-kira-leonida","status":"publish","type":"post","link":"https:\/\/www.europesays.com\/fr\/250586\/","title":{"rendered":"George de Russie et Victoria Romanovna c\u00e9l\u00e8brent le bapt\u00eame de leur fille, la princesse Kira Leonida"},"content":{"rendered":"<p>Quarante jours apr\u00e8s sa naissance, comme le veut la tradition, la princesse Kira Leonida de Russie a re\u00e7u le sacrement du bapt\u00eame. Ce dimanche 13 juillet, la seconde enfant du <a target=\"_blank\" href=\"https:\/\/www.pointdevue.fr\/royal\/couronnes-du-monde\/en-images-le-mariage-grandiose-du-grand-duc-george-de-russie-et-victoria-romanovna\" rel=\"noopener\">grand-duc George et de la princesse Victoria Romanovna<\/a> de Russie est officiellement entr\u00e9e dans la communaut\u00e9 chr\u00e9tienne en la cath\u00e9drale du Christ-Sauveur, \u00e0 Moscou. Pour cette \u00e9mouvante c\u00e9r\u00e9monie, la princesse <a target=\"_blank\" href=\"https:\/\/www.pointdevue.fr\/royal\/couronnes-du-monde\/george-de-russie-et-victoria-romanovna-annoncent-la-naissance-de-leur-fille\" rel=\"noopener\">n\u00e9e le 2 juin dernier<\/a> \u00e9tait entour\u00e9e de ses parents, de son fr\u00e8re le prince Alexander Romanov, de sa grand-m\u00e8re la grande-duchesse Maria Vladimirovna, ainsi que de ses parrains et marraines.\u00a0<\/p>\n<p><img decoding=\"async\" src=\"https:\/\/www.europesays.com\/fr\/wp-content\/uploads\/2025\/07\/90a81efb-388e-42c8-98cc-255be47c768afrLfLM69KN.jpg\" alt=\"Oksana Hoffmann Girey, le Prince Emmanuel-Philibert de Savoie, le grand-duc George de Russie, la princesse Victoria Romanovna, la grande-duchesse Maria Vladimirovna, l'archiduc Maximilian de Habsbourg au bapt\u00eame de la princesse Kira Leonida de Russie.\"\/><strong>Oksana Hoffmann Girey, le prince Emanuele-Filiberto de Savoie, le grand-duc George de Russie, la princesse Victoria Romanovna, la grande-duchesse Maria Vladimirovna, l&rsquo;archiduc Maximilian de Habsbourg au bapt\u00eame de la princesse Kira Leonida de Russie.<\/strong> \u00a9 Alexey Maslov\/DNphotographyLe prince EmanuelE-Filiberto de Savoie et l\u2019archiduc Maximilian de Hasbourg choisis comme parrains<\/p>\n<p>La descendante du tsar Alexandre II de Russie a pour parrains le prince Emanuele-Filiberto de Savoie qui a r\u00e9cemment officialis\u00e9 sa <a target=\"_blank\" href=\"https:\/\/www.pointdevue.fr\/royal\/couronnes-du-monde\/nous-sommes-tres-heureux-emanuele-filiberto-de-savoie-officialise-son-couple-avec-adriana-abascal\" rel=\"noopener\">relation avec Adriana Abasca<\/a>l. \u00c0 ses c\u00f4t\u00e9s devant l\u2019autel se trouvaient \u00e9galement l\u2019Archiduc Maximilian de Hasbourg, lui aussi parrain de la petite fille tout comme Artem Kozhin, l\u2019ambassadeur de la Russie aux Seychelles accompagn\u00e9 de son \u00e9pouse Elena Kozhina, choisie comme marraine.\u00a0<\/p>\n<p><img decoding=\"async\" src=\"https:\/\/www.europesays.com\/fr\/wp-content\/uploads\/2025\/07\/IMG_5816g3NTcv8bcA.jpg\" alt=\"Artem Kozhin et son \u00e9pouse Elena Kozhina au bapt\u00eame de la princesse Kira Leonida de Russie.\"\/><strong>Artem Kozhin et son \u00e9pouse Elena Kozhina au bapt\u00eame de la princesse Kira Leonida de Russie.<\/strong> \u00a9 Alexey Maslov\/DNphotography<\/p>\n<p>Pour l&rsquo;accompagner tout au long de sa vie chr\u00e9tienne, la princesse Kira, v\u00eatue de blanc comme le veut la tradition, pourra aussi compter sur son autre marraine, Oksana Hoffman Girey, qui officie au consulat du Kazakhstan dans la Principaut\u00e9 de Monaco. Le prince Boris de Bulgarie et le prince David VII de G\u00e9orgie compl\u00e8tent cette assembl\u00e9e charg\u00e9e de la guider dans la foi, m\u00eame s&rsquo;ils n&rsquo;\u00e9taient pas pr\u00e9sents lors de la c\u00e9r\u00e9monie.\u00a0<\/p>\n<p><img decoding=\"async\" src=\"https:\/\/www.europesays.com\/fr\/wp-content\/uploads\/2025\/07\/IMG_5810X0FQq9kXFc.jpg\" alt=\"La princesse Victoria Romanovna avec sa fille la princesse Kira Leonida de Russie.\"\/><strong>La princesse Victoria Romanovna avec sa fille la princesse Kira Leonida de Russie.<\/strong> \u00a9 \u00a0Alexey Maslov\/DNphotography<\/p>\n<p>Pour cette occasion sp\u00e9ciale, la famille comme les parrains et marraines avaient accord\u00e9 leurs tenues. <a target=\"_blank\" href=\"https:\/\/www.pointdevue.fr\/histoire\/histoire-du-monde\/les-grands-ducs-de-russie-de-super-aristocrates\" rel=\"noopener\">Le grand-duc George de Russie<\/a> portait un costume noir surmont\u00e9 d\u2019une cravate verte, tandis que le prince Emanuele-Filiberto de Savoie arborait le m\u00eame costume avec une cravate de couleur violine. La m\u00e8re de la jeune baptis\u00e9e, la princesse Victoria Romanova, \u00e9tait v\u00eatue d\u2019une robe noire assortie d&rsquo;une longue veste blanche aux motifs fleuris. Une tenue accessoiris\u00e9e par un large couvre-chef, tout comme celle de la grande-duchesse Maria Vladimirovna qui portait elle aussi une robe fleurie noire et blanche. De son c\u00f4t\u00e9, Oksana Hoffman Girey avait opt\u00e9 pour un ensemble blanc en mousseline d\u00e9cor\u00e9e d\u2019un ruban noir.\u00a0<\/p>\n<p>Un jour de f\u00eate religieuse symbolique pour le bapt\u00eame de la princesse Kira Leonida<img decoding=\"async\" src=\"https:\/\/www.europesays.com\/fr\/wp-content\/uploads\/2025\/07\/59c80304-f0d5-462a-96be-435890857934oDJi81AcHX.jpg\" alt=\"Le grand-duc George de Russie, la princesse Victoria Romanovna et la grande duchesse Maria Vladimirovna avec la princesse Kira Leonida de Russie.\"\/><strong>Le grand-duc George de Russie, la princesse Victoria Romanovna et la grande duchesse Maria Vladimirovna avec la princesse Kira Leonida de Russie.<\/strong> \u00a9 Alexey Maslov\/DNphotography<\/p>\n<p>Ce dimanche 13 juillet n\u2019a pas \u00e9t\u00e9 choisi au hasard par le grand-duc George de Russie et la princesse Victoria Romanova. Il co\u00efncide avec le d\u00e9lai de 40 jours qu\u2019il faut atteindre apr\u00e8s la naissance d&rsquo;un enfant pour le baptiser dans la tradition orthodoxe, mais il est aussi un jour de f\u00eate. Chez les Orthodoxes, le 13 juillet comm\u00e9more la Synaxe de l\u2019archange Gabriel. La princesse Kira Leonida a donc re\u00e7u le bapt\u00eame lors d\u2019un jour sacr\u00e9, dans la m\u00eame cath\u00e9drale que son fr\u00e8re a\u00een\u00e9, le prince Alexander Romanov en d\u00e9cembre 2022.\u00a0<\/p>\n<p><strong>\u00c0 lire aussi :\u00a0<\/strong><br \/>\u00a0<\/p>\n<p><a target=\"_blank\" href=\"https:\/\/www.pointdevue.fr\/royal\/couronnes-du-monde\/alexander-le-fils-du-grand-duc-george-de-russie-fete-ses-2-ans\" rel=\"noopener\">Alexander, le fils du grand-duc George de Russie, f\u00eate ses 2 ans<\/a><\/p>\n","protected":false},"excerpt":{"rendered":"Quarante jours apr\u00e8s sa naissance, comme le veut la tradition, la princesse Kira Leonida de Russie a re\u00e7u&hellip;\n","protected":false},"author":2,"featured_media":250587,"comment_status":"","ping_status":"","sticky":false,"template":"","format":"standard","meta":{"footnotes":""},"categories":[1591],"tags":[11,1887,12,1885,1886,132],"class_list":{"0":"post-250586","1":"post","2":"type-post","3":"status-publish","4":"format-standard","5":"has-post-thumbnail","7":"category-russie","8":"tag-actualites","9":"tag-federation-de-russie","10":"tag-news","11":"tag-russia","12":"tag-russian-federation","13":"tag-russie"},"share_on_mastodon":{"url":"https:\/\/pubeurope.com\/@fr\/114854847242698613","error":""},"_links":{"self":[{"href":"https:\/\/www.europesays.com\/fr\/wp-json\/wp\/v2\/posts\/250586","targetHints":{"allow":["GET"]}}],"collection":[{"href":"https:\/\/www.europesays.com\/fr\/wp-json\/wp\/v2\/posts"}],"about":[{"href":"https:\/\/www.europesays.com\/fr\/wp-json\/wp\/v2\/types\/post"}],"author":[{"embeddable":true,"href":"https:\/\/www.europesays.com\/fr\/wp-json\/wp\/v2\/users\/2"}],"replies":[{"embeddable":true,"href":"https:\/\/www.europesays.com\/fr\/wp-json\/wp\/v2\/comments?post=250586"}],"version-history":[{"count":0,"href":"https:\/\/www.europesays.com\/fr\/wp-json\/wp\/v2\/posts\/250586\/revisions"}],"wp:featuredmedia":[{"embeddable":true,"href":"https:\/\/www.europesays.com\/fr\/wp-json\/wp\/v2\/media\/250587"}],"wp:attachment":[{"href":"https:\/\/www.europesays.com\/fr\/wp-json\/wp\/v2\/media?parent=250586"}],"wp:term":[{"taxonomy":"category","embeddable":true,"href":"https:\/\/www.europesays.com\/fr\/wp-json\/wp\/v2\/categories?post=250586"},{"taxonomy":"post_tag","embeddable":true,"href":"https:\/\/www.europesays.com\/fr\/wp-json\/wp\/v2\/tags?post=250586"}],"curies":[{"name":"wp","href":"https:\/\/api.w.org\/{rel}","templated":true}]}}