{"id":25059,"date":"2025-04-14T19:52:30","date_gmt":"2025-04-14T19:52:30","guid":{"rendered":"https:\/\/www.europesays.com\/fr\/25059\/"},"modified":"2025-04-14T19:52:30","modified_gmt":"2025-04-14T19:52:30","slug":"garou-evoque-sa-relation-distante-avec-celine-dion","status":"publish","type":"post","link":"https:\/\/www.europesays.com\/fr\/25059\/","title":{"rendered":"Garou \u00e9voque sa relation distante avec C\u00e9line Dion"},"content":{"rendered":"<p>C\u00e9line Dion est l&rsquo;une des chanteuses francophones les plus connues \u00e0 travers le monde. Interpr\u00e8te de tubes inoubliables, elle a partag\u00e9 les studios d&rsquo;enregistrement et la sc\u00e8ne avec les plus grands. Le grand public se souvient notamment du titre Sous le vent qu&rsquo;elle a chant\u00e9 en 2000 en duo avec Garou. Un tube qui compte parmi les plus \u00e9cout\u00e9s en France dans sa discographie. Invit\u00e9 de L\u00e9a Salam\u00e9 dans l&rsquo;\u00e9mission Quelle \u00e9poque !, diffus\u00e9e sur France 2, Garou a \u00e9voqu\u00e9 son lien avec la chanteuse. \u00c0 l&rsquo;\u00e9poque o\u00f9 il partage ce titre avec elle, Ren\u00e9 Ang\u00e9lil et la chanteuse d\u00e9sirent faire de Garou une star plan\u00e9taire. Une ambition internationale qui n&rsquo;a jamais \u00e9t\u00e9 celle du chanteur. \u00ab\u00a0On est rest\u00e9s en tr\u00e8s bons termes, mais ils [C\u00e9line Dion et Ren\u00e9] ont trouv\u00e9 un peu difficile que je quitte et surtout que je n&rsquo;ai pas assez d\u2019ambitions parce qu\u2019ils voulaient me projeter sur une carri\u00e8re mondiale, mais je n&rsquo;avais pas du tout envie\u00a0\u00bb, a-t-il admis aupr\u00e8s de L\u00e9a Salam\u00e9.<\/p>\n<p>Cette rupture dans l&rsquo;entente qui unissait C\u00e9line Dion et Garou, le chanteur l&rsquo;avait d\u00e9j\u00e0 \u00e9voqu\u00e9e sur le plateau d&rsquo;En apart\u00e9 en 2022 : \u00ab\u00a0On \u00e9tait tr\u00e8s proches avec C\u00e9line, je pense qu\u2019elle n\u2019a pas compris quand j\u2019ai coup\u00e9 les ponts avec eux. [&#8230;] Quand on se retrouve, c\u2019est magique parce qu\u2019il y a plein de choses qui se passent dans nos yeux, parce qu\u2019il y a eu toute cette complicit\u00e9, une v\u00e9ritable connexion. [&#8230;] On avait une complicit\u00e9 unique\u00a0\u00bb.<\/p>\n<p>L\u00e9a Salam\u00e9 s&rsquo;est demand\u00e9e si les deux artistes avaient tout de m\u00eame gard\u00e9 des liens (&#8230;)<\/p>\n<p>(&#8230;) <a href=\"https:\/\/www.femmeactuelle.fr\/actu\/news-actu\/elle-est-dans-son-monde-garou-evoque-sa-relation-distante-avec-celine-dion-2190919\" rel=\"nofollow noopener\" target=\"_blank\" data-ylk=\"slk:Cliquez ici pour voir la suite;elm:context_link;itc:0;sec:content-canvas\" class=\"link \">Cliquez ici pour voir la suite<\/a><\/p>\n<p><a href=\"https:\/\/www.femmeactuelle.fr\/actu\/news-actu\/je-pensais-plus-a-elle-qu-a-moi-garou-raconte-l-histoire-de-sous-le-vent-son-duo-iconique-avec-celine-dion-alors-enceinte-jusqu-aux-dents-2176532\" rel=\"nofollow noopener\" target=\"_blank\" data-ylk=\"slk:&quot;Je pensais plus \u00e0 elle qu&#039;\u00e0 moi&quot; : Garou raconte l&#039;histoire de &quot;Sous le vent&quot;, son duo iconique avec C\u00e9line Dion alors &quot;enceinte jusqu&#039;aux dents&quot;;elm:context_link;itc:0;sec:content-canvas\" class=\"link \">\u00ab\u00a0Je pensais plus \u00e0 elle qu&rsquo;\u00e0 moi\u00a0\u00bb : Garou raconte l&rsquo;histoire de \u00ab\u00a0Sous le vent\u00a0\u00bb, son duo iconique avec C\u00e9line Dion alors \u00ab\u00a0enceinte jusqu&rsquo;aux dents\u00a0\u00bb<\/a><br \/><a href=\"https:\/\/www.femmeactuelle.fr\/actu\/news-actu\/clementine-celarie-evoque-sa-relation-avec-un-celebre-chanteur-qu-elle-aimait-beaucoup-2175990\" rel=\"nofollow noopener\" target=\"_blank\" data-ylk=\"slk:Cl\u00e9mentine C\u00e9lari\u00e9 \u00e9voque sa relation avec un c\u00e9l\u00e8bre chanteur qu&#039;elle &quot;aimait beaucoup&quot;;elm:context_link;itc:0;sec:content-canvas\" class=\"link \">Cl\u00e9mentine C\u00e9lari\u00e9 \u00e9voque sa relation avec un c\u00e9l\u00e8bre chanteur qu&rsquo;elle \u00ab\u00a0aimait beaucoup\u00a0\u00bb<\/a><br \/><a href=\"https:\/\/www.femmeactuelle.fr\/actu\/news-actu\/elle-a-decide-d-avancer-seule-caroline-darian-evoque-sa-relation-avec-sa-mere-gisele-pelicot-2190066\" rel=\"nofollow noopener\" target=\"_blank\" data-ylk=\"slk:&quot;Elle a d\u00e9cid\u00e9 d&#039;avancer seule&quot; : Caroline Darian \u00e9voque sa relation avec sa m\u00e8re, Gis\u00e8le Pelicot;elm:context_link;itc:0;sec:content-canvas\" class=\"link \">\u00ab\u00a0Elle a d\u00e9cid\u00e9 d&rsquo;avancer seule\u00a0\u00bb : Caroline Darian \u00e9voque sa relation avec sa m\u00e8re, Gis\u00e8le Pelicot<\/a><br \/><a href=\"https:\/\/www.femmeactuelle.fr\/actu\/news-actu\/celine-dion-qui-se-sent-tres-forte-pour-avancer-evoque-enfin-son-retour-2174330\" rel=\"nofollow noopener\" target=\"_blank\" data-ylk=\"slk:C\u00e9line Dion, qui \u201cse sent tr\u00e8s forte pour avancer\u201d, \u00e9voque enfin son retour;elm:context_link;itc:0;sec:content-canvas\" class=\"link \">C\u00e9line Dion, qui \u201cse sent tr\u00e8s forte pour avancer\u201d, \u00e9voque enfin son retour<\/a><br \/><a href=\"https:\/\/www.femmeactuelle.fr\/actu\/news-actu\/on-s-est-construit-tous-les-deux-philippe-etchebest-evoque-sa-relation-avec-sa-femme-dominique-2172081\" rel=\"nofollow noopener\" target=\"_blank\" data-ylk=\"slk:&quot;On s&#039;est construit tous les deux&quot; : Philippe Etchebest \u00e9voque sa relation avec sa femme, Dominique;elm:context_link;itc:0;sec:content-canvas\" class=\"link \">\u00ab\u00a0On s&rsquo;est construit tous les deux\u00a0\u00bb : Philippe Etchebest \u00e9voque sa relation avec sa femme, Dominique<\/a><\/p>\n","protected":false},"excerpt":{"rendered":"C\u00e9line Dion est l&rsquo;une des chanteuses francophones les plus connues \u00e0 travers le monde. Interpr\u00e8te de tubes inoubliables,&hellip;\n","protected":false},"author":2,"featured_media":25060,"comment_status":"","ping_status":"","sticky":false,"template":"","format":"standard","meta":{"footnotes":""},"categories":[1359],"tags":[7043,58,59,1011,27,8105,9005,3806,973,9004],"class_list":{"0":"post-25059","1":"post","2":"type-post","3":"status-publish","4":"format-standard","5":"has-post-thumbnail","7":"category-people","8":"tag-celine-dion","9":"tag-divertissement","10":"tag-entertainment","11":"tag-fr","12":"tag-france","13":"tag-garou","14":"tag-la-chanteuse","15":"tag-lea-salame","16":"tag-people","17":"tag-travers-le-monde"},"share_on_mastodon":{"url":"https:\/\/pubeurope.com\/@fr\/114338067270681135","error":""},"_links":{"self":[{"href":"https:\/\/www.europesays.com\/fr\/wp-json\/wp\/v2\/posts\/25059","targetHints":{"allow":["GET"]}}],"collection":[{"href":"https:\/\/www.europesays.com\/fr\/wp-json\/wp\/v2\/posts"}],"about":[{"href":"https:\/\/www.europesays.com\/fr\/wp-json\/wp\/v2\/types\/post"}],"author":[{"embeddable":true,"href":"https:\/\/www.europesays.com\/fr\/wp-json\/wp\/v2\/users\/2"}],"replies":[{"embeddable":true,"href":"https:\/\/www.europesays.com\/fr\/wp-json\/wp\/v2\/comments?post=25059"}],"version-history":[{"count":0,"href":"https:\/\/www.europesays.com\/fr\/wp-json\/wp\/v2\/posts\/25059\/revisions"}],"wp:featuredmedia":[{"embeddable":true,"href":"https:\/\/www.europesays.com\/fr\/wp-json\/wp\/v2\/media\/25060"}],"wp:attachment":[{"href":"https:\/\/www.europesays.com\/fr\/wp-json\/wp\/v2\/media?parent=25059"}],"wp:term":[{"taxonomy":"category","embeddable":true,"href":"https:\/\/www.europesays.com\/fr\/wp-json\/wp\/v2\/categories?post=25059"},{"taxonomy":"post_tag","embeddable":true,"href":"https:\/\/www.europesays.com\/fr\/wp-json\/wp\/v2\/tags?post=25059"}],"curies":[{"name":"wp","href":"https:\/\/api.w.org\/{rel}","templated":true}]}}