{"id":250592,"date":"2025-07-15T02:19:11","date_gmt":"2025-07-15T02:19:11","guid":{"rendered":"https:\/\/www.europesays.com\/fr\/250592\/"},"modified":"2025-07-15T02:19:11","modified_gmt":"2025-07-15T02:19:11","slug":"les-depenses-de-detail-au-royaume-uni-repartent-a-la-hausse-en-juin-portees-par-la-meteo-estivale","status":"publish","type":"post","link":"https:\/\/www.europesays.com\/fr\/250592\/","title":{"rendered":"Les d\u00e9penses de d\u00e9tail au Royaume-Uni repartent \u00e0 la hausse en juin, port\u00e9es par la m\u00e9t\u00e9o estivale"},"content":{"rendered":"<p>Les consommateurs britanniques ont d\u00e9pens\u00e9 plus librement le mois dernier, port\u00e9s par une m\u00e9t\u00e9o exceptionnellement chaude qui a stimul\u00e9 la demande pour des ventilateurs et des v\u00eatements d&rsquo;\u00e9t\u00e9. Cette reprise intervient apr\u00e8s une croissance mod\u00e9r\u00e9e des ventes en mai, m\u00eame si une partie de cette hausse refl\u00e8te la progression des prix alimentaires, selon les donn\u00e9es publi\u00e9es mardi par le secteur.<\/p>\n<p>Le British Retail Consortium (BRC), dont les membres sont principalement de grandes enseignes, indique que les d\u00e9penses de d\u00e9tail ont augment\u00e9 de 3,1 % en valeur par rapport \u00e0 l&rsquo;ann\u00e9e pr\u00e9c\u00e9dente, contre une hausse annuelle de 1,0 % en mai. Il s&rsquo;agit de la deuxi\u00e8me plus forte progression enregistr\u00e9e cette ann\u00e9e.<\/p>\n<p>\u00ab\u00a0La hausse des temp\u00e9ratures a dop\u00e9 les ventes de ventilateurs \u00e9lectriques, tandis que les \u00e9quipements de sport et de loisirs ont b\u00e9n\u00e9fici\u00e9 \u00e0 la fois de la m\u00e9t\u00e9o et du d\u00e9but du tournoi de Wimbledon\u00a0\u00bb, a d\u00e9clar\u00e9 Helen Dickinson, directrice g\u00e9n\u00e9rale du BRC.<\/p>\n<p>L&rsquo;Angleterre a connu son mois de juin le plus chaud depuis le d\u00e9but des relev\u00e9s d\u00e9taill\u00e9s en 1884, tandis que la moyenne des temp\u00e9ratures dans l&rsquo;ensemble du Royaume-Uni a atteint son deuxi\u00e8me niveau le plus \u00e9lev\u00e9 jamais enregistr\u00e9.<\/p>\n<p>La croissance des d\u00e9penses en juin devrait redonner le sourire aux d\u00e9taillants, apr\u00e8s la publication de donn\u00e9es officielles en mai \u2013 couvrant un panel de magasins plus large que les chiffres du BRC \u2013 qui avaient fait \u00e9tat de la plus forte baisse mensuelle des volumes de ventes depuis d\u00e9cembre 2023.<\/p>\n<p>Des chiffres officiels publi\u00e9s la semaine derni\u00e8re ont par ailleurs montr\u00e9 que l&rsquo;\u00e9conomie britannique dans son ensemble s&rsquo;\u00e9tait contract\u00e9e de mani\u00e8re inattendue en mai, accentuant la pression sur la ministre des Finances, Rachel Reeves.<\/p>\n<p>Le BRC pr\u00e9cise que la hausse des d\u00e9penses de d\u00e9tail s&rsquo;explique en partie par l&rsquo;augmentation des prix alimentaires. Les d\u00e9penses dans les supermarch\u00e9s ont progress\u00e9 de 4,1 % sur un an, contre 2,2 % pour les magasins non alimentaires.<\/p>\n<p>Les prix alimentaires ont grimp\u00e9 de 3,7 % sur un an jusqu&rsquo;en juin, soit la plus forte augmentation depuis les douze mois se terminant en mars 2024, alors que les prix des produits non alimentaires ont recul\u00e9 de 1,2 %.<\/p>\n<p>\u00ab\u00a0La croissance des ventes reste principalement tir\u00e9e par l&rsquo;inflation, les volumes demeurant sous pression\u00a0\u00bb, souligne Sarah Bradbury, directrice g\u00e9n\u00e9rale de l&rsquo;Institute of Grocery Distribution, qui fournit des donn\u00e9es au BRC.<\/p>\n<p>D&rsquo;autres chiffres, publi\u00e9s par Barclays, montrent que la d\u00e9pense globale des consommateurs a l\u00e9g\u00e8rement recul\u00e9 de 0,1 % sur un an en juin, contre une hausse de 1,0 % en mai. Les donn\u00e9es de la banque, bas\u00e9es sur les transactions par carte de d\u00e9bit et de cr\u00e9dit, font \u00e9tat d&rsquo;une croissance des d\u00e9penses de d\u00e9tail inf\u00e9rieure \u00e0 celle observ\u00e9e par le BRC.<\/p>\n<p>Certains segments se distinguent, notamment l&rsquo;ameublement \u2013 port\u00e9 par une forte activit\u00e9 immobili\u00e8re plus t\u00f4t dans l&rsquo;ann\u00e9e \u2013 ainsi que les ventes de cr\u00e8mes solaires et de m\u00e9dicaments contre le rhume des foins.<\/p>\n<p>\u00ab\u00a0Les consommateurs restent prudents et continuent de pr\u00e9server leur \u00e9pargne\u00a0\u00bb, analyse Jack Meaning, \u00e9conomiste en chef de Barclays UK. \u00ab\u00a0Nous anticipons donc une croissance limit\u00e9e du PIB pour le reste de l&rsquo;ann\u00e9e, avant qu&rsquo;une baisse des taux d&rsquo;int\u00e9r\u00eat et un climat plus serein ne favorisent un retour de la croissance l&rsquo;ann\u00e9e prochaine.\u00a0\u00bb<\/p>\n","protected":false},"excerpt":{"rendered":"Les consommateurs britanniques ont d\u00e9pens\u00e9 plus librement le mois dernier, port\u00e9s par une m\u00e9t\u00e9o exceptionnellement chaude qui a&hellip;\n","protected":false},"author":2,"featured_media":250593,"comment_status":"","ping_status":"","sticky":false,"template":"","format":"standard","meta":{"footnotes":""},"categories":[1588],"tags":[11,340,1777,674,12,473,1853,1851,1850,1852],"class_list":{"0":"post-250592","1":"post","2":"type-post","3":"status-publish","4":"format-standard","5":"has-post-thumbnail","7":"category-royaume-uni","8":"tag-actualites","9":"tag-bourse","10":"tag-eu","11":"tag-europe","12":"tag-news","13":"tag-royaume-uni","14":"tag-royaume-uni-de-grande-bretagne-et-dirlande-du-nord","15":"tag-uk","16":"tag-united-kingdom","17":"tag-united-kingdom-of-great-britain-and-northern-ireland"},"share_on_mastodon":{"url":"https:\/\/pubeurope.com\/@fr\/114854858829210763","error":""},"_links":{"self":[{"href":"https:\/\/www.europesays.com\/fr\/wp-json\/wp\/v2\/posts\/250592","targetHints":{"allow":["GET"]}}],"collection":[{"href":"https:\/\/www.europesays.com\/fr\/wp-json\/wp\/v2\/posts"}],"about":[{"href":"https:\/\/www.europesays.com\/fr\/wp-json\/wp\/v2\/types\/post"}],"author":[{"embeddable":true,"href":"https:\/\/www.europesays.com\/fr\/wp-json\/wp\/v2\/users\/2"}],"replies":[{"embeddable":true,"href":"https:\/\/www.europesays.com\/fr\/wp-json\/wp\/v2\/comments?post=250592"}],"version-history":[{"count":0,"href":"https:\/\/www.europesays.com\/fr\/wp-json\/wp\/v2\/posts\/250592\/revisions"}],"wp:featuredmedia":[{"embeddable":true,"href":"https:\/\/www.europesays.com\/fr\/wp-json\/wp\/v2\/media\/250593"}],"wp:attachment":[{"href":"https:\/\/www.europesays.com\/fr\/wp-json\/wp\/v2\/media?parent=250592"}],"wp:term":[{"taxonomy":"category","embeddable":true,"href":"https:\/\/www.europesays.com\/fr\/wp-json\/wp\/v2\/categories?post=250592"},{"taxonomy":"post_tag","embeddable":true,"href":"https:\/\/www.europesays.com\/fr\/wp-json\/wp\/v2\/tags?post=250592"}],"curies":[{"name":"wp","href":"https:\/\/api.w.org\/{rel}","templated":true}]}}