{"id":250598,"date":"2025-07-15T02:22:11","date_gmt":"2025-07-15T02:22:11","guid":{"rendered":"https:\/\/www.europesays.com\/fr\/250598\/"},"modified":"2025-07-15T02:22:11","modified_gmt":"2025-07-15T02:22:11","slug":"une-commissaire-de-lue-dit-ne-pas-sattendre-a-un-changement-de-position-sur-laccord-dassociation-avec-israel","status":"publish","type":"post","link":"https:\/\/www.europesays.com\/fr\/250598\/","title":{"rendered":"Une Commissaire de l\u2019UE dit ne pas s&rsquo;attendre \u00e0 un changement de position sur l&rsquo;accord d&rsquo;association avec Isra\u00ebl"},"content":{"rendered":"<p style=\"text-align:justify;\">AA \/ Bruxelles \/ Melike Pala<\/p>\n<p style=\"text-align:justify;\">La commissaire europ\u00e9enne charg\u00e9e de la M\u00e9diterran\u00e9e, Dubravka Suica, a d\u00e9clar\u00e9 , lundi, qu&rsquo;elle ne s&rsquo;attendait pas \u00e0 ce que les principaux \u00c9tats membres de l&rsquo;UE modifient leur position concernant la r\u00e9vision de l&rsquo;article 2 de l&rsquo;accord d&rsquo;association entre l&rsquo;UE et Isra\u00ebl.<\/p>\n<p style=\"text-align:justify;\">S&rsquo;exprimant avant la cinqui\u00e8me r\u00e9union minist\u00e9rielle UE-Voisinage Sud, Suica a qualifi\u00e9 cette r\u00e9union d&rsquo;\u00ab historique \u00bb, car elle rassemblera tous les ministres de la r\u00e9gion, y compris les ministres des affaires \u00e9trang\u00e8res palestinien et isra\u00e9lien, qui sont tous deux invit\u00e9s \u00e0 y participer.<\/p>\n<p style=\"text-align:justify;\">\u00ab Je me r\u00e9jouis que le ministre isra\u00e9lien soit pr\u00e9sent cet apr\u00e8s-midi. Il en va de m\u00eame pour la ministre palestinienne&#8230; Le dialogue est le seul moyen de faire la paix, ce n&rsquo;est pas facile, mais pour autant, nous n&rsquo;abandonnerons jamais \u00bb, a-t-elle d\u00e9clar\u00e9.<\/p>\n<p style=\"text-align:justify;\">Des officiels de l&rsquo;UE devraient \u00e9galement tenir des r\u00e9unions s\u00e9par\u00e9es avec la ministre palestinienne des affaires \u00e9trang\u00e8res, Varsen Aghabekian, et le ministre isra\u00e9lien des affaires \u00e9trang\u00e8res, Gideon Saar, \u00e0 Bruxelles, sans qu&rsquo;aucune heure pr\u00e9cise n&rsquo;ait \u00e9t\u00e9 annonc\u00e9e.<\/p>\n<p style=\"text-align:justify;\">Suica a d\u00e9clar\u00e9 que l&rsquo;examen de l&rsquo;accord d&rsquo;association avec Isra\u00ebl a \u00e9t\u00e9 men\u00e9 il y a quelques semaines et a conclu que le droit humanitaire et les droits fondamentaux ont \u00e9t\u00e9 viol\u00e9s dans le cadre de l&rsquo;accord d&rsquo;association. elle a Elle a toutefois ajout\u00e9 que, lors du Conseil des affaires \u00e9trang\u00e8res du 15 juillet, les \u00c9tats membres ont des points de vue divergents.<\/p>\n<p style=\"text-align:justify;\">\u00ab Je ne peux pas anticiper la discussion, mais je peux dire que je ne m&rsquo;attends pas \u00e0 ce que les principaux \u00c9tats membres changent de position \u00bb, a-t-elle ajout\u00e9.<\/p>\n<p style=\"text-align:justify;\">La commissaire europ\u00e9enne charg\u00e9e de la M\u00e9diterran\u00e9e a \u00e9galement indiqu\u00e9 que le th\u00e8me principal de la journ\u00e9e serait le nouveau pacte pour la M\u00e9diterran\u00e9e, qui vise \u00e0 renforcer l&rsquo;engagement de l&rsquo;UE dans la R\u00e9gion Sud de la M\u00e9diterran\u00e9e.<\/p>\n<p style=\"text-align:justify;\">*Traduit de l\u2019Anglais par Mourad Belhaj <\/p>\n<p>                            &#13;<br \/>\n                                <a href=\"https:\/\/www.aa.com.tr\/fr\/p\/abonnement\/1001\" target=\"_blank\" style=\"font-size:12px; color:#444; text-decoration:none;\" rel=\"nofollow noopener\">&#13;<br \/>\n                                    Seulement une partie des d\u00e9p\u00eaches, que l&rsquo;Agence Anadolu diffuse \u00e0 ses abonn\u00e9s via le Syst\u00e8me de Diffusion interne (HAS), est diffus\u00e9e sur le site de l&rsquo;AA, de mani\u00e8re r\u00e9sum\u00e9e. <b style=\"color:#1897F7\">Contactez-nous s&rsquo;il vous pla\u00eet pour vous abonner.<\/b>&#13;<br \/>\n                                <\/a>&#13;<\/p>\n","protected":false},"excerpt":{"rendered":"AA \/ Bruxelles \/ Melike Pala La commissaire europ\u00e9enne charg\u00e9e de la M\u00e9diterran\u00e9e, Dubravka Suica, a d\u00e9clar\u00e9 ,&hellip;\n","protected":false},"author":2,"featured_media":250599,"comment_status":"","ping_status":"","sticky":false,"template":"","format":"standard","meta":{"footnotes":""},"categories":[1586],"tags":[39081,11,1785,39082,39083,1777,674,1779,1011,27,3819,12,3518,39084,25,1778,364],"class_list":{"0":"post-250598","1":"post","2":"type-post","3":"status-publish","4":"format-standard","5":"has-post-thumbnail","7":"category-europe","8":"tag-accord-dassociation-ue-isral","9":"tag-actualites","10":"tag-anadolu-ajansi","11":"tag-commissaire-europenne-charge-de-la-mditerrane","12":"tag-dubravka-suica","13":"tag-eu","14":"tag-europe","15":"tag-european-union","16":"tag-fr","17":"tag-france","18":"tag-isral","19":"tag-news","20":"tag-palestine","21":"tag-runion-ue-voisinage-sud","22":"tag-republique-francaise","23":"tag-ue","24":"tag-union-europeenne"},"share_on_mastodon":{"url":"https:\/\/pubeurope.com\/@fr\/114854870615971885","error":""},"_links":{"self":[{"href":"https:\/\/www.europesays.com\/fr\/wp-json\/wp\/v2\/posts\/250598","targetHints":{"allow":["GET"]}}],"collection":[{"href":"https:\/\/www.europesays.com\/fr\/wp-json\/wp\/v2\/posts"}],"about":[{"href":"https:\/\/www.europesays.com\/fr\/wp-json\/wp\/v2\/types\/post"}],"author":[{"embeddable":true,"href":"https:\/\/www.europesays.com\/fr\/wp-json\/wp\/v2\/users\/2"}],"replies":[{"embeddable":true,"href":"https:\/\/www.europesays.com\/fr\/wp-json\/wp\/v2\/comments?post=250598"}],"version-history":[{"count":0,"href":"https:\/\/www.europesays.com\/fr\/wp-json\/wp\/v2\/posts\/250598\/revisions"}],"wp:featuredmedia":[{"embeddable":true,"href":"https:\/\/www.europesays.com\/fr\/wp-json\/wp\/v2\/media\/250599"}],"wp:attachment":[{"href":"https:\/\/www.europesays.com\/fr\/wp-json\/wp\/v2\/media?parent=250598"}],"wp:term":[{"taxonomy":"category","embeddable":true,"href":"https:\/\/www.europesays.com\/fr\/wp-json\/wp\/v2\/categories?post=250598"},{"taxonomy":"post_tag","embeddable":true,"href":"https:\/\/www.europesays.com\/fr\/wp-json\/wp\/v2\/tags?post=250598"}],"curies":[{"name":"wp","href":"https:\/\/api.w.org\/{rel}","templated":true}]}}