{"id":250602,"date":"2025-07-15T02:24:15","date_gmt":"2025-07-15T02:24:15","guid":{"rendered":"https:\/\/www.europesays.com\/fr\/250602\/"},"modified":"2025-07-15T02:24:15","modified_gmt":"2025-07-15T02:24:15","slug":"entre-chelsea-psg-et-france-pays-bas-a-leuro-feminin-lun-a-ete-deux-fois-plus-regarde-que-lautre","status":"publish","type":"post","link":"https:\/\/www.europesays.com\/fr\/250602\/","title":{"rendered":"Entre Chelsea-PSG et France-Pays-Bas \u00e0 l\u2019Euro f\u00e9minin, l\u2019un a \u00e9t\u00e9 deux fois plus regard\u00e9 que l\u2019autre"},"content":{"rendered":"<p>        <img decoding=\"async\" loading=\"lazy\" src=\"https:\/\/www.europesays.com\/fr\/wp-content\/uploads\/2025\/07\/1e8b0b2_upload-1-wmy8cuznsa4v-000-66nh6hl.jpg\"  width=\"728\" height=\"409\" alt=\"Lors de la finale du Mondial des clubs entre Chelsea et le PSG au MetLife Stadium d\u2019East Rutherford, dans le New Jersey, le 13\u00a0juillet 2025.\"\/>  <\/p>\n<p>ANGELA WEISS \/ AFP<\/p>\n<p>Lors de la finale du Mondial des clubs entre Chelsea et le PSG au MetLife Stadium d\u2019East Rutherford, dans le New Jersey, le 13\u00a0juillet 2025.<\/p>\n<p class=\"asset asset-text\">FOOTBALL &#8211; La concomitance des deux matchs avait provoqu\u00e9 un casse-t\u00eate pour les cha\u00eenes de t\u00e9l\u00e9vision. La <a href=\"https:\/\/www.huffingtonpost.fr\/sport\/article\/le-psg-ecrase-par-chelsea-3-0-en-finale-de-coupe-du-monde-des-clubs_252558.html\" target=\"_blank\" rel=\"noopener\">d\u00e9faite du PSG au Mondial des clubs contre Chelsea<\/a> (3-0) a \u00e9t\u00e9 suivie dimanche 13\u00a0juillet sur TF1 par 4,8\u00a0millions de t\u00e9l\u00e9spectateurs. C\u2019est quasiment deux fois plus que l\u2019audience sur France 2 de <a href=\"https:\/\/www.huffingtonpost.fr\/sport\/article\/euro-feminin-les-bleues-renversent-les-pays-bas-5-2-voici-quand-et-contre-qui-elles-joueront-les-quarts_252559.html\" target=\"_blank\" rel=\"noopener\">la victoire des Bleues contre les Pays-Bas<\/a> \u00e0 l\u2019Euro f\u00e9minin (5-2), selon les chiffres diffus\u00e9s ce lundi 14\u00a0juillet par M\u00e9diam\u00e9trie.<\/p>\n<p class=\"asset asset-text\">La premi\u00e8re cha\u00eene a ainsi r\u00e9alis\u00e9 la plus grosse part d\u2019audience de la soir\u00e9e (30,1\u00a0%) en diffusant cette finale du Mondial des clubs, remodel\u00e9 cette ann\u00e9e par la Fifa et disput\u00e9 aux \u00c9tats-Unis.<\/p>\n<p class=\"asset asset-text\">L\u2019enjeu \u00e9tait historique pour le PSG, qui pouvait r\u00e9aliser cette saison un quintupl\u00e9 historique apr\u00e8s la Ligue des champions, le championnat de France, la Coupe de France et le Troph\u00e9e des champions. \u00c0 la surprise g\u00e9n\u00e9rale, les joueurs de Luis Enrique ont finalement subi une d\u00e9faite sans appel contre le club anglais.<\/p>\n<p class=\"asset asset-text\">Au m\u00eame moment, France 2 a r\u00e9alis\u00e9 13,8\u00a0% de part d\u2019audience devant le match de l\u2019\u00e9quipe de France f\u00e9minine face aux Pays-Bas \u00e0 l\u2019Euro.<\/p>\n<p class=\"asset asset-text\">Apr\u00e8s une heure dans le doute, les Bleues ont finalement lib\u00e9r\u00e9 leur potentiel, port\u00e9es par l\u2019attaquante Delphine Cascarino, autrice d\u2019un doubl\u00e9 et d\u2019une passe d\u00e9cisive, et obtenu leur qualification pour les quarts de finale apr\u00e8s un succ\u00e8s 5-2.<\/p>\n<p class=\"asset asset-text\">TF1 devait initialement diffuser le match des Bleues, mais avait finalement choisi de retransmettre celui de la finale du PSG. France 2 avait alors conclu un accord avec la premi\u00e8re cha\u00eene pour pouvoir diffuser la rencontre des Fran\u00e7aises.<\/p>\n","protected":false},"excerpt":{"rendered":"ANGELA WEISS \/ AFP Lors de la finale du Mondial des clubs entre Chelsea et le PSG au&hellip;\n","protected":false},"author":2,"featured_media":250603,"comment_status":"","ping_status":"","sticky":false,"template":"","format":"standard","meta":{"footnotes":""},"categories":[2],"tags":[11,63,3236,1011,27,500,12,2332,25,517,252],"class_list":{"0":"post-250602","1":"post","2":"type-post","3":"status-publish","4":"format-standard","5":"has-post-thumbnail","7":"category-actualites","8":"tag-actualites","9":"tag-football","10":"tag-football-feminin","11":"tag-fr","12":"tag-france","13":"tag-medias","14":"tag-news","15":"tag-paris-saint-germain-psg","16":"tag-republique-francaise","17":"tag-sport","18":"tag-television"},"share_on_mastodon":{"url":"https:\/\/pubeurope.com\/@fr\/114854878562918312","error":""},"_links":{"self":[{"href":"https:\/\/www.europesays.com\/fr\/wp-json\/wp\/v2\/posts\/250602","targetHints":{"allow":["GET"]}}],"collection":[{"href":"https:\/\/www.europesays.com\/fr\/wp-json\/wp\/v2\/posts"}],"about":[{"href":"https:\/\/www.europesays.com\/fr\/wp-json\/wp\/v2\/types\/post"}],"author":[{"embeddable":true,"href":"https:\/\/www.europesays.com\/fr\/wp-json\/wp\/v2\/users\/2"}],"replies":[{"embeddable":true,"href":"https:\/\/www.europesays.com\/fr\/wp-json\/wp\/v2\/comments?post=250602"}],"version-history":[{"count":0,"href":"https:\/\/www.europesays.com\/fr\/wp-json\/wp\/v2\/posts\/250602\/revisions"}],"wp:featuredmedia":[{"embeddable":true,"href":"https:\/\/www.europesays.com\/fr\/wp-json\/wp\/v2\/media\/250603"}],"wp:attachment":[{"href":"https:\/\/www.europesays.com\/fr\/wp-json\/wp\/v2\/media?parent=250602"}],"wp:term":[{"taxonomy":"category","embeddable":true,"href":"https:\/\/www.europesays.com\/fr\/wp-json\/wp\/v2\/categories?post=250602"},{"taxonomy":"post_tag","embeddable":true,"href":"https:\/\/www.europesays.com\/fr\/wp-json\/wp\/v2\/tags?post=250602"}],"curies":[{"name":"wp","href":"https:\/\/api.w.org\/{rel}","templated":true}]}}