{"id":250606,"date":"2025-07-15T02:28:14","date_gmt":"2025-07-15T02:28:14","guid":{"rendered":"https:\/\/www.europesays.com\/fr\/250606\/"},"modified":"2025-07-15T02:28:14","modified_gmt":"2025-07-15T02:28:14","slug":"antoine-dupont-le-retour-surprise-2","status":"publish","type":"post","link":"https:\/\/www.europesays.com\/fr\/250606\/","title":{"rendered":"Antoine Dupont, le retour surprise ?"},"content":{"rendered":"<p>Thomas Bourseau<\/p>\n<p>                        &#8211;<\/p>\n<p>R\u00e9dacteur<\/p>\n<p>F\u00e9ru de sport, Thomas a grandi entre le ballon rond du football et le orange du basket, ses deux coups de c\u0153ur depuis toujours. Dipl\u00f4m\u00e9 d\u2019un Master et d\u2019une Licence \u00e0 l\u2019Institut Europ\u00e9en du Journalisme de Paris, il suit toujours de tr\u00e8s pr\u00e8s les aventures d\u2019Arsenal et des Los Angeles Lakers.<\/p>\n<p class=\"heading\">Antoine Dupont est loin des terrains de rugby. Et ce, \u00e0 cause d&rsquo;une grave blessure au genou contract\u00e9e lors d&rsquo;un choc pendant le Tournoi des 6 nations avec le XV de France en mars dernier. Star du rugby fran\u00e7ais, le demi de m\u00eal\u00e9e attend patiemment son heure pour son retour \u00e0 la comp\u00e9tition avec le Stade toulousain. Un tout autre retour pourrait avoir lieu en amont \u00e0 Toulouse.\n<\/p>\n<p>Le 8 mars 2025, <strong>Antoine Dupont <\/strong>vivait un triste apr\u00e8s-midi \u00e0 l&rsquo;<strong>Aviva Stadium<\/strong> de Dublin. Certes, le <strong>XV de France <\/strong>s&rsquo;imposait en <strong>Irlande <\/strong>sur le score de 42 \u00e0 27 et se rapprochait d&rsquo;un nouveau sacre au<strong> Tournoi des 6 nations.<\/strong> Cependant, le capitaine des <strong>Bleus <\/strong>ne l&rsquo;a pas termin\u00e9. La faute \u00e0 un d\u00e9blayage rugueux en sortie de ruck de la part de <strong>Tadgh Beirne <\/strong>entre autres. R\u00e9sultat : rupture du ligament crois\u00e9 du genou droit, \u00e9galement touch\u00e9 au m\u00e9nisque et au ligament collat\u00e9ral pour le demi de m\u00eal\u00e9e. <\/p>\n<p>                                            En pleine convalescence, Antoine Dupont multiplie les apparitions publiques <\/p>\n<p>Depuis, <a href=\"https:\/\/le10sport.com\/rugby\/antoine-dupont-chez-les-all-blacks-lannonce-incroyable-750396\" rel=\"nofollow noopener\" target=\"_blank\">Antoine Dupont<\/a> est en convalescence et n&rsquo;a bien \u00e9videmment plus foul\u00e9 une pelouse. En parall\u00e8le, la star du rugby fran\u00e7ais multiplie les apparitions seul ou accompagn\u00e9 de sa compagne <strong>Iris Mittenaere <\/strong>\u00e0 <strong>Roland<\/strong>&#8211;<strong>Garros <\/strong>ou bien au d\u00e9fil\u00e9 Louis Vuitton \u00e0 Paris avec notamment <strong>Victor Wembanyama <\/strong>et <strong>Omar Sy <\/strong>derni\u00e8rement. De plus, avec son fr\u00e8re <strong>Cl\u00e9ment<\/strong>, <strong>Antoine<\/strong> <strong>Dupont <\/strong>a ouvert son restaurant au domaine familial \u00e0 <strong>Castelnau<\/strong>&#8211;<strong>Magnoac<\/strong>. Et il se pourrait que le demi de m\u00eal\u00e9e du <strong>Stade toulousain<\/strong> effectue un retour surprise \u00e0 Toulouse. <\/p>\n<p>                                            Antoine Dupont aux P\u00e9tanque Days d\u00e9but septembre \u00e0 Toulouse ? <\/p>\n<p>Entre les 5 et 7 septembre prochain aura lieu la deuxi\u00e8me \u00e9dition des P\u00e9tanque Days \u00e0 Toulouse. L&rsquo;ann\u00e9e derni\u00e8re, <strong>Cyril Baille <\/strong>avait r\u00e9pondu pr\u00e9sent. Le pilier du <strong>Stade toulousain <\/strong>s&rsquo;\u00e9tait m\u00eame laiss\u00e9 prendre au jeu en jouant aux boules. Plus de 8000 participants sont attendus pour cette f\u00eate de la p\u00e9tanque en collaboration avec la P\u00e9tanque des Copains, appartenant \u00e0 <strong>Antoine Dupont <\/strong>et <strong>Cyril Baille<\/strong>. Pour la deuxi\u00e8me \u00e9dition des P\u00e9tanque Days, il se pourrait bien que la star du rugby fran\u00e7ais se joigne aux festivit\u00e9s. Les organisateurs de l&rsquo;\u00e9v\u00e8nement esp\u00e9reraient voir <strong>Dupont <\/strong>profiter de sa convalescence afin d&rsquo;y prendre part \u00e0 son tour d&rsquo;apr\u00e8s sportmag.fr. <\/p>\n","protected":false},"excerpt":{"rendered":"Thomas Bourseau &#8211; R\u00e9dacteur F\u00e9ru de sport, Thomas a grandi entre le ballon rond du football et le&hellip;\n","protected":false},"author":2,"featured_media":250607,"comment_status":"","ping_status":"","sticky":false,"template":"","format":"standard","meta":{"footnotes":""},"categories":[1416],"tags":[1011,27,479,1468,60],"class_list":{"0":"post-250606","1":"post","2":"type-post","3":"status-publish","4":"format-standard","5":"has-post-thumbnail","7":"category-rugby","8":"tag-fr","9":"tag-france","10":"tag-rugby","11":"tag-rugby-football","12":"tag-sports"},"share_on_mastodon":{"url":"https:\/\/pubeurope.com\/@fr\/114854894169599858","error":""},"_links":{"self":[{"href":"https:\/\/www.europesays.com\/fr\/wp-json\/wp\/v2\/posts\/250606","targetHints":{"allow":["GET"]}}],"collection":[{"href":"https:\/\/www.europesays.com\/fr\/wp-json\/wp\/v2\/posts"}],"about":[{"href":"https:\/\/www.europesays.com\/fr\/wp-json\/wp\/v2\/types\/post"}],"author":[{"embeddable":true,"href":"https:\/\/www.europesays.com\/fr\/wp-json\/wp\/v2\/users\/2"}],"replies":[{"embeddable":true,"href":"https:\/\/www.europesays.com\/fr\/wp-json\/wp\/v2\/comments?post=250606"}],"version-history":[{"count":0,"href":"https:\/\/www.europesays.com\/fr\/wp-json\/wp\/v2\/posts\/250606\/revisions"}],"wp:featuredmedia":[{"embeddable":true,"href":"https:\/\/www.europesays.com\/fr\/wp-json\/wp\/v2\/media\/250607"}],"wp:attachment":[{"href":"https:\/\/www.europesays.com\/fr\/wp-json\/wp\/v2\/media?parent=250606"}],"wp:term":[{"taxonomy":"category","embeddable":true,"href":"https:\/\/www.europesays.com\/fr\/wp-json\/wp\/v2\/categories?post=250606"},{"taxonomy":"post_tag","embeddable":true,"href":"https:\/\/www.europesays.com\/fr\/wp-json\/wp\/v2\/tags?post=250606"}],"curies":[{"name":"wp","href":"https:\/\/api.w.org\/{rel}","templated":true}]}}