{"id":25061,"date":"2025-04-14T19:53:11","date_gmt":"2025-04-14T19:53:11","guid":{"rendered":"https:\/\/www.europesays.com\/fr\/25061\/"},"modified":"2025-04-14T19:53:11","modified_gmt":"2025-04-14T19:53:11","slug":"quand-la-cigarette-du-peintre-david-hockney-fait-scandale","status":"publish","type":"post","link":"https:\/\/www.europesays.com\/fr\/25061\/","title":{"rendered":"Quand la cigarette du peintre David Hockney fait scandale"},"content":{"rendered":"<p>Nagu\u00e8re, la vie \u00e9tait plus simple\u00a0: les soci\u00e9t\u00e9s d\u2019affichage dans les transports affichaient. Mais, pour <a href=\"https:\/\/mediatransports.com\/la-societe\/nos-engagements-rse\/\" rel=\"nofollow noopener\" target=\"_blank\">MediaTransports<\/a>, la principale d\u2019entre elles, c\u2019est devenu plus compliqu\u00e9 puisque, nous assurant sur son site\u00a0: \u00ab\u00a0MediaTransports, une r\u00e9gie engag\u00e9e. Face aux d\u00e9fis environnementaux et soci\u00e9taux, et soucieux de la ma\u00eetrise des impacts de ses activit\u00e9s, le groupe est engag\u00e9 dans une politique de responsabilit\u00e9 soci\u00e9tale de l\u2019entreprise qui s\u2019applique \u00e0 l\u2019ensemble des soci\u00e9t\u00e9s du groupe. \u00bb<\/p>\n<p>\u00c7a ne veut pas dire grand-chose et, surtout, engage \u00e0 encore moins, sauf quand il s\u2019agit de refuser de placarder les affiches assurant la promotion du r\u00e9cent ouvrage de Jordan Bardella, pr\u00e9sident du Rassemblement national, Ce que je cherche (Fayard). Finalement, <a href=\"https:\/\/x.com\/BVoltaire\/status\/1909876445788205388\" target=\"_blank\" rel=\"noopener nofollow\">les tribunaux en ont d\u00e9cid\u00e9 autrement<\/a>, obligeant cette entreprise \u00e0 faire son m\u00e9tier, ce qui, finalement, n\u2019est tout de m\u00eame pas trop lui demander.<\/p>\n<p>Mieux vaut se droguer que fumer\u2026<\/p>\n<p>Aujourd\u2019hui, la censure frappe \u00e0 nouveau, MediaTransports ayant interdit une nouvelle campagne d\u2019affichage, celle de la <a href=\"https:\/\/www.fondationlouisvuitton.fr\/fr\/evenements\/david-hockney-25\" rel=\"nofollow noopener\" target=\"_blank\">r\u00e9trospective consacr\u00e9e \u00e0 David Hockney<\/a> par la fondation Louis-Vuitton. Le crime de ce peintre anglais\u00a0? Une photo de lui sur l\u2019affiche en question, o\u00f9 il tient une cigarette \u00e0 la main. Comme quoi il n\u2019y a pas que Jordan Bardella qui fasse un tabac. Cit\u00e9 par <a href=\"https:\/\/www.telerama.fr\/arts-expositions\/david-hockney-un-artiste-pro-tabac-en-colere-contre-la-ratp-et-la-loi-evin-7025172.php\" rel=\"nofollow noopener\" target=\"_blank\">T\u00e9l\u00e9rama<\/a>, Jean Fr\u00e9mon, fin connaisseur de l\u2019artiste, s\u2019insurge aussit\u00f4t\u00a0: \u00ab\u00a0La cigarette, c\u2019est le repos apr\u00e8s l\u2019effort, la d\u00e9tente apr\u00e8s la concentration. C\u2019est elle, aussi, qui met en marche l\u2019esprit critique qui va appr\u00e9cier ou corriger l\u2019image. Fumer, pour David Hockney, c\u2019est se relire. \u00bb Il est vrai qu\u2019\u00e0 87 ans, ce n\u2019est probablement pas demain qu\u2019il arr\u00eatera l\u2019herbe de ce brave Jean Nicot. Cela n\u2019a d\u2019ailleurs pas l\u2019air de lui avoir si mal r\u00e9ussi que \u00e7a, surtout lorsque compar\u00e9 \u00e0 un autre peintre, Jean-Michel Basquiat, mort de l\u2019h\u00e9ro\u00efne alors qu\u2019il n\u2019avait pas encore trente ans. Bref, le tabac a l\u2019air de tuer lentement. Voil\u00e0 qui tombe bien, David Hockney n\u2019a jamais \u00e9t\u00e9 du genre press\u00e9.<\/p>\n<p>Quant \u00e0 ces \u00ab d\u00e9fis soci\u00e9taux \u00bb dont MediaTransports semble avoir fait l\u2019une de ses raisons sociales, ils paraissent principalement concerner la lutte contre la cigarette et le populisme tout en n\u00e9gligeant au passage un \u00ab d\u00e9fi \u00bb plus grand encore : ces piscines devenues la marque de fabrique de David Hockney depuis des d\u00e9cennies. Quel bel exemple, pour la sauvegarde de la plan\u00e8te ! Avec tout ce qu\u2019il ce qu\u2019il a peint comme flotte, on aurait s\u00fbrement de quoi ravitailler le Sahara en eau pour au moins un si\u00e8cle. Sans n\u00e9gliger ces \u00e9ph\u00e8bes languissants et amoureusement dessin\u00e9s qui se pr\u00e9lassent au bord des m\u00eames piscines. Voil\u00e0 qui sent bon l\u2019emprise et le harc\u00e8lement \u00e0 plein nez. Que ne ferait-on pas, pour \u00eatre couch\u00e9 sur toile ? On esp\u00e8re pour l\u2019artiste qu&rsquo;il ne les obligeait pas \u00e0 avaler la fum\u00e9e.<\/p>\n<p>Stop \u00e0 la tabacophobie\u00a0!<\/p>\n<p>\u00c0 ce train, les nouveaux puritains s\u2019en prendront bient\u00f4t \u00e0 l\u2019homosexualit\u00e9 revendiqu\u00e9e de notre homme, d\u00e9j\u00e0 stigmatis\u00e9 pour une simple cigarette. Pourtant, David Hockney sans son clope, ce ne serait plus David Hockney. Comme Lucky Luke sans son m\u00e9got. Comme l\u2019inspecteur Maigret, Sherlock Holmes, Jacques Tati, Georges Brassens et le capitaine Haddock sans leur bouffarde.<\/p>\n<p>Pareillement, imagine-t-on Serge Gainsbourg sans sa Gitanes ou Coco Chanel sans son fume-cigarette\u00a0? Non. C\u2019est pourtant ce qui est arriv\u00e9 aux affiches des deux films retra\u00e7ant leur vie, ces deux ic\u00f4nes s\u2019\u00e9tant retrouv\u00e9es tricardes de perlot pour avoir le droit de s\u2019afficher dans les transports publics.<\/p>\n<p>Un sort semblable est \u00e9galement arriv\u00e9 \u00e0 une autre affiche, celle du film Pulp Fiction (1994), de Quentin Tarantino, o\u00f9 Uma Thurman \u00e9tait \u00e0 son tour priv\u00e9e de cigarette. L\u00e0, c\u2019est tout de m\u00eame fort de tabac. Car cette bouse inf\u00e2me \u2013\u00a0quelle mouche a-t-elle bien pu piquer Clint Eastwood, pr\u00e9sident du jury du Festival de Cannes, de lui remettre la Palme d\u2019or\u00a0?\u00a0\u2013 d\u00e9peint complaisamment ultra-violence gratuite, consommation d\u2019h\u00e9ro\u00efne, misogynie p\u00e9nible et tortures sadiques\u00a0; ce qui passe comme une lettre \u00e0 la poste. <a href=\"https:\/\/www.bvoltaire.fr\/plan-anti-tabac-le-fameux-sens-des-priorites-du-gouvernement\/comment-page-1\/\" target=\"_blank\" rel=\"noopener nofollow\">Mais c\u2019est la clope qui coince.<\/a> SEITA d\u00e9sesp\u00e9rer.<\/p>\n<p>                    <a href=\"#\" rel=\"nofollow\" onclick=\"window.print(); pfTrackEvent('Quand la cigarette du peintre David Hockney fait scandale'); return false;\" title=\"Printer Friendly, PDF &amp; Email\"><br \/>\n                    <img decoding=\"async\" src=\"https:\/\/www.europesays.com\/fr\/wp-content\/uploads\/2025\/04\/printfriendly-icon-sm.png\" alt=\"Print Friendly, PDF &amp; Email\" class=\"pf-button-img\" style=\"width: 17px;height: 17px;\"\/>Imprimer, enregistrer en PDF cet article<br \/>\n                    <\/a><\/p>\n","protected":false},"excerpt":{"rendered":"Nagu\u00e8re, la vie \u00e9tait plus simple\u00a0: les soci\u00e9t\u00e9s d\u2019affichage dans les transports affichaient. Mais, pour MediaTransports, la principale&hellip;\n","protected":false},"author":2,"featured_media":25062,"comment_status":"","ping_status":"","sticky":false,"template":"","format":"standard","meta":{"footnotes":""},"categories":[1358],"tags":[1348,1384,1385,9006,1386,58,59,1011,27],"class_list":{"0":"post-25061","1":"post","2":"type-post","3":"status-publish","4":"format-standard","5":"has-post-thumbnail","7":"category-arts-et-design","8":"tag-arts","9":"tag-arts-and-design","10":"tag-arts-et-design","11":"tag-censure","12":"tag-design","13":"tag-divertissement","14":"tag-entertainment","15":"tag-fr","16":"tag-france"},"share_on_mastodon":{"url":"https:\/\/pubeurope.com\/@fr\/114338070716817889","error":""},"_links":{"self":[{"href":"https:\/\/www.europesays.com\/fr\/wp-json\/wp\/v2\/posts\/25061","targetHints":{"allow":["GET"]}}],"collection":[{"href":"https:\/\/www.europesays.com\/fr\/wp-json\/wp\/v2\/posts"}],"about":[{"href":"https:\/\/www.europesays.com\/fr\/wp-json\/wp\/v2\/types\/post"}],"author":[{"embeddable":true,"href":"https:\/\/www.europesays.com\/fr\/wp-json\/wp\/v2\/users\/2"}],"replies":[{"embeddable":true,"href":"https:\/\/www.europesays.com\/fr\/wp-json\/wp\/v2\/comments?post=25061"}],"version-history":[{"count":0,"href":"https:\/\/www.europesays.com\/fr\/wp-json\/wp\/v2\/posts\/25061\/revisions"}],"wp:featuredmedia":[{"embeddable":true,"href":"https:\/\/www.europesays.com\/fr\/wp-json\/wp\/v2\/media\/25062"}],"wp:attachment":[{"href":"https:\/\/www.europesays.com\/fr\/wp-json\/wp\/v2\/media?parent=25061"}],"wp:term":[{"taxonomy":"category","embeddable":true,"href":"https:\/\/www.europesays.com\/fr\/wp-json\/wp\/v2\/categories?post=25061"},{"taxonomy":"post_tag","embeddable":true,"href":"https:\/\/www.europesays.com\/fr\/wp-json\/wp\/v2\/tags?post=25061"}],"curies":[{"name":"wp","href":"https:\/\/api.w.org\/{rel}","templated":true}]}}