{"id":250610,"date":"2025-07-15T02:31:21","date_gmt":"2025-07-15T02:31:21","guid":{"rendered":"https:\/\/www.europesays.com\/fr\/250610\/"},"modified":"2025-07-15T02:31:21","modified_gmt":"2025-07-15T02:31:21","slug":"motogp-assen-la-grille-de-depart-du-grand-prix-des-pays-bas-2025","status":"publish","type":"post","link":"https:\/\/www.europesays.com\/fr\/250610\/","title":{"rendered":"MotoGP Assen &#8211; La grille de d\u00e9part du Grand Prix des Pays-Bas 2025"},"content":{"rendered":"<p style=\"text-align: justify;\"><strong>Retrouvez la grille de d\u00e9part du Grand Prix des Pays-Bas 2025 de MotoGP sur le circuit d\u2019Assen, apr\u00e8s les qualifications de ce samedi 28 juin 2025.<\/strong><\/p>\n<p style=\"text-align: justify;\">\u00c0 l\u2019issue des qualifications ce<strong> samedi 28 juin<\/strong>, d\u00e9couvrez la <strong data-start=\"78\" data-end=\"107\">grille de d\u00e9part compl\u00e8te<\/strong> du <strong data-start=\"111\" data-end=\"143\">Grand Prix des Pays-Bas de MotoGP 2025 \u00e0 Assen<\/strong>. D\u00e9couvrez les positions des pilotes, dont celle des Fran\u00e7ais <strong>Fabio Quartararo<\/strong> (Yamaha Monster Energy) et <strong>Johann Zarco<\/strong> (CASTROL Honda LCR). Qui a d\u00e9croch\u00e9 la pole position sur le circuit n\u00e9erlandais ? D\u00e9but de la Q1 \u00e0 10h50, d\u00e9but de la Q2 \u00e0 11h15.<\/p>\n<p style=\"text-align: justify;\"><strong>Pour rappel, la grille de d\u00e9part est valable pour la course sprint du samedi, ainsi que pour le Grand Prix du dimanche.\u00a0<\/strong><\/p>\n<p>Grille de d\u00e9part du Grand Prix des Pays-Bas MotoGP 2025<br \/>Grille officielle mise \u00e0 jour \u00e0 l\u2019issue des qualifications.<\/p>\n<p>\u00c0 lire aussi<\/p>\n","protected":false},"excerpt":{"rendered":"Retrouvez la grille de d\u00e9part du Grand Prix des Pays-Bas 2025 de MotoGP sur le circuit d\u2019Assen, apr\u00e8s&hellip;\n","protected":false},"author":2,"featured_media":250611,"comment_status":"","ping_status":"","sticky":false,"template":"","format":"standard","meta":{"footnotes":""},"categories":[1413],"tags":[2113,1011,27,39085,1457,1456,1458,39086,60],"class_list":{"0":"post-250610","1":"post","2":"type-post","3":"status-publish","4":"format-standard","5":"has-post-thumbnail","7":"category-moto","8":"tag-breve","9":"tag-fr","10":"tag-france","11":"tag-grand-prix-des-pays-bas-motogp","12":"tag-moto","13":"tag-motocycle","14":"tag-motogp","15":"tag-motogp-pays-bas","16":"tag-sports"},"share_on_mastodon":{"url":"https:\/\/pubeurope.com\/@fr\/114854906104364949","error":""},"_links":{"self":[{"href":"https:\/\/www.europesays.com\/fr\/wp-json\/wp\/v2\/posts\/250610","targetHints":{"allow":["GET"]}}],"collection":[{"href":"https:\/\/www.europesays.com\/fr\/wp-json\/wp\/v2\/posts"}],"about":[{"href":"https:\/\/www.europesays.com\/fr\/wp-json\/wp\/v2\/types\/post"}],"author":[{"embeddable":true,"href":"https:\/\/www.europesays.com\/fr\/wp-json\/wp\/v2\/users\/2"}],"replies":[{"embeddable":true,"href":"https:\/\/www.europesays.com\/fr\/wp-json\/wp\/v2\/comments?post=250610"}],"version-history":[{"count":0,"href":"https:\/\/www.europesays.com\/fr\/wp-json\/wp\/v2\/posts\/250610\/revisions"}],"wp:featuredmedia":[{"embeddable":true,"href":"https:\/\/www.europesays.com\/fr\/wp-json\/wp\/v2\/media\/250611"}],"wp:attachment":[{"href":"https:\/\/www.europesays.com\/fr\/wp-json\/wp\/v2\/media?parent=250610"}],"wp:term":[{"taxonomy":"category","embeddable":true,"href":"https:\/\/www.europesays.com\/fr\/wp-json\/wp\/v2\/categories?post=250610"},{"taxonomy":"post_tag","embeddable":true,"href":"https:\/\/www.europesays.com\/fr\/wp-json\/wp\/v2\/tags?post=250610"}],"curies":[{"name":"wp","href":"https:\/\/api.w.org\/{rel}","templated":true}]}}