{"id":250614,"date":"2025-07-15T02:33:13","date_gmt":"2025-07-15T02:33:13","guid":{"rendered":"https:\/\/www.europesays.com\/fr\/250614\/"},"modified":"2025-07-15T02:33:13","modified_gmt":"2025-07-15T02:33:13","slug":"tdf-tour-de-france-mathis-le-berre-je-me-suis-arrache-pour-kevin-vauquelin","status":"publish","type":"post","link":"https:\/\/www.europesays.com\/fr\/250614\/","title":{"rendered":"TDF. Tour de France &#8211; Mathis Le Berre : \u00abJe me suis arrach\u00e9 pour K\u00e9vin Vauquelin&#8230;\u00bb"},"content":{"rendered":"<p>Un feu d\u2019artifice en ce 14 juillet \u00e9tait au programme de cette 10e \u00e9tape du <strong><a href=\"https:\/\/www.cyclismactu.net\/..\/news-tdf-route-tour-de-france-simon-yates-s-offre-10e-etape-ben-healy-prend-maillot-jaune-88952.html\" target=\"_blank\" rel=\"nofollow noopener\">Tour de France<\/a><\/strong> entre Emmezat et le Mont-Dore Puy de Sancy. Pas moins de huit c\u00f4tes r\u00e9pertori\u00e9es, avec plus de 4307 m\u00e8tres de d\u00e9nivel\u00e9 sur 165 km, qui ont vu le Britannique, vainqueur du <strong>Tour d\u2019Italie<\/strong> en mai dernier,<a href=\"https:\/\/www.cyclismactu.net\/..\/news-tdf-route-tour-de-france-simon-yates-je-suis-conscient-que-c-est-tout-pour-vingegaard-88955.html\" target=\"_blank\" rel=\"nofollow noopener\"> <strong>Simon Yates<\/strong><\/a> (Team Visma | Lease a Bike) s\u2019imposer et devancer <strong>Thymen Arensman<\/strong> (INEOS Grenadiers) et <strong>Ben Healy<\/strong> (EF Education-EasyPost), le nouveau leader du classement g\u00e9n\u00e9ral. Dans le peloton, <strong>K\u00e9vin Vauquelin<\/strong> (Ark\u00e9a B&amp;B Hotels) a tent\u00e9 de s\u2019accrocher, mais a malheureusement perdu pr\u00e8s de 45 secondes sur <strong>Tadej Pogacar<\/strong> (UAE Team Emirates-XRG) et<strong> Jonas Vingegaard<\/strong> (Team Visma | Lease a Bike). Le co\u00e9quipier du Normand, <strong>Mathis Le Berre<\/strong> (Ark\u00e9a B&amp;B Hotels), est revenu \u00e0 notre micro de <strong>Cyclism&rsquo;Actu<\/strong> sur cette \u00e9tape qui a fait mal aux organismes, en cette veille de journ\u00e9e de repos.<\/p>\n<p>Vid\u00e9o &#8211; Mathis Le Berre, au micro de Cyclism&rsquo;Actu Lire la suite de l&rsquo;article&#13;<\/p>\n<p>\u00a0<\/p>\n<p>&#13;<br \/>\n<strong>\u00ab\u00a0On est \u00e0 notre place&#8230;\u00a0\u00bb<\/strong>&#13;<\/p>\n<p>\u00ab\u00a0On a fait l\u2019\u00e9tape du mieux possible, avec Raul [Garcia Pierna] devant\u00a0\u00bb, d\u00e9bute le Breton. \u00ab\u00a0De mon c\u00f4t\u00e9, j\u2019ai eu un petit coup de retard au d\u00e9part. Je suis rentr\u00e9 avec Geraint Thomas, je me suis mis une belle cartouche. Ensuite, j\u2019ai r\u00e9ussi \u00e0 rester le plus longtemps possible avec K\u00e9vin [Vauquelin], pour essayer de lui apporter mon soutien. Pour moi, qui n&rsquo;est pas un grimpeur, ce qui est dur, c\u2019est la r\u00e9p\u00e9tition des mont\u00e9es\u2026 et surtout le tempo. Franchement, on a roul\u00e9 \u00e0 bloc toute la journ\u00e9e. Peut-\u00eatre qu\u2019ils arrivent avec cinq minutes d\u2019avance, mais je ne comprends pas comment : on roulait d\u00e9j\u00e0 \u00e0 fond. Je pense que les gars de UAE ne peuvent pas rouler beaucoup plus vite, Politt et les autres. C\u2019est impressionnant, la vitesse. C\u2019\u00e9tait une vraie journ\u00e9e.<\/p>\n<p>&#13;<\/p>\n<p>Physiquement, je pense que \u00e7a allait. Je ne pensais pas aller aussi loin, car ce ne sont pas forc\u00e9ment mes qualit\u00e9s premi\u00e8res. Mais je me suis arrach\u00e9 pour K\u00e9vin, parce que c\u2019est un bon mec. Et puis c\u2019est important qu\u2019il ait du monde autour de lui. M\u00eame si c\u2019est juste pour lui passer deux-trois bidons ou deux-trois gels, c\u2019est toujours utile. Non, on est \u00e0 notre place. De toute fa\u00e7on, je sais que sur des \u00e9tapes comme celle-l\u00e0, je ne peux pas jouer la gagne. Mais je suis un peu multit\u00e2che : j\u2019essaie de prot\u00e9ger Arnaud [D\u00e9mare] pour les sprints, K\u00e9vin quand \u00e7a grimpe un peu. Et moi, je me plais dans ce r\u00f4le. C\u2019\u00e9tait un sacr\u00e9 chantier aujourd\u2019hui. J\u2019ai fait la Vuelta l\u2019ann\u00e9e derni\u00e8re, mais sur une journ\u00e9e comme celle-l\u00e0\u2026 \u00e7a montait quand m\u00eame plus vite. J\u2019\u00e9tais tout le temps \u00e0 mon seuil, quasiment 20 minutes \u00e0 bloc dans chaque mont\u00e9e. Franchement, c\u2019\u00e9tait une journ\u00e9e tr\u00e8s difficile. Et puis il y a d\u00e9j\u00e0 de la fatigue, hein. Faut pas se mentir : il y a de la tension tous les jours dans le peloton, avec les bordures et tout \u00e7a. C\u2019est dur mentalement, et physiquement aussi. Une bonne journ\u00e9e de repos va faire du bien. Mais il faut quand m\u00eame rouler un peu, sinon le lendemain, j\u2019ai mal aux pattes. Non, franchement, on a un bon collectif, une bonne ambiance, et chacun trouve sa place\u00a0\u00bb, conclut <strong>Mathis Le Berre<\/strong> \u00e0 notre micro de <strong>Cyclism&rsquo;Actu<\/strong>.<\/p>\n<p>Tour de France &#8211; Classement de la 10\u00e8 \u00e9tape Tour de France &#8211; Classement g\u00e9n\u00e9ral provisoire apr\u00e8s la 10\u00e8 \u00e9tape<\/p>\n","protected":false},"excerpt":{"rendered":"Un feu d\u2019artifice en ce 14 juillet \u00e9tait au programme de cette 10e \u00e9tape du Tour de France&hellip;\n","protected":false},"author":2,"featured_media":250615,"comment_status":"","ping_status":"","sticky":false,"template":"","format":"standard","meta":{"footnotes":""},"categories":[1411],"tags":[1154,207,211,1011,27,209,60,210,212,208,213],"class_list":{"0":"post-250614","1":"post","2":"type-post","3":"status-publish","4":"format-standard","5":"has-post-thumbnail","7":"category-cyclisme","8":"tag-cycling","9":"tag-cyclisme","10":"tag-ffc","11":"tag-fr","12":"tag-france","13":"tag-route","14":"tag-sports","15":"tag-tour-de-france","16":"tag-uci","17":"tag-velo","18":"tag-world-tour"},"share_on_mastodon":{"url":"https:\/\/pubeurope.com\/@fr\/114854913878133936","error":""},"_links":{"self":[{"href":"https:\/\/www.europesays.com\/fr\/wp-json\/wp\/v2\/posts\/250614","targetHints":{"allow":["GET"]}}],"collection":[{"href":"https:\/\/www.europesays.com\/fr\/wp-json\/wp\/v2\/posts"}],"about":[{"href":"https:\/\/www.europesays.com\/fr\/wp-json\/wp\/v2\/types\/post"}],"author":[{"embeddable":true,"href":"https:\/\/www.europesays.com\/fr\/wp-json\/wp\/v2\/users\/2"}],"replies":[{"embeddable":true,"href":"https:\/\/www.europesays.com\/fr\/wp-json\/wp\/v2\/comments?post=250614"}],"version-history":[{"count":0,"href":"https:\/\/www.europesays.com\/fr\/wp-json\/wp\/v2\/posts\/250614\/revisions"}],"wp:featuredmedia":[{"embeddable":true,"href":"https:\/\/www.europesays.com\/fr\/wp-json\/wp\/v2\/media\/250615"}],"wp:attachment":[{"href":"https:\/\/www.europesays.com\/fr\/wp-json\/wp\/v2\/media?parent=250614"}],"wp:term":[{"taxonomy":"category","embeddable":true,"href":"https:\/\/www.europesays.com\/fr\/wp-json\/wp\/v2\/categories?post=250614"},{"taxonomy":"post_tag","embeddable":true,"href":"https:\/\/www.europesays.com\/fr\/wp-json\/wp\/v2\/tags?post=250614"}],"curies":[{"name":"wp","href":"https:\/\/api.w.org\/{rel}","templated":true}]}}